{"id":9162,"date":"2017-09-18T18:51:20","date_gmt":"2017-09-18T16:51:20","guid":{"rendered":"http:\/\/www.naturparkmagazin.de\/vdn\/?p=9162"},"modified":"2017-09-28T13:39:36","modified_gmt":"2017-09-28T11:39:36","slug":"qualitaetsarbeit-23-naturparke-ausgezeichnet","status":"publish","type":"post","link":"https:\/\/www.naturparkmagazin.de\/vdn\/qualitaetsarbeit-23-naturparke-ausgezeichnet\/","title":{"rendered":"\u201eQualit\u00e4tsarbeit!\u201c \u2013 23 Naturparke ausgezeichnet"},"content":{"rendered":"<div id=\"attachment_9223\" style=\"width: 510px\" class=\"wp-caption aligncenter\"><a href=\"https:\/\/www.naturparkmagazin.de\/vdn\/wp-content\/uploads\/sites\/3\/Qualit\u00e4tsoffensive_2017_Beitrag.jpg\"><img aria-describedby=\"caption-attachment-9223\" decoding=\"async\" loading=\"lazy\" class=\"size-full wp-image-9223\" src=\"https:\/\/www.naturparkmagazin.de\/vdn\/wp-content\/uploads\/sites\/3\/Qualit\u00e4tsoffensive_2017_Beitrag.jpg\" alt=\"Qualit\u00e4tsoffensive 2017 - Copyright:VDN\" width=\"500\" height=\"300\" srcset=\"https:\/\/www.naturparkmagazin.de\/vdn\/wp-content\/uploads\/sites\/3\/Qualit\u00e4tsoffensive_2017_Beitrag.jpg 500w, https:\/\/www.naturparkmagazin.de\/vdn\/wp-content\/uploads\/sites\/3\/Qualit\u00e4tsoffensive_2017_Beitrag-300x180.jpg 300w, https:\/\/www.naturparkmagazin.de\/vdn\/wp-content\/uploads\/sites\/3\/Qualit\u00e4tsoffensive_2017_Beitrag-200x120.jpg 200w\" sizes=\"(max-width: 500px) 100vw, 500px\" \/><\/a><p id=\"caption-attachment-9223\" class=\"wp-caption-text\">Qualit\u00e4tsoffensive 2017 &#8211; Copyright:VDN<\/p><\/div>\n<p>23 Naturparke wurden am 21. September 2017 im Rahmen der \u201eQualit\u00e4tsoffensive Naturparke\u201c auf der Er\u00f6ffnungsveranstaltung des Deutschen Naturpark-Tages 2017 im Naturpark Hoher Fl\u00e4ming ausgezeichnet. Die Auszeichnung wurde vom Pr\u00e4sidenten des Verbandes Deutscher Naturparke (VDN), Dr. Michael Arndt, gemeinsam mit J\u00f6rg Vogels\u00e4nger, Minister f\u00fcr L\u00e4ndliche Entwicklung, Umwelt und Landwirtschaft des Landes Brandenburg und Christian Stein, 1. Beigeordneter und stellv. Landrat des Landkreises Potsdam-Mittelmark, vor rund 100 Vertreter\/innen aus 47 deutschen Naturparke vorgenommen.<\/p>\n<p>Als \u201eQualit\u00e4ts-Naturpark\u201c wurden die Naturparke Westhavelland (Brandenburg), Neckartal-Odenwald (Baden-W\u00fcrttemberg), Nagelfluhkette,\u00a0Spessart (Bayern) Kellerwald-Edersee, Taunus, Vulkanregion Vogelsberg (Hessen) Bourtanger Moor \u2013 Bargerveen, L\u00fcneburger Heide (Niedersachsen), Arnsberger Wald, Diemelsee, Rheinland (NRW), Fl\u00e4ming, Unteres Saaletal (Sachsen-Anhalt) Holsteinische Schweiz, Lauenburgische Seen (Schleswig-Holstein) und Eichsfeld-Hainich-Werratal, Kyffh\u00e4user und Th\u00fcringer Schiefergebirge\/Obere Saale (Th\u00fcringen) ausgezeichnet. Die Naturparke Aukrug, H\u00fcttener Berge, Schlei und Westensee (Schleswig-Holstein) erhielten die Auszeichnung \u201ePartner Qualit\u00e4tsoffensive Naturparke\u201c.<\/p>\n<p>Die \u201eQualit\u00e4tsoffensive Naturparke\u201c hat der VDN mit Unterst\u00fctzung des Bundesamtes f\u00fcr Naturschutz mit Mitteln des Bundesministeriums f\u00fcr Umwelt, Naturschutz und Reaktorsicherheit entwickelt und im \u201eJahr der Naturparke\u201c 2006 gestartet. Sie unterst\u00fctzt die Naturparke in ihren Aufgabenbereichen Naturschutz, nachhaltiger Tourismus, Umweltbildung sowie nachhaltige Regionalentwicklung. Eine st\u00e4ndig weiter steigende Qualit\u00e4t der Arbeit und Angebote der Naturparke ist ebenso das Ziel wie eine bessere Unterst\u00fctzung ihrer Arbeit in Gesellschaft, Wirtschaft und Politik.<\/p>\n<p>&gt;&gt; <a href=\"http:\/\/www.naturparke.de\/parks\/quality\" target=\"_blank\">Hier finden Sie weitere Informationen zur Qualit\u00e4tsoffensive Naturparke<\/a><\/p>\n<p><a href=\"https:\/\/www.naturparke.de\/service\/presse\/pressemitteilungen\/nachricht\/qualitaetsarbeit-23-naturparke-auf-dem-deutschen-naturpark-tag-ausgezeichnet.html\" target=\"_blank\">&gt;&gt; Hier k\u00f6nnen Sie die Pressemitteilung downloaden<\/a><\/p>\n<p>&nbsp;<\/p>\n","protected":false},"excerpt":{"rendered":"<p>23 Naturparke wurden am 21. September 2017 im Rahmen der \u201eQualit\u00e4tsoffensive Naturparke\u201c auf der Er\u00f6ffnungsveranstaltung des Deutschen Naturpark-Tages 2017 im Naturpark Hoher Fl\u00e4ming ausgezeichnet.<\/p>\n","protected":false},"author":73,"featured_media":9225,"comment_status":"open","ping_status":"open","sticky":false,"template":"","format":"standard","meta":{"_links_to":"","_links_to_target":""},"categories":[7],"tags":[],"yoast_head":"<!-- This site is optimized with the Yoast SEO plugin v19.10 - https:\/\/yoast.com\/wordpress\/plugins\/seo\/ -->\n<title>\u201eQualit\u00e4tsarbeit!\u201c \u2013 23 Naturparke ausgezeichnet<\/title>\n<meta name=\"description\" content=\"23 Naturparke wurden am 21. September 2017 im Rahmen der \u201eQualit\u00e4tsoffensive Naturparke\u201c auf der Er\u00f6ffnungsveranstaltung des Deutschen Naturpark-Tages 2017 im Naturpark Hoher Fl\u00e4ming ausgezeichnet.\" \/>\n<meta name=\"robots\" content=\"index, follow, max-snippet:-1, max-image-preview:large, max-video-preview:-1\" \/>\n<link rel=\"canonical\" href=\"https:\/\/www.naturparkmagazin.de\/vdn\/qualitaetsarbeit-23-naturparke-ausgezeichnet\/\" \/>\n<meta property=\"og:locale\" content=\"de_DE\" \/>\n<meta property=\"og:type\" content=\"article\" \/>\n<meta property=\"og:title\" content=\"\u201eQualit\u00e4tsarbeit!\u201c \u2013 23 Naturparke ausgezeichnet\" \/>\n<meta property=\"og:description\" content=\"23 Naturparke wurden am 21. September 2017 im Rahmen der \u201eQualit\u00e4tsoffensive Naturparke\u201c auf der Er\u00f6ffnungsveranstaltung des Deutschen Naturpark-Tages 2017 im Naturpark Hoher Fl\u00e4ming ausgezeichnet.\" \/>\n<meta property=\"og:url\" content=\"https:\/\/www.naturparkmagazin.de\/vdn\/qualitaetsarbeit-23-naturparke-ausgezeichnet\/\" \/>\n<meta property=\"og:site_name\" content=\"Verband Deutscher Naturparke\" \/>\n<meta property=\"article:published_time\" content=\"2017-09-18T16:51:20+00:00\" \/>\n<meta property=\"article:modified_time\" content=\"2017-09-28T11:39:36+00:00\" \/>\n<meta property=\"og:image\" content=\"https:\/\/www.naturparkmagazin.de\/vdn\/wp-content\/uploads\/sites\/3\/Qualit\u00e4tsoffensive_2017_Beitragsbild.jpg\" \/>\n\t<meta property=\"og:image:width\" content=\"200\" \/>\n\t<meta property=\"og:image:height\" content=\"200\" \/>\n\t<meta property=\"og:image:type\" content=\"image\/jpeg\" \/>\n<meta name=\"author\" content=\"manuelamerz\" \/>\n<meta name=\"twitter:label1\" content=\"Verfasst von\" \/>\n\t<meta name=\"twitter:data1\" content=\"manuelamerz\" \/>\n\t<meta name=\"twitter:label2\" content=\"Gesch\u00e4tzte Lesezeit\" \/>\n\t<meta name=\"twitter:data2\" content=\"1\u00a0Minute\" \/>\n<script type=\"application\/ld+json\" class=\"yoast-schema-graph\">{\"@context\":\"https:\/\/schema.org\",\"@graph\":[{\"@type\":\"WebPage\",\"@id\":\"https:\/\/www.naturparkmagazin.de\/vdn\/qualitaetsarbeit-23-naturparke-ausgezeichnet\/\",\"url\":\"https:\/\/www.naturparkmagazin.de\/vdn\/qualitaetsarbeit-23-naturparke-ausgezeichnet\/\",\"name\":\"\u201eQualit\u00e4tsarbeit!\u201c \u2013 23 Naturparke ausgezeichnet\",\"isPartOf\":{\"@id\":\"https:\/\/www.naturparkmagazin.de\/vdn\/#website\"},\"datePublished\":\"2017-09-18T16:51:20+00:00\",\"dateModified\":\"2017-09-28T11:39:36+00:00\",\"author\":{\"@id\":\"https:\/\/www.naturparkmagazin.de\/vdn\/#\/schema\/person\/3cff9b8773ed55f0189255fa9adfd57c\"},\"description\":\"23 Naturparke wurden am 21. September 2017 im Rahmen der \u201eQualit\u00e4tsoffensive Naturparke\u201c auf der Er\u00f6ffnungsveranstaltung des Deutschen Naturpark-Tages 2017 im Naturpark Hoher Fl\u00e4ming ausgezeichnet.\",\"breadcrumb\":{\"@id\":\"https:\/\/www.naturparkmagazin.de\/vdn\/qualitaetsarbeit-23-naturparke-ausgezeichnet\/#breadcrumb\"},\"inLanguage\":\"de\",\"potentialAction\":[{\"@type\":\"ReadAction\",\"target\":[\"https:\/\/www.naturparkmagazin.de\/vdn\/qualitaetsarbeit-23-naturparke-ausgezeichnet\/\"]}]},{\"@type\":\"BreadcrumbList\",\"@id\":\"https:\/\/www.naturparkmagazin.de\/vdn\/qualitaetsarbeit-23-naturparke-ausgezeichnet\/#breadcrumb\",\"itemListElement\":[{\"@type\":\"ListItem\",\"position\":1,\"name\":\"Home\",\"item\":\"https:\/\/www.naturparkmagazin.de\/vdn\/\"},{\"@type\":\"ListItem\",\"position\":2,\"name\":\"\u201eQualit\u00e4tsarbeit!\u201c \u2013 23 Naturparke ausgezeichnet\"}]},{\"@type\":\"WebSite\",\"@id\":\"https:\/\/www.naturparkmagazin.de\/vdn\/#website\",\"url\":\"https:\/\/www.naturparkmagazin.de\/vdn\/\",\"name\":\"Verband Deutscher Naturparke\",\"description\":\"Eine weitere Naturparkmagazin.de Netzwerk Seite\",\"potentialAction\":[{\"@type\":\"SearchAction\",\"target\":{\"@type\":\"EntryPoint\",\"urlTemplate\":\"https:\/\/www.naturparkmagazin.de\/vdn\/?s={search_term_string}\"},\"query-input\":\"required name=search_term_string\"}],\"inLanguage\":\"de\"},{\"@type\":\"Person\",\"@id\":\"https:\/\/www.naturparkmagazin.de\/vdn\/#\/schema\/person\/3cff9b8773ed55f0189255fa9adfd57c\",\"name\":\"manuelamerz\",\"url\":\"https:\/\/www.naturparkmagazin.de\/vdn\/author\/manuelamerz\/\"}]}<\/script>\n<!-- \/ Yoast SEO plugin. -->","yoast_head_json":{"title":"\u201eQualit\u00e4tsarbeit!\u201c \u2013 23 Naturparke ausgezeichnet","description":"23 Naturparke wurden am 21. September 2017 im Rahmen der \u201eQualit\u00e4tsoffensive Naturparke\u201c auf der Er\u00f6ffnungsveranstaltung des Deutschen Naturpark-Tages 2017 im Naturpark Hoher Fl\u00e4ming ausgezeichnet.","robots":{"index":"index","follow":"follow","max-snippet":"max-snippet:-1","max-image-preview":"max-image-preview:large","max-video-preview":"max-video-preview:-1"},"canonical":"https:\/\/www.naturparkmagazin.de\/vdn\/qualitaetsarbeit-23-naturparke-ausgezeichnet\/","og_locale":"de_DE","og_type":"article","og_title":"\u201eQualit\u00e4tsarbeit!\u201c \u2013 23 Naturparke ausgezeichnet","og_description":"23 Naturparke wurden am 21. September 2017 im Rahmen der \u201eQualit\u00e4tsoffensive Naturparke\u201c auf der Er\u00f6ffnungsveranstaltung des Deutschen Naturpark-Tages 2017 im Naturpark Hoher Fl\u00e4ming ausgezeichnet.","og_url":"https:\/\/www.naturparkmagazin.de\/vdn\/qualitaetsarbeit-23-naturparke-ausgezeichnet\/","og_site_name":"Verband Deutscher Naturparke","article_published_time":"2017-09-18T16:51:20+00:00","article_modified_time":"2017-09-28T11:39:36+00:00","og_image":[{"width":200,"height":200,"url":"https:\/\/www.naturparkmagazin.de\/vdn\/wp-content\/uploads\/sites\/3\/Qualit\u00e4tsoffensive_2017_Beitragsbild.jpg","type":"image\/jpeg"}],"author":"manuelamerz","twitter_misc":{"Verfasst von":"manuelamerz","Gesch\u00e4tzte Lesezeit":"1\u00a0Minute"},"schema":{"@context":"https:\/\/schema.org","@graph":[{"@type":"WebPage","@id":"https:\/\/www.naturparkmagazin.de\/vdn\/qualitaetsarbeit-23-naturparke-ausgezeichnet\/","url":"https:\/\/www.naturparkmagazin.de\/vdn\/qualitaetsarbeit-23-naturparke-ausgezeichnet\/","name":"\u201eQualit\u00e4tsarbeit!\u201c \u2013 23 Naturparke ausgezeichnet","isPartOf":{"@id":"https:\/\/www.naturparkmagazin.de\/vdn\/#website"},"datePublished":"2017-09-18T16:51:20+00:00","dateModified":"2017-09-28T11:39:36+00:00","author":{"@id":"https:\/\/www.naturparkmagazin.de\/vdn\/#\/schema\/person\/3cff9b8773ed55f0189255fa9adfd57c"},"description":"23 Naturparke wurden am 21. September 2017 im Rahmen der \u201eQualit\u00e4tsoffensive Naturparke\u201c auf der Er\u00f6ffnungsveranstaltung des Deutschen Naturpark-Tages 2017 im Naturpark Hoher Fl\u00e4ming ausgezeichnet.","breadcrumb":{"@id":"https:\/\/www.naturparkmagazin.de\/vdn\/qualitaetsarbeit-23-naturparke-ausgezeichnet\/#breadcrumb"},"inLanguage":"de","potentialAction":[{"@type":"ReadAction","target":["https:\/\/www.naturparkmagazin.de\/vdn\/qualitaetsarbeit-23-naturparke-ausgezeichnet\/"]}]},{"@type":"BreadcrumbList","@id":"https:\/\/www.naturparkmagazin.de\/vdn\/qualitaetsarbeit-23-naturparke-ausgezeichnet\/#breadcrumb","itemListElement":[{"@type":"ListItem","position":1,"name":"Home","item":"https:\/\/www.naturparkmagazin.de\/vdn\/"},{"@type":"ListItem","position":2,"name":"\u201eQualit\u00e4tsarbeit!\u201c \u2013 23 Naturparke ausgezeichnet"}]},{"@type":"WebSite","@id":"https:\/\/www.naturparkmagazin.de\/vdn\/#website","url":"https:\/\/www.naturparkmagazin.de\/vdn\/","name":"Verband Deutscher Naturparke","description":"Eine weitere Naturparkmagazin.de Netzwerk Seite","potentialAction":[{"@type":"SearchAction","target":{"@type":"EntryPoint","urlTemplate":"https:\/\/www.naturparkmagazin.de\/vdn\/?s={search_term_string}"},"query-input":"required name=search_term_string"}],"inLanguage":"de"},{"@type":"Person","@id":"https:\/\/www.naturparkmagazin.de\/vdn\/#\/schema\/person\/3cff9b8773ed55f0189255fa9adfd57c","name":"manuelamerz","url":"https:\/\/www.naturparkmagazin.de\/vdn\/author\/manuelamerz\/"}]}},"_links":{"self":[{"href":"https:\/\/www.naturparkmagazin.de\/vdn\/wp-json\/wp\/v2\/posts\/9162"}],"collection":[{"href":"https:\/\/www.naturparkmagazin.de\/vdn\/wp-json\/wp\/v2\/posts"}],"about":[{"href":"https:\/\/www.naturparkmagazin.de\/vdn\/wp-json\/wp\/v2\/types\/post"}],"author":[{"embeddable":true,"href":"https:\/\/www.naturparkmagazin.de\/vdn\/wp-json\/wp\/v2\/users\/73"}],"replies":[{"embeddable":true,"href":"https:\/\/www.naturparkmagazin.de\/vdn\/wp-json\/wp\/v2\/comments?post=9162"}],"version-history":[{"count":8,"href":"https:\/\/www.naturparkmagazin.de\/vdn\/wp-json\/wp\/v2\/posts\/9162\/revisions"}],"predecessor-version":[{"id":9229,"href":"https:\/\/www.naturparkmagazin.de\/vdn\/wp-json\/wp\/v2\/posts\/9162\/revisions\/9229"}],"wp:featuredmedia":[{"embeddable":true,"href":"https:\/\/www.naturparkmagazin.de\/vdn\/wp-json\/wp\/v2\/media\/9225"}],"wp:attachment":[{"href":"https:\/\/www.naturparkmagazin.de\/vdn\/wp-json\/wp\/v2\/media?parent=9162"}],"wp:term":[{"taxonomy":"category","embeddable":true,"href":"https:\/\/www.naturparkmagazin.de\/vdn\/wp-json\/wp\/v2\/categories?post=9162"},{"taxonomy":"post_tag","embeddable":true,"href":"https:\/\/www.naturparkmagazin.de\/vdn\/wp-json\/wp\/v2\/tags?post=9162"}],"curies":[{"name":"wp","href":"https:\/\/api.w.org\/{rel}","templated":true}]}}