{"id":9176,"date":"2017-09-18T12:37:42","date_gmt":"2017-09-18T10:37:42","guid":{"rendered":"http:\/\/www.naturparkmagazin.de\/vdn\/?p=9176"},"modified":"2017-10-04T12:24:07","modified_gmt":"2017-10-04T10:24:07","slug":"geschmacksverstaerker-regionale-produkte-aus-naturparken","status":"publish","type":"post","link":"https:\/\/www.naturparkmagazin.de\/vdn\/geschmacksverstaerker-regionale-produkte-aus-naturparken\/","title":{"rendered":"\u201eGeschmacksverst\u00e4rker\u201c \u2013 Regionale Produkte aus Naturparken"},"content":{"rendered":"<div id=\"attachment_9181\" style=\"width: 510px\" class=\"wp-caption alignnone\"><a href=\"https:\/\/www.naturparkmagazin.de\/vdn\/wp-content\/uploads\/sites\/3\/weinlandb.jpg\"><img aria-describedby=\"caption-attachment-9181\" decoding=\"async\" loading=\"lazy\" class=\"size-full wp-image-9181\" src=\"https:\/\/www.naturparkmagazin.de\/vdn\/wp-content\/uploads\/sites\/3\/weinlandb.jpg\" alt=\"Weinland \u00a9 VDN \/ Matze\" width=\"500\" height=\"300\" srcset=\"https:\/\/www.naturparkmagazin.de\/vdn\/wp-content\/uploads\/sites\/3\/weinlandb.jpg 500w, https:\/\/www.naturparkmagazin.de\/vdn\/wp-content\/uploads\/sites\/3\/weinlandb-300x180.jpg 300w, https:\/\/www.naturparkmagazin.de\/vdn\/wp-content\/uploads\/sites\/3\/weinlandb-200x120.jpg 200w\" sizes=\"(max-width: 500px) 100vw, 500px\" \/><\/a><p id=\"caption-attachment-9181\" class=\"wp-caption-text\">Weinland \u00a9 VDN \/ Matze<\/p><\/div>\n<p>Wissen Sie, wie das Altm\u00fchltal, die Hessische Rh\u00f6n oder der Schw\u00e4bisch-Fr\u00e4nkische Wald schmecken? Regionale Produkte und Regionalmarken gewinnen in Naturparken in Kooperation mit den Erzeugern und der Gastronomie immer mehr an Bedeutung f\u00fcr die regionale Wertsch\u00f6pfung. Naturparke sind hier h\u00e4ufig Initiator oder Partner wie die Naturparke Hohes Venn-Eifel und S\u00fcdeifel bei der Regionalmarke \u201eEifel\u201c, der Naturpark D\u00fcbener Heide bei der Regionalmarke \u201eBestes aus der D\u00fcbener Heide\u201c, die Naturparke S\u00fcdschwarzwald und Schwarzwald Mitte\/Nord bei der Regionalmarke \u201eecht Schwarzwald\u201c, der Naturpark Bergisches Land bei der Regionalmarke \u201eBergisch pur\u201c und der Naturpark Altm\u00fchltal bei der Marke \u201eAltm\u00fchltaler Lamm\u201c.<\/p>\n<p>Mit dem Naturpark-Spezialit\u00e4ten-Shop hat der Verband Deutscher Naturparke die M\u00f6glichkeit geschaffen, Produkte und Spezialit\u00e4ten aus den verschiedensten Regionen Deutschlands kennen zu lernen. Mit den Angeboten des Online-Shops k\u00f6nnen Sie eine kulinarische Reise durch Deutschlands Naturparke ganz nach Ihrem eigenen Geschmack gestalten oder lieben Freunden und Verwandten eine ganz besondere \u00dcberraschung bereiten: Einen Wein aus dem Pf\u00e4lzer Wald genie\u00dfen, dazu ger\u00f6stete K\u00fcrbiskerne aus dem Naturpark Nuthe-Nieplitz oder einen Wurstaufstrich aus dem Hohen Fl\u00e4ming mit Senf aus dem Naturpark Barnim.<\/p>\n<p>Im Naturpark-Spezialit\u00e4ten-Shop finden Sie in verschiedensten Kategorien beispielsweise Wein, S\u00fc\u00dfes &amp; Geb\u00e4ck, Br\u00e4nde &amp; Lik\u00f6r, Marmelade &amp; Fruchtaufstriche und vielen weiteren Produkte von ganz besonderem Genuss. Mit dem Kauf leisten Sie einen konkreten Beitrag zum Erhalt sch\u00f6ner Erlebnis- und Erholungsr\u00e4ume und unterst\u00fctzen eine nachhaltige Landwirtschaft mit ihren Betrieben und Produzenten.<\/p>\n<p>&nbsp;<\/p>\n<p><strong>Naturgenuss GmbH<\/strong><\/p>\n<p>Nobelstra\u00dfe 20<\/p>\n<p>12057 Berlin<\/p>\n<p>&nbsp;<\/p>\n<p><strong>Telefon:<\/strong>\u00a0\u00a0030 | 68 08 56 866<\/p>\n<p><strong>Fax: \u00a0<\/strong>\u00a0\u00a0\u00a0\u00a0 \u00a0 030 | 68 08 56 865<\/p>\n<p>&nbsp;<\/p>\n<p><strong>mail:\u00a0\u00a0 <a href=\"http:\/\/info@naturgenuss.de\">info@naturgenuss.de<\/a><\/strong><\/p>\n<p>&nbsp;<\/p>\n<p>&nbsp;<\/p>\n<p>&nbsp;<\/p>\n","protected":false},"excerpt":{"rendered":"<p>Regionale Produkte und Regionalmarken gewinnen in Naturparken immer mehr an Bedeutung f\u00fcr die regionale Wertsch\u00f6pfung. <\/p>\n","protected":false},"author":73,"featured_media":9182,"comment_status":"open","ping_status":"open","sticky":false,"template":"","format":"standard","meta":{"_links_to":"","_links_to_target":""},"categories":[51],"tags":[],"yoast_head":"<!-- This site is optimized with the Yoast SEO plugin v19.10 - https:\/\/yoast.com\/wordpress\/plugins\/seo\/ -->\n<title>\u201eGeschmacksverst\u00e4rker\u201c \u2013 Regionale Produkte aus Naturparken<\/title>\n<meta name=\"description\" content=\"Regionale Produkte und Regionalmarken gewinnen in Naturparken immer mehr an Bedeutung f\u00fcr die regionale Wertsch\u00f6pfung.\" \/>\n<meta name=\"robots\" content=\"index, follow, max-snippet:-1, max-image-preview:large, max-video-preview:-1\" \/>\n<link rel=\"canonical\" href=\"https:\/\/www.naturparkmagazin.de\/vdn\/geschmacksverstaerker-regionale-produkte-aus-naturparken\/\" \/>\n<meta property=\"og:locale\" content=\"de_DE\" \/>\n<meta property=\"og:type\" content=\"article\" \/>\n<meta property=\"og:title\" content=\"\u201eGeschmacksverst\u00e4rker\u201c \u2013 Regionale Produkte aus Naturparken\" \/>\n<meta property=\"og:description\" content=\"Regionale Produkte und Regionalmarken gewinnen in Naturparken immer mehr an Bedeutung f\u00fcr die regionale Wertsch\u00f6pfung.\" \/>\n<meta property=\"og:url\" content=\"https:\/\/www.naturparkmagazin.de\/vdn\/geschmacksverstaerker-regionale-produkte-aus-naturparken\/\" \/>\n<meta property=\"og:site_name\" content=\"Verband Deutscher Naturparke\" \/>\n<meta property=\"article:published_time\" content=\"2017-09-18T10:37:42+00:00\" \/>\n<meta property=\"article:modified_time\" content=\"2017-10-04T10:24:07+00:00\" \/>\n<meta property=\"og:image\" content=\"https:\/\/www.naturparkmagazin.de\/vdn\/wp-content\/uploads\/sites\/3\/weinlandbf.jpg\" \/>\n\t<meta property=\"og:image:width\" content=\"200\" \/>\n\t<meta property=\"og:image:height\" content=\"200\" \/>\n\t<meta property=\"og:image:type\" content=\"image\/jpeg\" \/>\n<meta name=\"author\" content=\"manuelamerz\" \/>\n<meta name=\"twitter:label1\" content=\"Verfasst von\" \/>\n\t<meta name=\"twitter:data1\" content=\"manuelamerz\" \/>\n\t<meta name=\"twitter:label2\" content=\"Gesch\u00e4tzte Lesezeit\" \/>\n\t<meta name=\"twitter:data2\" content=\"1\u00a0Minute\" \/>\n<script type=\"application\/ld+json\" class=\"yoast-schema-graph\">{\"@context\":\"https:\/\/schema.org\",\"@graph\":[{\"@type\":\"WebPage\",\"@id\":\"https:\/\/www.naturparkmagazin.de\/vdn\/geschmacksverstaerker-regionale-produkte-aus-naturparken\/\",\"url\":\"https:\/\/www.naturparkmagazin.de\/vdn\/geschmacksverstaerker-regionale-produkte-aus-naturparken\/\",\"name\":\"\u201eGeschmacksverst\u00e4rker\u201c \u2013 Regionale Produkte aus Naturparken\",\"isPartOf\":{\"@id\":\"https:\/\/www.naturparkmagazin.de\/vdn\/#website\"},\"datePublished\":\"2017-09-18T10:37:42+00:00\",\"dateModified\":\"2017-10-04T10:24:07+00:00\",\"author\":{\"@id\":\"https:\/\/www.naturparkmagazin.de\/vdn\/#\/schema\/person\/3cff9b8773ed55f0189255fa9adfd57c\"},\"description\":\"Regionale Produkte und Regionalmarken gewinnen in Naturparken immer mehr an Bedeutung f\u00fcr die regionale Wertsch\u00f6pfung.\",\"breadcrumb\":{\"@id\":\"https:\/\/www.naturparkmagazin.de\/vdn\/geschmacksverstaerker-regionale-produkte-aus-naturparken\/#breadcrumb\"},\"inLanguage\":\"de\",\"potentialAction\":[{\"@type\":\"ReadAction\",\"target\":[\"https:\/\/www.naturparkmagazin.de\/vdn\/geschmacksverstaerker-regionale-produkte-aus-naturparken\/\"]}]},{\"@type\":\"BreadcrumbList\",\"@id\":\"https:\/\/www.naturparkmagazin.de\/vdn\/geschmacksverstaerker-regionale-produkte-aus-naturparken\/#breadcrumb\",\"itemListElement\":[{\"@type\":\"ListItem\",\"position\":1,\"name\":\"Home\",\"item\":\"https:\/\/www.naturparkmagazin.de\/vdn\/\"},{\"@type\":\"ListItem\",\"position\":2,\"name\":\"\u201eGeschmacksverst\u00e4rker\u201c \u2013 Regionale Produkte aus Naturparken\"}]},{\"@type\":\"WebSite\",\"@id\":\"https:\/\/www.naturparkmagazin.de\/vdn\/#website\",\"url\":\"https:\/\/www.naturparkmagazin.de\/vdn\/\",\"name\":\"Verband Deutscher Naturparke\",\"description\":\"Eine weitere Naturparkmagazin.de Netzwerk Seite\",\"potentialAction\":[{\"@type\":\"SearchAction\",\"target\":{\"@type\":\"EntryPoint\",\"urlTemplate\":\"https:\/\/www.naturparkmagazin.de\/vdn\/?s={search_term_string}\"},\"query-input\":\"required name=search_term_string\"}],\"inLanguage\":\"de\"},{\"@type\":\"Person\",\"@id\":\"https:\/\/www.naturparkmagazin.de\/vdn\/#\/schema\/person\/3cff9b8773ed55f0189255fa9adfd57c\",\"name\":\"manuelamerz\",\"url\":\"https:\/\/www.naturparkmagazin.de\/vdn\/author\/manuelamerz\/\"}]}<\/script>\n<!-- \/ Yoast SEO plugin. -->","yoast_head_json":{"title":"\u201eGeschmacksverst\u00e4rker\u201c \u2013 Regionale Produkte aus Naturparken","description":"Regionale Produkte und Regionalmarken gewinnen in Naturparken immer mehr an Bedeutung f\u00fcr die regionale Wertsch\u00f6pfung.","robots":{"index":"index","follow":"follow","max-snippet":"max-snippet:-1","max-image-preview":"max-image-preview:large","max-video-preview":"max-video-preview:-1"},"canonical":"https:\/\/www.naturparkmagazin.de\/vdn\/geschmacksverstaerker-regionale-produkte-aus-naturparken\/","og_locale":"de_DE","og_type":"article","og_title":"\u201eGeschmacksverst\u00e4rker\u201c \u2013 Regionale Produkte aus Naturparken","og_description":"Regionale Produkte und Regionalmarken gewinnen in Naturparken immer mehr an Bedeutung f\u00fcr die regionale Wertsch\u00f6pfung.","og_url":"https:\/\/www.naturparkmagazin.de\/vdn\/geschmacksverstaerker-regionale-produkte-aus-naturparken\/","og_site_name":"Verband Deutscher Naturparke","article_published_time":"2017-09-18T10:37:42+00:00","article_modified_time":"2017-10-04T10:24:07+00:00","og_image":[{"width":200,"height":200,"url":"https:\/\/www.naturparkmagazin.de\/vdn\/wp-content\/uploads\/sites\/3\/weinlandbf.jpg","type":"image\/jpeg"}],"author":"manuelamerz","twitter_misc":{"Verfasst von":"manuelamerz","Gesch\u00e4tzte Lesezeit":"1\u00a0Minute"},"schema":{"@context":"https:\/\/schema.org","@graph":[{"@type":"WebPage","@id":"https:\/\/www.naturparkmagazin.de\/vdn\/geschmacksverstaerker-regionale-produkte-aus-naturparken\/","url":"https:\/\/www.naturparkmagazin.de\/vdn\/geschmacksverstaerker-regionale-produkte-aus-naturparken\/","name":"\u201eGeschmacksverst\u00e4rker\u201c \u2013 Regionale Produkte aus Naturparken","isPartOf":{"@id":"https:\/\/www.naturparkmagazin.de\/vdn\/#website"},"datePublished":"2017-09-18T10:37:42+00:00","dateModified":"2017-10-04T10:24:07+00:00","author":{"@id":"https:\/\/www.naturparkmagazin.de\/vdn\/#\/schema\/person\/3cff9b8773ed55f0189255fa9adfd57c"},"description":"Regionale Produkte und Regionalmarken gewinnen in Naturparken immer mehr an Bedeutung f\u00fcr die regionale Wertsch\u00f6pfung.","breadcrumb":{"@id":"https:\/\/www.naturparkmagazin.de\/vdn\/geschmacksverstaerker-regionale-produkte-aus-naturparken\/#breadcrumb"},"inLanguage":"de","potentialAction":[{"@type":"ReadAction","target":["https:\/\/www.naturparkmagazin.de\/vdn\/geschmacksverstaerker-regionale-produkte-aus-naturparken\/"]}]},{"@type":"BreadcrumbList","@id":"https:\/\/www.naturparkmagazin.de\/vdn\/geschmacksverstaerker-regionale-produkte-aus-naturparken\/#breadcrumb","itemListElement":[{"@type":"ListItem","position":1,"name":"Home","item":"https:\/\/www.naturparkmagazin.de\/vdn\/"},{"@type":"ListItem","position":2,"name":"\u201eGeschmacksverst\u00e4rker\u201c \u2013 Regionale Produkte aus Naturparken"}]},{"@type":"WebSite","@id":"https:\/\/www.naturparkmagazin.de\/vdn\/#website","url":"https:\/\/www.naturparkmagazin.de\/vdn\/","name":"Verband Deutscher Naturparke","description":"Eine weitere Naturparkmagazin.de Netzwerk Seite","potentialAction":[{"@type":"SearchAction","target":{"@type":"EntryPoint","urlTemplate":"https:\/\/www.naturparkmagazin.de\/vdn\/?s={search_term_string}"},"query-input":"required name=search_term_string"}],"inLanguage":"de"},{"@type":"Person","@id":"https:\/\/www.naturparkmagazin.de\/vdn\/#\/schema\/person\/3cff9b8773ed55f0189255fa9adfd57c","name":"manuelamerz","url":"https:\/\/www.naturparkmagazin.de\/vdn\/author\/manuelamerz\/"}]}},"_links":{"self":[{"href":"https:\/\/www.naturparkmagazin.de\/vdn\/wp-json\/wp\/v2\/posts\/9176"}],"collection":[{"href":"https:\/\/www.naturparkmagazin.de\/vdn\/wp-json\/wp\/v2\/posts"}],"about":[{"href":"https:\/\/www.naturparkmagazin.de\/vdn\/wp-json\/wp\/v2\/types\/post"}],"author":[{"embeddable":true,"href":"https:\/\/www.naturparkmagazin.de\/vdn\/wp-json\/wp\/v2\/users\/73"}],"replies":[{"embeddable":true,"href":"https:\/\/www.naturparkmagazin.de\/vdn\/wp-json\/wp\/v2\/comments?post=9176"}],"version-history":[{"count":9,"href":"https:\/\/www.naturparkmagazin.de\/vdn\/wp-json\/wp\/v2\/posts\/9176\/revisions"}],"predecessor-version":[{"id":9268,"href":"https:\/\/www.naturparkmagazin.de\/vdn\/wp-json\/wp\/v2\/posts\/9176\/revisions\/9268"}],"wp:featuredmedia":[{"embeddable":true,"href":"https:\/\/www.naturparkmagazin.de\/vdn\/wp-json\/wp\/v2\/media\/9182"}],"wp:attachment":[{"href":"https:\/\/www.naturparkmagazin.de\/vdn\/wp-json\/wp\/v2\/media?parent=9176"}],"wp:term":[{"taxonomy":"category","embeddable":true,"href":"https:\/\/www.naturparkmagazin.de\/vdn\/wp-json\/wp\/v2\/categories?post=9176"},{"taxonomy":"post_tag","embeddable":true,"href":"https:\/\/www.naturparkmagazin.de\/vdn\/wp-json\/wp\/v2\/tags?post=9176"}],"curies":[{"name":"wp","href":"https:\/\/api.w.org\/{rel}","templated":true}]}}