{"id":9241,"date":"2017-09-18T14:54:09","date_gmt":"2017-09-18T12:54:09","guid":{"rendered":"http:\/\/www.naturparkmagazin.de\/vdn\/?p=9241"},"modified":"2017-09-28T13:39:16","modified_gmt":"2017-09-28T11:39:16","slug":"burg-rabenstein","status":"publish","type":"post","link":"https:\/\/www.naturparkmagazin.de\/vdn\/burg-rabenstein\/","title":{"rendered":"Burg Rabenstein"},"content":{"rendered":"<div id=\"attachment_9242\" style=\"width: 510px\" class=\"wp-caption alignnone\"><a href=\"https:\/\/www.naturparkmagazin.de\/vdn\/wp-content\/uploads\/sites\/3\/Burg_Rabenstein_Prominent_beitrag_Copyright_Dirk_Fr\u00f6hlich.jpg\"><img aria-describedby=\"caption-attachment-9242\" decoding=\"async\" loading=\"lazy\" class=\"size-full wp-image-9242\" src=\"https:\/\/www.naturparkmagazin.de\/vdn\/wp-content\/uploads\/sites\/3\/Burg_Rabenstein_Prominent_beitrag_Copyright_Dirk_Fr\u00f6hlich.jpg\" alt=\"Burg Rabenstein \u00a9 Dirk Fr\u00f6hlich\" width=\"500\" height=\"300\" srcset=\"https:\/\/www.naturparkmagazin.de\/vdn\/wp-content\/uploads\/sites\/3\/Burg_Rabenstein_Prominent_beitrag_Copyright_Dirk_Fr\u00f6hlich.jpg 500w, https:\/\/www.naturparkmagazin.de\/vdn\/wp-content\/uploads\/sites\/3\/Burg_Rabenstein_Prominent_beitrag_Copyright_Dirk_Fr\u00f6hlich-300x180.jpg 300w, https:\/\/www.naturparkmagazin.de\/vdn\/wp-content\/uploads\/sites\/3\/Burg_Rabenstein_Prominent_beitrag_Copyright_Dirk_Fr\u00f6hlich-200x120.jpg 200w\" sizes=\"(max-width: 500px) 100vw, 500px\" \/><\/a><p id=\"caption-attachment-9242\" class=\"wp-caption-text\">Burg Rabenstein \u00a9 Dirk Fr\u00f6hlich<\/p><\/div>\n<p>Oberhalb des kleinen Dorfes Raben thront auf dem 153 Meter hohen &#8222;Steilen Hagen&#8220; die stolze Burg Rabenstein. Sie wurde Mitte des 12. Jahrhunderts als Stra\u00dfenwarte angelegt. Durch seine Lage und Wehrbauten galt der Rabenstein lange Zeit als uneinnehmbar. Vom 30 Meter hohen Bergfried hat man eine herrliche Aussicht \u00fcber den waldreichen Hohen Fl\u00e4ming. Im Burgvorhof findet man Brunnen, Scheune und Backhaus; im Wirtshaus wird gespeist und im Rittersaal gefeiert. Zu Ostern um im September finden auf der Burg sehenswerte Mittelalterspektakel statt.<\/p>\n<p>&gt;&gt; <a href=\"http:\/\/www.burgrabenstein.de\/\" target=\"_blank\">Hier finden Sie weitere Informationen zur Burg Rabenstein<\/a><\/p>\n<p>&nbsp;<\/p>\n<p>&nbsp;<\/p>\n","protected":false},"excerpt":{"rendered":"<p>Sie ist wahrscheinlich die urspr\u00fcnglichste aller Fl\u00e4mingburgen. Und ebenso scheint auch die Landschaft rund um die Burg besonders nat\u00fcrlich und unber\u00fchrt.<\/p>\n","protected":false},"author":73,"featured_media":9261,"comment_status":"open","ping_status":"open","sticky":false,"template":"","format":"standard","meta":{"_links_to":"","_links_to_target":""},"categories":[8],"tags":[],"yoast_head":"<!-- This site is optimized with the Yoast SEO plugin v19.10 - https:\/\/yoast.com\/wordpress\/plugins\/seo\/ -->\n<title>Burg Rabenstein<\/title>\n<meta name=\"description\" content=\"Sie ist wahrscheinlich die urspr\u00fcnglichste aller Fl\u00e4mingburgen. Und ebenso scheint auch die Landschaft rund um die Burg besonders nat\u00fcrlich und unber\u00fchrt.\" \/>\n<meta name=\"robots\" content=\"index, follow, max-snippet:-1, max-image-preview:large, max-video-preview:-1\" \/>\n<link rel=\"canonical\" href=\"https:\/\/www.naturparkmagazin.de\/vdn\/burg-rabenstein\/\" \/>\n<meta property=\"og:locale\" content=\"de_DE\" \/>\n<meta property=\"og:type\" content=\"article\" \/>\n<meta property=\"og:title\" content=\"Burg Rabenstein\" \/>\n<meta property=\"og:description\" content=\"Sie ist wahrscheinlich die urspr\u00fcnglichste aller Fl\u00e4mingburgen. Und ebenso scheint auch die Landschaft rund um die Burg besonders nat\u00fcrlich und unber\u00fchrt.\" \/>\n<meta property=\"og:url\" content=\"https:\/\/www.naturparkmagazin.de\/vdn\/burg-rabenstein\/\" \/>\n<meta property=\"og:site_name\" content=\"Verband Deutscher Naturparke\" \/>\n<meta property=\"article:published_time\" content=\"2017-09-18T12:54:09+00:00\" \/>\n<meta property=\"article:modified_time\" content=\"2017-09-28T11:39:16+00:00\" \/>\n<meta property=\"og:image\" content=\"https:\/\/www.naturparkmagazin.de\/vdn\/wp-content\/uploads\/sites\/3\/Burg_Rabenstein_Prominent_beitragsbild_Copyright_Dirk_Fr\u00f6hlich1.jpg\" \/>\n\t<meta property=\"og:image:width\" content=\"200\" \/>\n\t<meta property=\"og:image:height\" content=\"200\" \/>\n\t<meta property=\"og:image:type\" content=\"image\/jpeg\" \/>\n<meta name=\"author\" content=\"manuelamerz\" \/>\n<meta name=\"twitter:label1\" content=\"Verfasst von\" \/>\n\t<meta name=\"twitter:data1\" content=\"manuelamerz\" \/>\n\t<meta name=\"twitter:label2\" content=\"Gesch\u00e4tzte Lesezeit\" \/>\n\t<meta name=\"twitter:data2\" content=\"1\u00a0Minute\" \/>\n<script type=\"application\/ld+json\" class=\"yoast-schema-graph\">{\"@context\":\"https:\/\/schema.org\",\"@graph\":[{\"@type\":\"WebPage\",\"@id\":\"https:\/\/www.naturparkmagazin.de\/vdn\/burg-rabenstein\/\",\"url\":\"https:\/\/www.naturparkmagazin.de\/vdn\/burg-rabenstein\/\",\"name\":\"Burg Rabenstein\",\"isPartOf\":{\"@id\":\"https:\/\/www.naturparkmagazin.de\/vdn\/#website\"},\"datePublished\":\"2017-09-18T12:54:09+00:00\",\"dateModified\":\"2017-09-28T11:39:16+00:00\",\"author\":{\"@id\":\"https:\/\/www.naturparkmagazin.de\/vdn\/#\/schema\/person\/3cff9b8773ed55f0189255fa9adfd57c\"},\"description\":\"Sie ist wahrscheinlich die urspr\u00fcnglichste aller Fl\u00e4mingburgen. Und ebenso scheint auch die Landschaft rund um die Burg besonders nat\u00fcrlich und unber\u00fchrt.\",\"breadcrumb\":{\"@id\":\"https:\/\/www.naturparkmagazin.de\/vdn\/burg-rabenstein\/#breadcrumb\"},\"inLanguage\":\"de\",\"potentialAction\":[{\"@type\":\"ReadAction\",\"target\":[\"https:\/\/www.naturparkmagazin.de\/vdn\/burg-rabenstein\/\"]}]},{\"@type\":\"BreadcrumbList\",\"@id\":\"https:\/\/www.naturparkmagazin.de\/vdn\/burg-rabenstein\/#breadcrumb\",\"itemListElement\":[{\"@type\":\"ListItem\",\"position\":1,\"name\":\"Home\",\"item\":\"https:\/\/www.naturparkmagazin.de\/vdn\/\"},{\"@type\":\"ListItem\",\"position\":2,\"name\":\"Burg Rabenstein\"}]},{\"@type\":\"WebSite\",\"@id\":\"https:\/\/www.naturparkmagazin.de\/vdn\/#website\",\"url\":\"https:\/\/www.naturparkmagazin.de\/vdn\/\",\"name\":\"Verband Deutscher Naturparke\",\"description\":\"Eine weitere Naturparkmagazin.de Netzwerk Seite\",\"potentialAction\":[{\"@type\":\"SearchAction\",\"target\":{\"@type\":\"EntryPoint\",\"urlTemplate\":\"https:\/\/www.naturparkmagazin.de\/vdn\/?s={search_term_string}\"},\"query-input\":\"required name=search_term_string\"}],\"inLanguage\":\"de\"},{\"@type\":\"Person\",\"@id\":\"https:\/\/www.naturparkmagazin.de\/vdn\/#\/schema\/person\/3cff9b8773ed55f0189255fa9adfd57c\",\"name\":\"manuelamerz\",\"url\":\"https:\/\/www.naturparkmagazin.de\/vdn\/author\/manuelamerz\/\"}]}<\/script>\n<!-- \/ Yoast SEO plugin. -->","yoast_head_json":{"title":"Burg Rabenstein","description":"Sie ist wahrscheinlich die urspr\u00fcnglichste aller Fl\u00e4mingburgen. Und ebenso scheint auch die Landschaft rund um die Burg besonders nat\u00fcrlich und unber\u00fchrt.","robots":{"index":"index","follow":"follow","max-snippet":"max-snippet:-1","max-image-preview":"max-image-preview:large","max-video-preview":"max-video-preview:-1"},"canonical":"https:\/\/www.naturparkmagazin.de\/vdn\/burg-rabenstein\/","og_locale":"de_DE","og_type":"article","og_title":"Burg Rabenstein","og_description":"Sie ist wahrscheinlich die urspr\u00fcnglichste aller Fl\u00e4mingburgen. Und ebenso scheint auch die Landschaft rund um die Burg besonders nat\u00fcrlich und unber\u00fchrt.","og_url":"https:\/\/www.naturparkmagazin.de\/vdn\/burg-rabenstein\/","og_site_name":"Verband Deutscher Naturparke","article_published_time":"2017-09-18T12:54:09+00:00","article_modified_time":"2017-09-28T11:39:16+00:00","og_image":[{"width":200,"height":200,"url":"https:\/\/www.naturparkmagazin.de\/vdn\/wp-content\/uploads\/sites\/3\/Burg_Rabenstein_Prominent_beitragsbild_Copyright_Dirk_Fr\u00f6hlich1.jpg","type":"image\/jpeg"}],"author":"manuelamerz","twitter_misc":{"Verfasst von":"manuelamerz","Gesch\u00e4tzte Lesezeit":"1\u00a0Minute"},"schema":{"@context":"https:\/\/schema.org","@graph":[{"@type":"WebPage","@id":"https:\/\/www.naturparkmagazin.de\/vdn\/burg-rabenstein\/","url":"https:\/\/www.naturparkmagazin.de\/vdn\/burg-rabenstein\/","name":"Burg Rabenstein","isPartOf":{"@id":"https:\/\/www.naturparkmagazin.de\/vdn\/#website"},"datePublished":"2017-09-18T12:54:09+00:00","dateModified":"2017-09-28T11:39:16+00:00","author":{"@id":"https:\/\/www.naturparkmagazin.de\/vdn\/#\/schema\/person\/3cff9b8773ed55f0189255fa9adfd57c"},"description":"Sie ist wahrscheinlich die urspr\u00fcnglichste aller Fl\u00e4mingburgen. Und ebenso scheint auch die Landschaft rund um die Burg besonders nat\u00fcrlich und unber\u00fchrt.","breadcrumb":{"@id":"https:\/\/www.naturparkmagazin.de\/vdn\/burg-rabenstein\/#breadcrumb"},"inLanguage":"de","potentialAction":[{"@type":"ReadAction","target":["https:\/\/www.naturparkmagazin.de\/vdn\/burg-rabenstein\/"]}]},{"@type":"BreadcrumbList","@id":"https:\/\/www.naturparkmagazin.de\/vdn\/burg-rabenstein\/#breadcrumb","itemListElement":[{"@type":"ListItem","position":1,"name":"Home","item":"https:\/\/www.naturparkmagazin.de\/vdn\/"},{"@type":"ListItem","position":2,"name":"Burg Rabenstein"}]},{"@type":"WebSite","@id":"https:\/\/www.naturparkmagazin.de\/vdn\/#website","url":"https:\/\/www.naturparkmagazin.de\/vdn\/","name":"Verband Deutscher Naturparke","description":"Eine weitere Naturparkmagazin.de Netzwerk Seite","potentialAction":[{"@type":"SearchAction","target":{"@type":"EntryPoint","urlTemplate":"https:\/\/www.naturparkmagazin.de\/vdn\/?s={search_term_string}"},"query-input":"required name=search_term_string"}],"inLanguage":"de"},{"@type":"Person","@id":"https:\/\/www.naturparkmagazin.de\/vdn\/#\/schema\/person\/3cff9b8773ed55f0189255fa9adfd57c","name":"manuelamerz","url":"https:\/\/www.naturparkmagazin.de\/vdn\/author\/manuelamerz\/"}]}},"_links":{"self":[{"href":"https:\/\/www.naturparkmagazin.de\/vdn\/wp-json\/wp\/v2\/posts\/9241"}],"collection":[{"href":"https:\/\/www.naturparkmagazin.de\/vdn\/wp-json\/wp\/v2\/posts"}],"about":[{"href":"https:\/\/www.naturparkmagazin.de\/vdn\/wp-json\/wp\/v2\/types\/post"}],"author":[{"embeddable":true,"href":"https:\/\/www.naturparkmagazin.de\/vdn\/wp-json\/wp\/v2\/users\/73"}],"replies":[{"embeddable":true,"href":"https:\/\/www.naturparkmagazin.de\/vdn\/wp-json\/wp\/v2\/comments?post=9241"}],"version-history":[{"count":6,"href":"https:\/\/www.naturparkmagazin.de\/vdn\/wp-json\/wp\/v2\/posts\/9241\/revisions"}],"predecessor-version":[{"id":9258,"href":"https:\/\/www.naturparkmagazin.de\/vdn\/wp-json\/wp\/v2\/posts\/9241\/revisions\/9258"}],"wp:featuredmedia":[{"embeddable":true,"href":"https:\/\/www.naturparkmagazin.de\/vdn\/wp-json\/wp\/v2\/media\/9261"}],"wp:attachment":[{"href":"https:\/\/www.naturparkmagazin.de\/vdn\/wp-json\/wp\/v2\/media?parent=9241"}],"wp:term":[{"taxonomy":"category","embeddable":true,"href":"https:\/\/www.naturparkmagazin.de\/vdn\/wp-json\/wp\/v2\/categories?post=9241"},{"taxonomy":"post_tag","embeddable":true,"href":"https:\/\/www.naturparkmagazin.de\/vdn\/wp-json\/wp\/v2\/tags?post=9241"}],"curies":[{"name":"wp","href":"https:\/\/api.w.org\/{rel}","templated":true}]}}