{"id":9277,"date":"2017-10-16T12:10:09","date_gmt":"2017-10-16T10:10:09","guid":{"rendered":"http:\/\/www.naturparkmagazin.de\/vdn\/?p=9277"},"modified":"2017-10-16T15:12:51","modified_gmt":"2017-10-16T13:12:51","slug":"naturpark-arnsberger-wald","status":"publish","type":"post","link":"https:\/\/www.naturparkmagazin.de\/vdn\/naturpark-arnsberger-wald\/","title":{"rendered":"Naturpark Arnsberger Wald"},"content":{"rendered":"<div id=\"attachment_9279\" style=\"width: 510px\" class=\"wp-caption alignnone\"><a href=\"https:\/\/www.naturparkmagazin.de\/vdn\/wp-content\/uploads\/sites\/3\/Morgenstimmungb.jpg\"><img aria-describedby=\"caption-attachment-9279\" decoding=\"async\" loading=\"lazy\" class=\"size-full wp-image-9279\" src=\"https:\/\/www.naturparkmagazin.de\/vdn\/wp-content\/uploads\/sites\/3\/Morgenstimmungb.jpg\" alt=\"Morgenstimmung\u00a9VDN\/Thomas Ramme\" width=\"500\" height=\"300\" srcset=\"https:\/\/www.naturparkmagazin.de\/vdn\/wp-content\/uploads\/sites\/3\/Morgenstimmungb.jpg 500w, https:\/\/www.naturparkmagazin.de\/vdn\/wp-content\/uploads\/sites\/3\/Morgenstimmungb-300x180.jpg 300w, https:\/\/www.naturparkmagazin.de\/vdn\/wp-content\/uploads\/sites\/3\/Morgenstimmungb-200x120.jpg 200w\" sizes=\"(max-width: 500px) 100vw, 500px\" \/><\/a><p id=\"caption-attachment-9279\" class=\"wp-caption-text\">Morgenstimmung\u00a9VDN\/Thomas Ramme<\/p><\/div>\n<p>Der Naturpark &#8222;Arnsberger Wald&#8220; befindet sich in reizvoller Lage am S\u00fcdrand der westf\u00e4lischen Bucht. Er wird im Norden durch den Haarstrang und im S\u00fcden durch das Ruhrtal begrenzt.<\/p>\n<p>Ein insgesamt 650 km umfassendes Wegenetz l\u00e4dt den Wanderer und Spazierg\u00e4nger zu ausgedehnten Touren durch die sich voneinander abhebenden vier Landschaften &#8211; Haarstrang, M\u00f6hnetal, Arnsberger Wald und Arnsberger Ruhrtal &#8211; ein.<\/p>\n<div id=\"attachment_9280\" style=\"width: 510px\" class=\"wp-caption alignnone\"><a href=\"https:\/\/www.naturparkmagazin.de\/vdn\/wp-content\/uploads\/sites\/3\/DSC00155b.jpg\"><img aria-describedby=\"caption-attachment-9280\" decoding=\"async\" loading=\"lazy\" class=\"size-full wp-image-9280\" src=\"https:\/\/www.naturparkmagazin.de\/vdn\/wp-content\/uploads\/sites\/3\/DSC00155b.jpg\" alt=\"Herbst im M\u00f6hnetal\u00a9VDN\/Ferdinand Oster\" width=\"500\" height=\"300\" srcset=\"https:\/\/www.naturparkmagazin.de\/vdn\/wp-content\/uploads\/sites\/3\/DSC00155b.jpg 500w, https:\/\/www.naturparkmagazin.de\/vdn\/wp-content\/uploads\/sites\/3\/DSC00155b-300x180.jpg 300w, https:\/\/www.naturparkmagazin.de\/vdn\/wp-content\/uploads\/sites\/3\/DSC00155b-200x120.jpg 200w\" sizes=\"(max-width: 500px) 100vw, 500px\" \/><\/a><p id=\"caption-attachment-9280\" class=\"wp-caption-text\">Herbst im M\u00f6hnetal\u00a9VDN\/Ferdinand Oster<\/p><\/div>\n<p>Der M\u00f6hnesee als weithin landschaftlich pr\u00e4gendes Element entstand erst 1913 mit dem Bau der Talsperrenmauer. Heute gilt die M\u00f6hnetalsperre als fl\u00e4chengr\u00f6\u00dfter Stausee in Nordrhein-Westfalen. Da der See jedoch nicht der direkten Trinkwasserversorgung dient, bietet sich eine F\u00fclle von naturbezogenen und modernen Freizeitm\u00f6glichkeiten, vom Schwimmen und Angeln bis hin zum Segeln und Surfen.<\/p>\n<div id=\"attachment_9281\" style=\"width: 510px\" class=\"wp-caption alignnone\"><a href=\"https:\/\/www.naturparkmagazin.de\/vdn\/wp-content\/uploads\/sites\/3\/Herbst_2005-21_editedb.jpg\"><img aria-describedby=\"caption-attachment-9281\" decoding=\"async\" loading=\"lazy\" class=\"size-full wp-image-9281\" src=\"https:\/\/www.naturparkmagazin.de\/vdn\/wp-content\/uploads\/sites\/3\/Herbst_2005-21_editedb.jpg\" alt=\"Herbst am M\u00f6hnesee\u00a9VDN\/Helmut Krick\" width=\"500\" height=\"300\" srcset=\"https:\/\/www.naturparkmagazin.de\/vdn\/wp-content\/uploads\/sites\/3\/Herbst_2005-21_editedb.jpg 500w, https:\/\/www.naturparkmagazin.de\/vdn\/wp-content\/uploads\/sites\/3\/Herbst_2005-21_editedb-300x180.jpg 300w, https:\/\/www.naturparkmagazin.de\/vdn\/wp-content\/uploads\/sites\/3\/Herbst_2005-21_editedb-200x120.jpg 200w\" sizes=\"(max-width: 500px) 100vw, 500px\" \/><\/a><p id=\"caption-attachment-9281\" class=\"wp-caption-text\">Herbst am M\u00f6hnesee\u00a9VDN\/Helmut Krick<\/p><\/div>\n<p>Waldlehrpfade im Bibertal (R\u00fcthen) und an der Bilsteinh\u00f6hle (Warstein) geben Auskunft \u00fcber die Besonderheiten des Waldes und informieren \u00fcber interessante und liebenswerte Details.<\/p>\n<p>Der Naturpark unterh\u00e4lt dar\u00fcber hinaus auch Rast- und Spielpl\u00e4tze mit ausgezeichneten Freizeitm\u00f6glichkeiten, wobei besonders die Stationen &#8222;Himmelpforten&#8220; (Ense), &#8222;Bibertal&#8220; (R\u00fcthen), &#8222;Rabennest&#8220; (Kallenhardt), Waldspielplatz &#8222;Victoria&#8220; (Warstein) und &#8222;Am Evenkopf&#8220; (Eversberg) hervorzuheben sind.<\/p>\n<div id=\"attachment_9282\" style=\"width: 510px\" class=\"wp-caption alignnone\"><a href=\"https:\/\/www.naturparkmagazin.de\/vdn\/wp-content\/uploads\/sites\/3\/DSC06003-2b.jpg\"><img aria-describedby=\"caption-attachment-9282\" decoding=\"async\" loading=\"lazy\" class=\"size-full wp-image-9282\" src=\"https:\/\/www.naturparkmagazin.de\/vdn\/wp-content\/uploads\/sites\/3\/DSC06003-2b.jpg\" alt=\"Schein der Abendsonne\u00a9VDN\/E. Behrens\" width=\"500\" height=\"300\" srcset=\"https:\/\/www.naturparkmagazin.de\/vdn\/wp-content\/uploads\/sites\/3\/DSC06003-2b.jpg 500w, https:\/\/www.naturparkmagazin.de\/vdn\/wp-content\/uploads\/sites\/3\/DSC06003-2b-300x180.jpg 300w, https:\/\/www.naturparkmagazin.de\/vdn\/wp-content\/uploads\/sites\/3\/DSC06003-2b-200x120.jpg 200w\" sizes=\"(max-width: 500px) 100vw, 500px\" \/><\/a><p id=\"caption-attachment-9282\" class=\"wp-caption-text\">Schein der Abendsonne\u00a9VDN\/E. Behrens<\/p><\/div>\n<p>Ein besonderes Bonbon f\u00fcr alle Besucher ist das Wildgehege an der Bilsteinh\u00f6hle in Warstein, wo Hobby-Geologen und -Biologen gleicherma\u00dfen auf ihre Kosten kommen.<\/p>\n<p>Zus\u00e4tzlich sind dort ganzj\u00e4hrig verschiedene Veranstaltungen, Exkursionen, p\u00e4dagogische Programme, F\u00fchrungen und Fahrradverleih im Angebot.<\/p>\n<div id=\"attachment_9283\" style=\"width: 310px\" class=\"wp-caption alignnone\"><a href=\"https:\/\/www.naturparkmagazin.de\/vdn\/wp-content\/uploads\/sites\/3\/Ballonfahrtb.jpg\"><img aria-describedby=\"caption-attachment-9283\" decoding=\"async\" loading=\"lazy\" class=\"size-full wp-image-9283\" src=\"https:\/\/www.naturparkmagazin.de\/vdn\/wp-content\/uploads\/sites\/3\/Ballonfahrtb.jpg\" alt=\"Morgenlicht\u00a9VDN\/J. G\u00f6lz\" width=\"300\" height=\"500\" srcset=\"https:\/\/www.naturparkmagazin.de\/vdn\/wp-content\/uploads\/sites\/3\/Ballonfahrtb.jpg 300w, https:\/\/www.naturparkmagazin.de\/vdn\/wp-content\/uploads\/sites\/3\/Ballonfahrtb-200x333.jpg 200w\" sizes=\"(max-width: 300px) 100vw, 300px\" \/><\/a><p id=\"caption-attachment-9283\" class=\"wp-caption-text\">Morgenlicht\u00a9VDN\/J. G\u00f6lz<\/p><\/div>\n","protected":false},"excerpt":{"rendered":"<p>Der Naturpark &#8222;Arnsberger Wald&#8220; befindet sich in reizvoller Lage am S\u00fcdrand der westf\u00e4lischen Bucht. Er wird im Norden durch den Haarstrang und im S\u00fcden durch das Ruhrtal begrenzt. Ein insgesamt 650 km umfassendes Wegenetz l\u00e4dt  Wanderer und Spazierg\u00e4nger zu ausgedehnten Touren durch die sich voneinander abhebenden vier Landschaften &#8211; Haarstrang, M\u00f6hnetal, Arnsberger Wald und Arnsberger Ruhrtal &#8211; ein.<\/p>\n","protected":false},"author":73,"featured_media":9278,"comment_status":"open","ping_status":"open","sticky":false,"template":"","format":"standard","meta":{"_links_to":"","_links_to_target":""},"categories":[15],"tags":[],"yoast_head":"<!-- This site is optimized with the Yoast SEO plugin v19.10 - https:\/\/yoast.com\/wordpress\/plugins\/seo\/ -->\n<title>Naturpark Arnsberger Wald<\/title>\n<meta name=\"description\" content=\"Der Naturpark &quot;Arnsberger Wald&quot; befindet sich in reizvoller Lage am S\u00fcdrand der westf\u00e4lischen Bucht. Er wird im Norden durch den Haarstrang und im S\u00fcden durch das Ruhrtal begrenzt. Ein insgesamt 650 km umfassendes Wegenetz l\u00e4dt Wanderer und Spazierg\u00e4nger zu ausgedehnten Touren durch die sich voneinander abhebenden vier Landschaften - Haarstrang, M\u00f6hnetal, Arnsberger Wald und Arnsberger Ruhrtal - ein.\" \/>\n<meta name=\"robots\" content=\"index, follow, max-snippet:-1, max-image-preview:large, max-video-preview:-1\" \/>\n<link rel=\"canonical\" href=\"https:\/\/www.naturparkmagazin.de\/vdn\/naturpark-arnsberger-wald\/\" \/>\n<meta property=\"og:locale\" content=\"de_DE\" \/>\n<meta property=\"og:type\" content=\"article\" \/>\n<meta property=\"og:title\" content=\"Naturpark Arnsberger Wald\" \/>\n<meta property=\"og:description\" content=\"Der Naturpark &quot;Arnsberger Wald&quot; befindet sich in reizvoller Lage am S\u00fcdrand der westf\u00e4lischen Bucht. Er wird im Norden durch den Haarstrang und im S\u00fcden durch das Ruhrtal begrenzt. Ein insgesamt 650 km umfassendes Wegenetz l\u00e4dt Wanderer und Spazierg\u00e4nger zu ausgedehnten Touren durch die sich voneinander abhebenden vier Landschaften - Haarstrang, M\u00f6hnetal, Arnsberger Wald und Arnsberger Ruhrtal - ein.\" \/>\n<meta property=\"og:url\" content=\"https:\/\/www.naturparkmagazin.de\/vdn\/naturpark-arnsberger-wald\/\" \/>\n<meta property=\"og:site_name\" content=\"Verband Deutscher Naturparke\" \/>\n<meta property=\"article:published_time\" content=\"2017-10-16T10:10:09+00:00\" \/>\n<meta property=\"article:modified_time\" content=\"2017-10-16T13:12:51+00:00\" \/>\n<meta property=\"og:image\" content=\"https:\/\/www.naturparkmagazin.de\/vdn\/wp-content\/uploads\/sites\/3\/Morgenstimmungbf.jpg\" \/>\n\t<meta property=\"og:image:width\" content=\"200\" \/>\n\t<meta property=\"og:image:height\" content=\"200\" \/>\n\t<meta property=\"og:image:type\" content=\"image\/jpeg\" \/>\n<meta name=\"author\" content=\"manuelamerz\" \/>\n<meta name=\"twitter:label1\" content=\"Verfasst von\" \/>\n\t<meta name=\"twitter:data1\" content=\"manuelamerz\" \/>\n\t<meta name=\"twitter:label2\" content=\"Gesch\u00e4tzte Lesezeit\" \/>\n\t<meta name=\"twitter:data2\" content=\"1\u00a0Minute\" \/>\n<script type=\"application\/ld+json\" class=\"yoast-schema-graph\">{\"@context\":\"https:\/\/schema.org\",\"@graph\":[{\"@type\":\"WebPage\",\"@id\":\"https:\/\/www.naturparkmagazin.de\/vdn\/naturpark-arnsberger-wald\/\",\"url\":\"https:\/\/www.naturparkmagazin.de\/vdn\/naturpark-arnsberger-wald\/\",\"name\":\"Naturpark Arnsberger Wald\",\"isPartOf\":{\"@id\":\"https:\/\/www.naturparkmagazin.de\/vdn\/#website\"},\"datePublished\":\"2017-10-16T10:10:09+00:00\",\"dateModified\":\"2017-10-16T13:12:51+00:00\",\"author\":{\"@id\":\"https:\/\/www.naturparkmagazin.de\/vdn\/#\/schema\/person\/3cff9b8773ed55f0189255fa9adfd57c\"},\"description\":\"Der Naturpark \\\"Arnsberger Wald\\\" befindet sich in reizvoller Lage am S\u00fcdrand der westf\u00e4lischen Bucht. Er wird im Norden durch den Haarstrang und im S\u00fcden durch das Ruhrtal begrenzt. Ein insgesamt 650 km umfassendes Wegenetz l\u00e4dt Wanderer und Spazierg\u00e4nger zu ausgedehnten Touren durch die sich voneinander abhebenden vier Landschaften - Haarstrang, M\u00f6hnetal, Arnsberger Wald und Arnsberger Ruhrtal - ein.\",\"breadcrumb\":{\"@id\":\"https:\/\/www.naturparkmagazin.de\/vdn\/naturpark-arnsberger-wald\/#breadcrumb\"},\"inLanguage\":\"de\",\"potentialAction\":[{\"@type\":\"ReadAction\",\"target\":[\"https:\/\/www.naturparkmagazin.de\/vdn\/naturpark-arnsberger-wald\/\"]}]},{\"@type\":\"BreadcrumbList\",\"@id\":\"https:\/\/www.naturparkmagazin.de\/vdn\/naturpark-arnsberger-wald\/#breadcrumb\",\"itemListElement\":[{\"@type\":\"ListItem\",\"position\":1,\"name\":\"Home\",\"item\":\"https:\/\/www.naturparkmagazin.de\/vdn\/\"},{\"@type\":\"ListItem\",\"position\":2,\"name\":\"Naturpark Arnsberger Wald\"}]},{\"@type\":\"WebSite\",\"@id\":\"https:\/\/www.naturparkmagazin.de\/vdn\/#website\",\"url\":\"https:\/\/www.naturparkmagazin.de\/vdn\/\",\"name\":\"Verband Deutscher Naturparke\",\"description\":\"Eine weitere Naturparkmagazin.de Netzwerk Seite\",\"potentialAction\":[{\"@type\":\"SearchAction\",\"target\":{\"@type\":\"EntryPoint\",\"urlTemplate\":\"https:\/\/www.naturparkmagazin.de\/vdn\/?s={search_term_string}\"},\"query-input\":\"required name=search_term_string\"}],\"inLanguage\":\"de\"},{\"@type\":\"Person\",\"@id\":\"https:\/\/www.naturparkmagazin.de\/vdn\/#\/schema\/person\/3cff9b8773ed55f0189255fa9adfd57c\",\"name\":\"manuelamerz\",\"url\":\"https:\/\/www.naturparkmagazin.de\/vdn\/author\/manuelamerz\/\"}]}<\/script>\n<!-- \/ Yoast SEO plugin. -->","yoast_head_json":{"title":"Naturpark Arnsberger Wald","description":"Der Naturpark \"Arnsberger Wald\" befindet sich in reizvoller Lage am S\u00fcdrand der westf\u00e4lischen Bucht. Er wird im Norden durch den Haarstrang und im S\u00fcden durch das Ruhrtal begrenzt. Ein insgesamt 650 km umfassendes Wegenetz l\u00e4dt Wanderer und Spazierg\u00e4nger zu ausgedehnten Touren durch die sich voneinander abhebenden vier Landschaften - Haarstrang, M\u00f6hnetal, Arnsberger Wald und Arnsberger Ruhrtal - ein.","robots":{"index":"index","follow":"follow","max-snippet":"max-snippet:-1","max-image-preview":"max-image-preview:large","max-video-preview":"max-video-preview:-1"},"canonical":"https:\/\/www.naturparkmagazin.de\/vdn\/naturpark-arnsberger-wald\/","og_locale":"de_DE","og_type":"article","og_title":"Naturpark Arnsberger Wald","og_description":"Der Naturpark \"Arnsberger Wald\" befindet sich in reizvoller Lage am S\u00fcdrand der westf\u00e4lischen Bucht. Er wird im Norden durch den Haarstrang und im S\u00fcden durch das Ruhrtal begrenzt. Ein insgesamt 650 km umfassendes Wegenetz l\u00e4dt Wanderer und Spazierg\u00e4nger zu ausgedehnten Touren durch die sich voneinander abhebenden vier Landschaften - Haarstrang, M\u00f6hnetal, Arnsberger Wald und Arnsberger Ruhrtal - ein.","og_url":"https:\/\/www.naturparkmagazin.de\/vdn\/naturpark-arnsberger-wald\/","og_site_name":"Verband Deutscher Naturparke","article_published_time":"2017-10-16T10:10:09+00:00","article_modified_time":"2017-10-16T13:12:51+00:00","og_image":[{"width":200,"height":200,"url":"https:\/\/www.naturparkmagazin.de\/vdn\/wp-content\/uploads\/sites\/3\/Morgenstimmungbf.jpg","type":"image\/jpeg"}],"author":"manuelamerz","twitter_misc":{"Verfasst von":"manuelamerz","Gesch\u00e4tzte Lesezeit":"1\u00a0Minute"},"schema":{"@context":"https:\/\/schema.org","@graph":[{"@type":"WebPage","@id":"https:\/\/www.naturparkmagazin.de\/vdn\/naturpark-arnsberger-wald\/","url":"https:\/\/www.naturparkmagazin.de\/vdn\/naturpark-arnsberger-wald\/","name":"Naturpark Arnsberger Wald","isPartOf":{"@id":"https:\/\/www.naturparkmagazin.de\/vdn\/#website"},"datePublished":"2017-10-16T10:10:09+00:00","dateModified":"2017-10-16T13:12:51+00:00","author":{"@id":"https:\/\/www.naturparkmagazin.de\/vdn\/#\/schema\/person\/3cff9b8773ed55f0189255fa9adfd57c"},"description":"Der Naturpark \"Arnsberger Wald\" befindet sich in reizvoller Lage am S\u00fcdrand der westf\u00e4lischen Bucht. Er wird im Norden durch den Haarstrang und im S\u00fcden durch das Ruhrtal begrenzt. Ein insgesamt 650 km umfassendes Wegenetz l\u00e4dt Wanderer und Spazierg\u00e4nger zu ausgedehnten Touren durch die sich voneinander abhebenden vier Landschaften - Haarstrang, M\u00f6hnetal, Arnsberger Wald und Arnsberger Ruhrtal - ein.","breadcrumb":{"@id":"https:\/\/www.naturparkmagazin.de\/vdn\/naturpark-arnsberger-wald\/#breadcrumb"},"inLanguage":"de","potentialAction":[{"@type":"ReadAction","target":["https:\/\/www.naturparkmagazin.de\/vdn\/naturpark-arnsberger-wald\/"]}]},{"@type":"BreadcrumbList","@id":"https:\/\/www.naturparkmagazin.de\/vdn\/naturpark-arnsberger-wald\/#breadcrumb","itemListElement":[{"@type":"ListItem","position":1,"name":"Home","item":"https:\/\/www.naturparkmagazin.de\/vdn\/"},{"@type":"ListItem","position":2,"name":"Naturpark Arnsberger Wald"}]},{"@type":"WebSite","@id":"https:\/\/www.naturparkmagazin.de\/vdn\/#website","url":"https:\/\/www.naturparkmagazin.de\/vdn\/","name":"Verband Deutscher Naturparke","description":"Eine weitere Naturparkmagazin.de Netzwerk Seite","potentialAction":[{"@type":"SearchAction","target":{"@type":"EntryPoint","urlTemplate":"https:\/\/www.naturparkmagazin.de\/vdn\/?s={search_term_string}"},"query-input":"required name=search_term_string"}],"inLanguage":"de"},{"@type":"Person","@id":"https:\/\/www.naturparkmagazin.de\/vdn\/#\/schema\/person\/3cff9b8773ed55f0189255fa9adfd57c","name":"manuelamerz","url":"https:\/\/www.naturparkmagazin.de\/vdn\/author\/manuelamerz\/"}]}},"_links":{"self":[{"href":"https:\/\/www.naturparkmagazin.de\/vdn\/wp-json\/wp\/v2\/posts\/9277"}],"collection":[{"href":"https:\/\/www.naturparkmagazin.de\/vdn\/wp-json\/wp\/v2\/posts"}],"about":[{"href":"https:\/\/www.naturparkmagazin.de\/vdn\/wp-json\/wp\/v2\/types\/post"}],"author":[{"embeddable":true,"href":"https:\/\/www.naturparkmagazin.de\/vdn\/wp-json\/wp\/v2\/users\/73"}],"replies":[{"embeddable":true,"href":"https:\/\/www.naturparkmagazin.de\/vdn\/wp-json\/wp\/v2\/comments?post=9277"}],"version-history":[{"count":2,"href":"https:\/\/www.naturparkmagazin.de\/vdn\/wp-json\/wp\/v2\/posts\/9277\/revisions"}],"predecessor-version":[{"id":9358,"href":"https:\/\/www.naturparkmagazin.de\/vdn\/wp-json\/wp\/v2\/posts\/9277\/revisions\/9358"}],"wp:featuredmedia":[{"embeddable":true,"href":"https:\/\/www.naturparkmagazin.de\/vdn\/wp-json\/wp\/v2\/media\/9278"}],"wp:attachment":[{"href":"https:\/\/www.naturparkmagazin.de\/vdn\/wp-json\/wp\/v2\/media?parent=9277"}],"wp:term":[{"taxonomy":"category","embeddable":true,"href":"https:\/\/www.naturparkmagazin.de\/vdn\/wp-json\/wp\/v2\/categories?post=9277"},{"taxonomy":"post_tag","embeddable":true,"href":"https:\/\/www.naturparkmagazin.de\/vdn\/wp-json\/wp\/v2\/tags?post=9277"}],"curies":[{"name":"wp","href":"https:\/\/api.w.org\/{rel}","templated":true}]}}