{"id":9288,"date":"2017-10-16T12:23:16","date_gmt":"2017-10-16T10:23:16","guid":{"rendered":"http:\/\/www.naturparkmagazin.de\/vdn\/?p=9288"},"modified":"2017-10-24T14:16:24","modified_gmt":"2017-10-24T12:16:24","slug":"stefan-goedde","status":"publish","type":"post","link":"https:\/\/www.naturparkmagazin.de\/vdn\/stefan-goedde\/","title":{"rendered":"Stefan G\u00f6dde &#8230;"},"content":{"rendered":"<p><a href=\"https:\/\/www.naturparkmagazin.de\/vdn\/wp-content\/uploads\/sites\/3\/Stefan_Goedde_Beitrag.png\"><img decoding=\"async\" loading=\"lazy\" class=\"aligncenter size-full wp-image-9340\" src=\"https:\/\/www.naturparkmagazin.de\/vdn\/wp-content\/uploads\/sites\/3\/Stefan_Goedde_Beitrag.png\" alt=\"Stefan Goedde\" width=\"500\" height=\"700\" srcset=\"https:\/\/www.naturparkmagazin.de\/vdn\/wp-content\/uploads\/sites\/3\/Stefan_Goedde_Beitrag.png 500w, https:\/\/www.naturparkmagazin.de\/vdn\/wp-content\/uploads\/sites\/3\/Stefan_Goedde_Beitrag-300x420.png 300w, https:\/\/www.naturparkmagazin.de\/vdn\/wp-content\/uploads\/sites\/3\/Stefan_Goedde_Beitrag-200x280.png 200w\" sizes=\"(max-width: 500px) 100vw, 500px\" \/><\/a><\/p>\n<p>&#8222;Mein Lieblingsplatz im Naturpark Arnsberger Wald ist das idyllisch gelegene Naherholungsgebiet Bibertal in meinem Heimatort R\u00fcthen. Ich genie\u00dfe es, nach den Drehtagen im Bibertal mit seinem Biberbad, dem Walderlebnispfad und seinen kristallklaren B\u00e4chen, einfach die Seele baumeln zu lassen.<\/p>\n<p>Vor allen Dingen beim Joggen, wenn ich am fr\u00fchen Morgen die ersten Sonnenstrahlen durch das Bl\u00e4tterdach der B\u00e4ume auf den Boden fallen sehe, wenn Hirsche und Rehe direkt am Waldesrand stehen, habe ich das Gef\u00fchl, eins mit der Natur zu sein. Der Walderlebnispfad ist zudem ein Erlebnispunkt der &#8222;Sauerland Waldroute&#8220; und zieht mich mit seiner Riesensitzspinne, dem Barfusspfad, der Baumtreppe, dem Baumartenlabyrinth und vielen weiteren Attraktionen magisch an. Hier f\u00fchle ich mich wohl!!&#8220;<\/p>\n<p>&nbsp;<\/p>\n","protected":false},"excerpt":{"rendered":"<p>ist Naturparkbotschafter des Arnsberger Waldes. Der Journalist und TV-Moderator der Sendung \u201eGalileo\u201c l\u00e4sst seine Seele nach Drehtagen am liebsten im Bibertal baumeln.<\/p>\n","protected":false},"author":73,"featured_media":9341,"comment_status":"open","ping_status":"open","sticky":false,"template":"","format":"standard","meta":{"_links_to":"","_links_to_target":""},"categories":[8],"tags":[],"yoast_head":"<!-- This site is optimized with the Yoast SEO plugin v19.10 - https:\/\/yoast.com\/wordpress\/plugins\/seo\/ -->\n<title>Stefan G\u00f6dde ...<\/title>\n<meta name=\"description\" content=\"ist Naturparkbotschafter des Arnsberger Waldes. Der Journalist und TV-Moderator der Sendung \u201eGalileo\u201c l\u00e4sst seine Seele nach Drehtagen am liebsten im Bibertal baumeln.\" \/>\n<meta name=\"robots\" content=\"index, follow, max-snippet:-1, max-image-preview:large, max-video-preview:-1\" \/>\n<link rel=\"canonical\" href=\"https:\/\/www.naturparkmagazin.de\/vdn\/stefan-goedde\/\" \/>\n<meta property=\"og:locale\" content=\"de_DE\" \/>\n<meta property=\"og:type\" content=\"article\" \/>\n<meta property=\"og:title\" content=\"Stefan G\u00f6dde ...\" \/>\n<meta property=\"og:description\" content=\"ist Naturparkbotschafter des Arnsberger Waldes. Der Journalist und TV-Moderator der Sendung \u201eGalileo\u201c l\u00e4sst seine Seele nach Drehtagen am liebsten im Bibertal baumeln.\" \/>\n<meta property=\"og:url\" content=\"https:\/\/www.naturparkmagazin.de\/vdn\/stefan-goedde\/\" \/>\n<meta property=\"og:site_name\" content=\"Verband Deutscher Naturparke\" \/>\n<meta property=\"article:published_time\" content=\"2017-10-16T10:23:16+00:00\" \/>\n<meta property=\"article:modified_time\" content=\"2017-10-24T12:16:24+00:00\" \/>\n<meta property=\"og:image\" content=\"https:\/\/www.naturparkmagazin.de\/vdn\/wp-content\/uploads\/sites\/3\/Stefan_Goedde_Beitragsbild.png\" \/>\n\t<meta property=\"og:image:width\" content=\"200\" \/>\n\t<meta property=\"og:image:height\" content=\"200\" \/>\n\t<meta property=\"og:image:type\" content=\"image\/png\" \/>\n<meta name=\"author\" content=\"manuelamerz\" \/>\n<meta name=\"twitter:label1\" content=\"Verfasst von\" \/>\n\t<meta name=\"twitter:data1\" content=\"manuelamerz\" \/>\n\t<meta name=\"twitter:label2\" content=\"Gesch\u00e4tzte Lesezeit\" \/>\n\t<meta name=\"twitter:data2\" content=\"1\u00a0Minute\" \/>\n<script type=\"application\/ld+json\" class=\"yoast-schema-graph\">{\"@context\":\"https:\/\/schema.org\",\"@graph\":[{\"@type\":\"WebPage\",\"@id\":\"https:\/\/www.naturparkmagazin.de\/vdn\/stefan-goedde\/\",\"url\":\"https:\/\/www.naturparkmagazin.de\/vdn\/stefan-goedde\/\",\"name\":\"Stefan G\u00f6dde ...\",\"isPartOf\":{\"@id\":\"https:\/\/www.naturparkmagazin.de\/vdn\/#website\"},\"datePublished\":\"2017-10-16T10:23:16+00:00\",\"dateModified\":\"2017-10-24T12:16:24+00:00\",\"author\":{\"@id\":\"https:\/\/www.naturparkmagazin.de\/vdn\/#\/schema\/person\/3cff9b8773ed55f0189255fa9adfd57c\"},\"description\":\"ist Naturparkbotschafter des Arnsberger Waldes. Der Journalist und TV-Moderator der Sendung \u201eGalileo\u201c l\u00e4sst seine Seele nach Drehtagen am liebsten im Bibertal baumeln.\",\"breadcrumb\":{\"@id\":\"https:\/\/www.naturparkmagazin.de\/vdn\/stefan-goedde\/#breadcrumb\"},\"inLanguage\":\"de\",\"potentialAction\":[{\"@type\":\"ReadAction\",\"target\":[\"https:\/\/www.naturparkmagazin.de\/vdn\/stefan-goedde\/\"]}]},{\"@type\":\"BreadcrumbList\",\"@id\":\"https:\/\/www.naturparkmagazin.de\/vdn\/stefan-goedde\/#breadcrumb\",\"itemListElement\":[{\"@type\":\"ListItem\",\"position\":1,\"name\":\"Home\",\"item\":\"https:\/\/www.naturparkmagazin.de\/vdn\/\"},{\"@type\":\"ListItem\",\"position\":2,\"name\":\"Stefan G\u00f6dde &#8230;\"}]},{\"@type\":\"WebSite\",\"@id\":\"https:\/\/www.naturparkmagazin.de\/vdn\/#website\",\"url\":\"https:\/\/www.naturparkmagazin.de\/vdn\/\",\"name\":\"Verband Deutscher Naturparke\",\"description\":\"Eine weitere Naturparkmagazin.de Netzwerk Seite\",\"potentialAction\":[{\"@type\":\"SearchAction\",\"target\":{\"@type\":\"EntryPoint\",\"urlTemplate\":\"https:\/\/www.naturparkmagazin.de\/vdn\/?s={search_term_string}\"},\"query-input\":\"required name=search_term_string\"}],\"inLanguage\":\"de\"},{\"@type\":\"Person\",\"@id\":\"https:\/\/www.naturparkmagazin.de\/vdn\/#\/schema\/person\/3cff9b8773ed55f0189255fa9adfd57c\",\"name\":\"manuelamerz\",\"url\":\"https:\/\/www.naturparkmagazin.de\/vdn\/author\/manuelamerz\/\"}]}<\/script>\n<!-- \/ Yoast SEO plugin. -->","yoast_head_json":{"title":"Stefan G\u00f6dde ...","description":"ist Naturparkbotschafter des Arnsberger Waldes. Der Journalist und TV-Moderator der Sendung \u201eGalileo\u201c l\u00e4sst seine Seele nach Drehtagen am liebsten im Bibertal baumeln.","robots":{"index":"index","follow":"follow","max-snippet":"max-snippet:-1","max-image-preview":"max-image-preview:large","max-video-preview":"max-video-preview:-1"},"canonical":"https:\/\/www.naturparkmagazin.de\/vdn\/stefan-goedde\/","og_locale":"de_DE","og_type":"article","og_title":"Stefan G\u00f6dde ...","og_description":"ist Naturparkbotschafter des Arnsberger Waldes. Der Journalist und TV-Moderator der Sendung \u201eGalileo\u201c l\u00e4sst seine Seele nach Drehtagen am liebsten im Bibertal baumeln.","og_url":"https:\/\/www.naturparkmagazin.de\/vdn\/stefan-goedde\/","og_site_name":"Verband Deutscher Naturparke","article_published_time":"2017-10-16T10:23:16+00:00","article_modified_time":"2017-10-24T12:16:24+00:00","og_image":[{"width":200,"height":200,"url":"https:\/\/www.naturparkmagazin.de\/vdn\/wp-content\/uploads\/sites\/3\/Stefan_Goedde_Beitragsbild.png","type":"image\/png"}],"author":"manuelamerz","twitter_misc":{"Verfasst von":"manuelamerz","Gesch\u00e4tzte Lesezeit":"1\u00a0Minute"},"schema":{"@context":"https:\/\/schema.org","@graph":[{"@type":"WebPage","@id":"https:\/\/www.naturparkmagazin.de\/vdn\/stefan-goedde\/","url":"https:\/\/www.naturparkmagazin.de\/vdn\/stefan-goedde\/","name":"Stefan G\u00f6dde ...","isPartOf":{"@id":"https:\/\/www.naturparkmagazin.de\/vdn\/#website"},"datePublished":"2017-10-16T10:23:16+00:00","dateModified":"2017-10-24T12:16:24+00:00","author":{"@id":"https:\/\/www.naturparkmagazin.de\/vdn\/#\/schema\/person\/3cff9b8773ed55f0189255fa9adfd57c"},"description":"ist Naturparkbotschafter des Arnsberger Waldes. Der Journalist und TV-Moderator der Sendung \u201eGalileo\u201c l\u00e4sst seine Seele nach Drehtagen am liebsten im Bibertal baumeln.","breadcrumb":{"@id":"https:\/\/www.naturparkmagazin.de\/vdn\/stefan-goedde\/#breadcrumb"},"inLanguage":"de","potentialAction":[{"@type":"ReadAction","target":["https:\/\/www.naturparkmagazin.de\/vdn\/stefan-goedde\/"]}]},{"@type":"BreadcrumbList","@id":"https:\/\/www.naturparkmagazin.de\/vdn\/stefan-goedde\/#breadcrumb","itemListElement":[{"@type":"ListItem","position":1,"name":"Home","item":"https:\/\/www.naturparkmagazin.de\/vdn\/"},{"@type":"ListItem","position":2,"name":"Stefan G\u00f6dde &#8230;"}]},{"@type":"WebSite","@id":"https:\/\/www.naturparkmagazin.de\/vdn\/#website","url":"https:\/\/www.naturparkmagazin.de\/vdn\/","name":"Verband Deutscher Naturparke","description":"Eine weitere Naturparkmagazin.de Netzwerk Seite","potentialAction":[{"@type":"SearchAction","target":{"@type":"EntryPoint","urlTemplate":"https:\/\/www.naturparkmagazin.de\/vdn\/?s={search_term_string}"},"query-input":"required name=search_term_string"}],"inLanguage":"de"},{"@type":"Person","@id":"https:\/\/www.naturparkmagazin.de\/vdn\/#\/schema\/person\/3cff9b8773ed55f0189255fa9adfd57c","name":"manuelamerz","url":"https:\/\/www.naturparkmagazin.de\/vdn\/author\/manuelamerz\/"}]}},"_links":{"self":[{"href":"https:\/\/www.naturparkmagazin.de\/vdn\/wp-json\/wp\/v2\/posts\/9288"}],"collection":[{"href":"https:\/\/www.naturparkmagazin.de\/vdn\/wp-json\/wp\/v2\/posts"}],"about":[{"href":"https:\/\/www.naturparkmagazin.de\/vdn\/wp-json\/wp\/v2\/types\/post"}],"author":[{"embeddable":true,"href":"https:\/\/www.naturparkmagazin.de\/vdn\/wp-json\/wp\/v2\/users\/73"}],"replies":[{"embeddable":true,"href":"https:\/\/www.naturparkmagazin.de\/vdn\/wp-json\/wp\/v2\/comments?post=9288"}],"version-history":[{"count":6,"href":"https:\/\/www.naturparkmagazin.de\/vdn\/wp-json\/wp\/v2\/posts\/9288\/revisions"}],"predecessor-version":[{"id":9371,"href":"https:\/\/www.naturparkmagazin.de\/vdn\/wp-json\/wp\/v2\/posts\/9288\/revisions\/9371"}],"wp:featuredmedia":[{"embeddable":true,"href":"https:\/\/www.naturparkmagazin.de\/vdn\/wp-json\/wp\/v2\/media\/9341"}],"wp:attachment":[{"href":"https:\/\/www.naturparkmagazin.de\/vdn\/wp-json\/wp\/v2\/media?parent=9288"}],"wp:term":[{"taxonomy":"category","embeddable":true,"href":"https:\/\/www.naturparkmagazin.de\/vdn\/wp-json\/wp\/v2\/categories?post=9288"},{"taxonomy":"post_tag","embeddable":true,"href":"https:\/\/www.naturparkmagazin.de\/vdn\/wp-json\/wp\/v2\/tags?post=9288"}],"curies":[{"name":"wp","href":"https:\/\/api.w.org\/{rel}","templated":true}]}}