{"id":9293,"date":"2017-10-16T12:39:27","date_gmt":"2017-10-16T10:39:27","guid":{"rendered":"http:\/\/www.naturparkmagazin.de\/vdn\/?p=9293"},"modified":"2017-10-25T14:58:33","modified_gmt":"2017-10-25T12:58:33","slug":"grosser-verlust-trauer-um-peter-wernicke","status":"publish","type":"post","link":"https:\/\/www.naturparkmagazin.de\/vdn\/grosser-verlust-trauer-um-peter-wernicke\/","title":{"rendered":"\u201eGro\u00dfer Verlust\u201c &#8211; Trauer um Peter Wernicke"},"content":{"rendered":"<div id=\"attachment_9351\" style=\"width: 510px\" class=\"wp-caption aligncenter\"><a href=\"https:\/\/www.naturparkmagazin.de\/vdn\/wp-content\/uploads\/sites\/3\/Peter-Wernicke_beitrag.jpg\"><img aria-describedby=\"caption-attachment-9351\" decoding=\"async\" loading=\"lazy\" class=\"size-full wp-image-9351\" src=\"https:\/\/www.naturparkmagazin.de\/vdn\/wp-content\/uploads\/sites\/3\/Peter-Wernicke_beitrag.jpg\" alt=\"Peter Wernicke - Copyright: Naturpark Feldberger Seenlandschaft\" width=\"500\" height=\"300\" srcset=\"https:\/\/www.naturparkmagazin.de\/vdn\/wp-content\/uploads\/sites\/3\/Peter-Wernicke_beitrag.jpg 500w, https:\/\/www.naturparkmagazin.de\/vdn\/wp-content\/uploads\/sites\/3\/Peter-Wernicke_beitrag-300x180.jpg 300w, https:\/\/www.naturparkmagazin.de\/vdn\/wp-content\/uploads\/sites\/3\/Peter-Wernicke_beitrag-200x120.jpg 200w\" sizes=\"(max-width: 500px) 100vw, 500px\" \/><\/a><p id=\"caption-attachment-9351\" class=\"wp-caption-text\">Peter Wernicke &#8211; Copyright: Naturpark Feldberger Seenlandschaft<\/p><\/div>\n<p>Der Verband Deutscher Naturparke e.V.\u00a0 (VDN) trauert um Dr. Peter Wernicke, den Leiter des Naturparks Feldberger Seenlandschaft. Der 58-J\u00e4hrige wurde nach einem Angelausflug auf dem Thurower See tot geborgen, nur wenige Tage vor der diesj\u00e4hrigen Verbandstagung des VDN Ende September in Brandenburg. Die Polizei geht von einem tragischen Ungl\u00fccksfall aus.<\/p>\n<p>Nach der Er\u00f6ffnung der VDN-Mitgliederversammlung in Bad Belzig gedachten die teilnehmenden Vertreter von 47 Naturparken des so pl\u00f6tzlich verstorbenen Ornithologen und renommierten Naturfotografen in einer Gedenkminute. Dr. Peter Wernicke wird dem VDN und seinen Mitgliedern fehlen, nicht nur als engagierter Streiter f\u00fcr den Natur- und Artenschutz, sondern vor allem als Kollege und Mensch.<\/p>\n<p>Wernicke stand seit 1990 an der Spitze der Aufbauleitung f\u00fcr den Naturpark Feldberger Seenlandschaft und leitete ihn seit der Gr\u00fcndung 1997. Das 340 Quadratkilometer gro\u00dfe Gebiet an der Grenze zur Uckermark gilt als beliebtes Naherholungsgebiet f\u00fcr Berliner und Brandenburger. Zu den seltenen Tierarten, die hier leben, geh\u00f6ren Schrei-, See- und Fischadler, Schwarzstorch und das Naturpark-Wappentier, der Fischotter.<\/p>\n<p>&nbsp;<\/p>\n","protected":false},"excerpt":{"rendered":"<p>Vertreter von 47 Naturparken gedachten auf der Mitgliederversammlung in Bad Belzig des so pl\u00f6tzlich verstorbenen Ornithologen und Naturfotografen in einer Gedenkminute.<\/p>\n","protected":false},"author":73,"featured_media":9353,"comment_status":"open","ping_status":"open","sticky":false,"template":"","format":"standard","meta":{"_links_to":"","_links_to_target":""},"categories":[7],"tags":[],"yoast_head":"<!-- This site is optimized with the Yoast SEO plugin v19.10 - https:\/\/yoast.com\/wordpress\/plugins\/seo\/ -->\n<title>\u201eGro\u00dfer Verlust\u201c - Trauer um Peter Wernicke<\/title>\n<meta name=\"description\" content=\"Vertreter von 47 Naturparken gedachten auf der Mitgliederversammlung in Bad Belzig des so pl\u00f6tzlich verstorbenen Ornithologen und Naturfotografen in einer Gedenkminute.\" \/>\n<meta name=\"robots\" content=\"index, follow, max-snippet:-1, max-image-preview:large, max-video-preview:-1\" \/>\n<link rel=\"canonical\" href=\"https:\/\/www.naturparkmagazin.de\/vdn\/grosser-verlust-trauer-um-peter-wernicke\/\" \/>\n<meta property=\"og:locale\" content=\"de_DE\" \/>\n<meta property=\"og:type\" content=\"article\" \/>\n<meta property=\"og:title\" content=\"\u201eGro\u00dfer Verlust\u201c - Trauer um Peter Wernicke\" \/>\n<meta property=\"og:description\" content=\"Vertreter von 47 Naturparken gedachten auf der Mitgliederversammlung in Bad Belzig des so pl\u00f6tzlich verstorbenen Ornithologen und Naturfotografen in einer Gedenkminute.\" \/>\n<meta property=\"og:url\" content=\"https:\/\/www.naturparkmagazin.de\/vdn\/grosser-verlust-trauer-um-peter-wernicke\/\" \/>\n<meta property=\"og:site_name\" content=\"Verband Deutscher Naturparke\" \/>\n<meta property=\"article:published_time\" content=\"2017-10-16T10:39:27+00:00\" \/>\n<meta property=\"article:modified_time\" content=\"2017-10-25T12:58:33+00:00\" \/>\n<meta property=\"og:image\" content=\"https:\/\/www.naturparkmagazin.de\/vdn\/wp-content\/uploads\/sites\/3\/Peter-Wernicke_beitragsbild.jpg\" \/>\n\t<meta property=\"og:image:width\" content=\"200\" \/>\n\t<meta property=\"og:image:height\" content=\"200\" \/>\n\t<meta property=\"og:image:type\" content=\"image\/jpeg\" \/>\n<meta name=\"author\" content=\"manuelamerz\" \/>\n<meta name=\"twitter:label1\" content=\"Verfasst von\" \/>\n\t<meta name=\"twitter:data1\" content=\"manuelamerz\" \/>\n\t<meta name=\"twitter:label2\" content=\"Gesch\u00e4tzte Lesezeit\" \/>\n\t<meta name=\"twitter:data2\" content=\"1\u00a0Minute\" \/>\n<script type=\"application\/ld+json\" class=\"yoast-schema-graph\">{\"@context\":\"https:\/\/schema.org\",\"@graph\":[{\"@type\":\"WebPage\",\"@id\":\"https:\/\/www.naturparkmagazin.de\/vdn\/grosser-verlust-trauer-um-peter-wernicke\/\",\"url\":\"https:\/\/www.naturparkmagazin.de\/vdn\/grosser-verlust-trauer-um-peter-wernicke\/\",\"name\":\"\u201eGro\u00dfer Verlust\u201c - Trauer um Peter Wernicke\",\"isPartOf\":{\"@id\":\"https:\/\/www.naturparkmagazin.de\/vdn\/#website\"},\"datePublished\":\"2017-10-16T10:39:27+00:00\",\"dateModified\":\"2017-10-25T12:58:33+00:00\",\"author\":{\"@id\":\"https:\/\/www.naturparkmagazin.de\/vdn\/#\/schema\/person\/3cff9b8773ed55f0189255fa9adfd57c\"},\"description\":\"Vertreter von 47 Naturparken gedachten auf der Mitgliederversammlung in Bad Belzig des so pl\u00f6tzlich verstorbenen Ornithologen und Naturfotografen in einer Gedenkminute.\",\"breadcrumb\":{\"@id\":\"https:\/\/www.naturparkmagazin.de\/vdn\/grosser-verlust-trauer-um-peter-wernicke\/#breadcrumb\"},\"inLanguage\":\"de\",\"potentialAction\":[{\"@type\":\"ReadAction\",\"target\":[\"https:\/\/www.naturparkmagazin.de\/vdn\/grosser-verlust-trauer-um-peter-wernicke\/\"]}]},{\"@type\":\"BreadcrumbList\",\"@id\":\"https:\/\/www.naturparkmagazin.de\/vdn\/grosser-verlust-trauer-um-peter-wernicke\/#breadcrumb\",\"itemListElement\":[{\"@type\":\"ListItem\",\"position\":1,\"name\":\"Home\",\"item\":\"https:\/\/www.naturparkmagazin.de\/vdn\/\"},{\"@type\":\"ListItem\",\"position\":2,\"name\":\"\u201eGro\u00dfer Verlust\u201c &#8211; Trauer um Peter Wernicke\"}]},{\"@type\":\"WebSite\",\"@id\":\"https:\/\/www.naturparkmagazin.de\/vdn\/#website\",\"url\":\"https:\/\/www.naturparkmagazin.de\/vdn\/\",\"name\":\"Verband Deutscher Naturparke\",\"description\":\"Eine weitere Naturparkmagazin.de Netzwerk Seite\",\"potentialAction\":[{\"@type\":\"SearchAction\",\"target\":{\"@type\":\"EntryPoint\",\"urlTemplate\":\"https:\/\/www.naturparkmagazin.de\/vdn\/?s={search_term_string}\"},\"query-input\":\"required name=search_term_string\"}],\"inLanguage\":\"de\"},{\"@type\":\"Person\",\"@id\":\"https:\/\/www.naturparkmagazin.de\/vdn\/#\/schema\/person\/3cff9b8773ed55f0189255fa9adfd57c\",\"name\":\"manuelamerz\",\"url\":\"https:\/\/www.naturparkmagazin.de\/vdn\/author\/manuelamerz\/\"}]}<\/script>\n<!-- \/ Yoast SEO plugin. -->","yoast_head_json":{"title":"\u201eGro\u00dfer Verlust\u201c - Trauer um Peter Wernicke","description":"Vertreter von 47 Naturparken gedachten auf der Mitgliederversammlung in Bad Belzig des so pl\u00f6tzlich verstorbenen Ornithologen und Naturfotografen in einer Gedenkminute.","robots":{"index":"index","follow":"follow","max-snippet":"max-snippet:-1","max-image-preview":"max-image-preview:large","max-video-preview":"max-video-preview:-1"},"canonical":"https:\/\/www.naturparkmagazin.de\/vdn\/grosser-verlust-trauer-um-peter-wernicke\/","og_locale":"de_DE","og_type":"article","og_title":"\u201eGro\u00dfer Verlust\u201c - Trauer um Peter Wernicke","og_description":"Vertreter von 47 Naturparken gedachten auf der Mitgliederversammlung in Bad Belzig des so pl\u00f6tzlich verstorbenen Ornithologen und Naturfotografen in einer Gedenkminute.","og_url":"https:\/\/www.naturparkmagazin.de\/vdn\/grosser-verlust-trauer-um-peter-wernicke\/","og_site_name":"Verband Deutscher Naturparke","article_published_time":"2017-10-16T10:39:27+00:00","article_modified_time":"2017-10-25T12:58:33+00:00","og_image":[{"width":200,"height":200,"url":"https:\/\/www.naturparkmagazin.de\/vdn\/wp-content\/uploads\/sites\/3\/Peter-Wernicke_beitragsbild.jpg","type":"image\/jpeg"}],"author":"manuelamerz","twitter_misc":{"Verfasst von":"manuelamerz","Gesch\u00e4tzte Lesezeit":"1\u00a0Minute"},"schema":{"@context":"https:\/\/schema.org","@graph":[{"@type":"WebPage","@id":"https:\/\/www.naturparkmagazin.de\/vdn\/grosser-verlust-trauer-um-peter-wernicke\/","url":"https:\/\/www.naturparkmagazin.de\/vdn\/grosser-verlust-trauer-um-peter-wernicke\/","name":"\u201eGro\u00dfer Verlust\u201c - Trauer um Peter Wernicke","isPartOf":{"@id":"https:\/\/www.naturparkmagazin.de\/vdn\/#website"},"datePublished":"2017-10-16T10:39:27+00:00","dateModified":"2017-10-25T12:58:33+00:00","author":{"@id":"https:\/\/www.naturparkmagazin.de\/vdn\/#\/schema\/person\/3cff9b8773ed55f0189255fa9adfd57c"},"description":"Vertreter von 47 Naturparken gedachten auf der Mitgliederversammlung in Bad Belzig des so pl\u00f6tzlich verstorbenen Ornithologen und Naturfotografen in einer Gedenkminute.","breadcrumb":{"@id":"https:\/\/www.naturparkmagazin.de\/vdn\/grosser-verlust-trauer-um-peter-wernicke\/#breadcrumb"},"inLanguage":"de","potentialAction":[{"@type":"ReadAction","target":["https:\/\/www.naturparkmagazin.de\/vdn\/grosser-verlust-trauer-um-peter-wernicke\/"]}]},{"@type":"BreadcrumbList","@id":"https:\/\/www.naturparkmagazin.de\/vdn\/grosser-verlust-trauer-um-peter-wernicke\/#breadcrumb","itemListElement":[{"@type":"ListItem","position":1,"name":"Home","item":"https:\/\/www.naturparkmagazin.de\/vdn\/"},{"@type":"ListItem","position":2,"name":"\u201eGro\u00dfer Verlust\u201c &#8211; Trauer um Peter Wernicke"}]},{"@type":"WebSite","@id":"https:\/\/www.naturparkmagazin.de\/vdn\/#website","url":"https:\/\/www.naturparkmagazin.de\/vdn\/","name":"Verband Deutscher Naturparke","description":"Eine weitere Naturparkmagazin.de Netzwerk Seite","potentialAction":[{"@type":"SearchAction","target":{"@type":"EntryPoint","urlTemplate":"https:\/\/www.naturparkmagazin.de\/vdn\/?s={search_term_string}"},"query-input":"required name=search_term_string"}],"inLanguage":"de"},{"@type":"Person","@id":"https:\/\/www.naturparkmagazin.de\/vdn\/#\/schema\/person\/3cff9b8773ed55f0189255fa9adfd57c","name":"manuelamerz","url":"https:\/\/www.naturparkmagazin.de\/vdn\/author\/manuelamerz\/"}]}},"_links":{"self":[{"href":"https:\/\/www.naturparkmagazin.de\/vdn\/wp-json\/wp\/v2\/posts\/9293"}],"collection":[{"href":"https:\/\/www.naturparkmagazin.de\/vdn\/wp-json\/wp\/v2\/posts"}],"about":[{"href":"https:\/\/www.naturparkmagazin.de\/vdn\/wp-json\/wp\/v2\/types\/post"}],"author":[{"embeddable":true,"href":"https:\/\/www.naturparkmagazin.de\/vdn\/wp-json\/wp\/v2\/users\/73"}],"replies":[{"embeddable":true,"href":"https:\/\/www.naturparkmagazin.de\/vdn\/wp-json\/wp\/v2\/comments?post=9293"}],"version-history":[{"count":4,"href":"https:\/\/www.naturparkmagazin.de\/vdn\/wp-json\/wp\/v2\/posts\/9293\/revisions"}],"predecessor-version":[{"id":9352,"href":"https:\/\/www.naturparkmagazin.de\/vdn\/wp-json\/wp\/v2\/posts\/9293\/revisions\/9352"}],"wp:featuredmedia":[{"embeddable":true,"href":"https:\/\/www.naturparkmagazin.de\/vdn\/wp-json\/wp\/v2\/media\/9353"}],"wp:attachment":[{"href":"https:\/\/www.naturparkmagazin.de\/vdn\/wp-json\/wp\/v2\/media?parent=9293"}],"wp:term":[{"taxonomy":"category","embeddable":true,"href":"https:\/\/www.naturparkmagazin.de\/vdn\/wp-json\/wp\/v2\/categories?post=9293"},{"taxonomy":"post_tag","embeddable":true,"href":"https:\/\/www.naturparkmagazin.de\/vdn\/wp-json\/wp\/v2\/tags?post=9293"}],"curies":[{"name":"wp","href":"https:\/\/api.w.org\/{rel}","templated":true}]}}