{"id":9295,"date":"2017-10-16T12:42:11","date_gmt":"2017-10-16T10:42:11","guid":{"rendered":"http:\/\/www.naturparkmagazin.de\/vdn\/?p=9295"},"modified":"2017-10-24T14:16:18","modified_gmt":"2017-10-24T12:16:18","slug":"das-winterkleid-der-tiere","status":"publish","type":"post","link":"https:\/\/www.naturparkmagazin.de\/vdn\/das-winterkleid-der-tiere\/","title":{"rendered":"Das Winterkleid der Tiere"},"content":{"rendered":"<div id=\"attachment_9329\" style=\"width: 510px\" class=\"wp-caption aligncenter\"><a href=\"https:\/\/www.naturparkmagazin.de\/vdn\/wp-content\/uploads\/sites\/3\/MG_5711_hf_beitrag.jpg\"><img aria-describedby=\"caption-attachment-9329\" decoding=\"async\" loading=\"lazy\" class=\"size-full wp-image-9329\" src=\"https:\/\/www.naturparkmagazin.de\/vdn\/wp-content\/uploads\/sites\/3\/MG_5711_hf_beitrag.jpg\" alt=\"Luchs im Naturpark Bayerischer Wald - Copyright: VDN\/Fritz Bosch\" width=\"500\" height=\"300\" srcset=\"https:\/\/www.naturparkmagazin.de\/vdn\/wp-content\/uploads\/sites\/3\/MG_5711_hf_beitrag.jpg 500w, https:\/\/www.naturparkmagazin.de\/vdn\/wp-content\/uploads\/sites\/3\/MG_5711_hf_beitrag-300x180.jpg 300w, https:\/\/www.naturparkmagazin.de\/vdn\/wp-content\/uploads\/sites\/3\/MG_5711_hf_beitrag-200x120.jpg 200w\" sizes=\"(max-width: 500px) 100vw, 500px\" \/><\/a><p id=\"caption-attachment-9329\" class=\"wp-caption-text\">Luchs im Naturpark Bayerischer Wald &#8211; Copyright: VDN\/Fritz Bosch<\/p><\/div>\n<p>Nicht nur die Menschen wollen es im tr\u00fcben Herbst und Winter kuschelig warm haben, sondern auch die Tiere. Die einen machen Winterschlaf (z.B. Murmeltiere), fallen in die Winterstarre (z.B. Amphibien), andere fliehen vor der K\u00e4lte (u.a. Zugv\u00f6gel und einige Fledermausarten) und die Dritten arrangieren sich mit den winterlichen Temperaturen, indem sie sich ein Winterfell oder ein winterliches Federkleid zulegen. Viele heimische S\u00e4ugetiere wie Hirsch, Wisent oder Wolf bekommen ein dichteres und damit auch w\u00e4rmenderes Winterfell.<\/p>\n<div id=\"attachment_9330\" style=\"width: 510px\" class=\"wp-caption aligncenter\"><a href=\"https:\/\/www.naturparkmagazin.de\/vdn\/wp-content\/uploads\/sites\/3\/MG_5773_hf_beitrag.jpg\"><img aria-describedby=\"caption-attachment-9330\" decoding=\"async\" loading=\"lazy\" class=\"wp-image-9330 size-full\" src=\"https:\/\/www.naturparkmagazin.de\/vdn\/wp-content\/uploads\/sites\/3\/MG_5773_hf_beitrag.jpg\" alt=\"Wolfsportrait \u00a9 VDN\/Fritz Bosch\" width=\"500\" height=\"300\" srcset=\"https:\/\/www.naturparkmagazin.de\/vdn\/wp-content\/uploads\/sites\/3\/MG_5773_hf_beitrag.jpg 500w, https:\/\/www.naturparkmagazin.de\/vdn\/wp-content\/uploads\/sites\/3\/MG_5773_hf_beitrag-300x180.jpg 300w, https:\/\/www.naturparkmagazin.de\/vdn\/wp-content\/uploads\/sites\/3\/MG_5773_hf_beitrag-200x120.jpg 200w\" sizes=\"(max-width: 500px) 100vw, 500px\" \/><\/a><p id=\"caption-attachment-9330\" class=\"wp-caption-text\">Wolfsportrait \u00a9 VDN\/Fritz Bosch<\/p><\/div>\n<div id=\"attachment_9334\" style=\"width: 510px\" class=\"wp-caption aligncenter\"><a href=\"https:\/\/www.naturparkmagazin.de\/vdn\/wp-content\/uploads\/sites\/3\/IMGP2347_beitrag.jpg\"><img aria-describedby=\"caption-attachment-9334\" decoding=\"async\" loading=\"lazy\" class=\"size-full wp-image-9334\" src=\"https:\/\/www.naturparkmagazin.de\/vdn\/wp-content\/uploads\/sites\/3\/IMGP2347_beitrag.jpg\" alt=\"Hirsch im Naturpark Weserbergland - Copyright: VDN\/Gudrun Treuke-Daglioglu\" width=\"500\" height=\"300\" srcset=\"https:\/\/www.naturparkmagazin.de\/vdn\/wp-content\/uploads\/sites\/3\/IMGP2347_beitrag.jpg 500w, https:\/\/www.naturparkmagazin.de\/vdn\/wp-content\/uploads\/sites\/3\/IMGP2347_beitrag-300x180.jpg 300w, https:\/\/www.naturparkmagazin.de\/vdn\/wp-content\/uploads\/sites\/3\/IMGP2347_beitrag-200x120.jpg 200w\" sizes=\"(max-width: 500px) 100vw, 500px\" \/><\/a><p id=\"caption-attachment-9334\" class=\"wp-caption-text\">Hirsch im Naturpark Weserbergland &#8211; Copyright: VDN\/Gudrun Treuke-Daglioglu<\/p><\/div>\n<p>Je mehr Luft das Fell einschlie\u00dft, desto w\u00e4rmer ist es. Deshalb besteht das Winterfell nicht nur aus den langen Deckhaaren. Darunter wachsen kurze, krause Wollhaare. Zwischen den wolligen Unterhaaren bilden sich besonders viele Luftpolster, die vom K\u00f6rper erw\u00e4rmt werden. Beim Federkleid ist es genauso: Direkt auf der Haut wachsen den V\u00f6geln kleine, wuschelige Daunen. Zwischen ihren d\u00fcnnen \u00c4stchen sammeln die Daunen unz\u00e4hlige kleine Luftpolster.<\/p>\n<div id=\"attachment_9333\" style=\"width: 510px\" class=\"wp-caption aligncenter\"><a href=\"https:\/\/www.naturparkmagazin.de\/vdn\/wp-content\/uploads\/sites\/3\/rotkehlchen-34_beitrag.jpg\"><img aria-describedby=\"caption-attachment-9333\" decoding=\"async\" loading=\"lazy\" class=\"size-full wp-image-9333\" src=\"https:\/\/www.naturparkmagazin.de\/vdn\/wp-content\/uploads\/sites\/3\/rotkehlchen-34_beitrag.jpg\" alt=\"Rotkehlchen im Winter - Copyright: VDN\/wimi\" width=\"500\" height=\"300\" srcset=\"https:\/\/www.naturparkmagazin.de\/vdn\/wp-content\/uploads\/sites\/3\/rotkehlchen-34_beitrag.jpg 500w, https:\/\/www.naturparkmagazin.de\/vdn\/wp-content\/uploads\/sites\/3\/rotkehlchen-34_beitrag-300x180.jpg 300w, https:\/\/www.naturparkmagazin.de\/vdn\/wp-content\/uploads\/sites\/3\/rotkehlchen-34_beitrag-200x120.jpg 200w\" sizes=\"(max-width: 500px) 100vw, 500px\" \/><\/a><p id=\"caption-attachment-9333\" class=\"wp-caption-text\">Rotkehlchen im Winter &#8211; Copyright: VDN\/wimi<\/p><\/div>\n<p>Zus\u00e4tzlich wechselt h\u00e4ufig noch die Farbe des Fells oder des Federkleids, um sich den eher schneereicheren Bedingungen im Lebensraum anzupassen. Schneehasen und Schneeh\u00fchnern zum Beispiel wachsen im Herbst wei\u00dfe Deckhaare bzw. wei\u00dfe Federn, die nach und nach das braune Fell bzw. die braunen Federn \u00fcberdecken bzw. ersetzen.<\/p>\n<div id=\"attachment_9331\" style=\"width: 510px\" class=\"wp-caption aligncenter\"><a href=\"https:\/\/www.naturparkmagazin.de\/vdn\/wp-content\/uploads\/sites\/3\/Fotolia_137344041_S_beitrag.jpg\"><img aria-describedby=\"caption-attachment-9331\" decoding=\"async\" loading=\"lazy\" class=\"size-full wp-image-9331\" src=\"https:\/\/www.naturparkmagazin.de\/vdn\/wp-content\/uploads\/sites\/3\/Fotolia_137344041_S_beitrag.jpg\" alt=\"Schneehase - Copyright: MEISTERFOTO - fotolia.com\" width=\"500\" height=\"300\" srcset=\"https:\/\/www.naturparkmagazin.de\/vdn\/wp-content\/uploads\/sites\/3\/Fotolia_137344041_S_beitrag.jpg 500w, https:\/\/www.naturparkmagazin.de\/vdn\/wp-content\/uploads\/sites\/3\/Fotolia_137344041_S_beitrag-300x180.jpg 300w, https:\/\/www.naturparkmagazin.de\/vdn\/wp-content\/uploads\/sites\/3\/Fotolia_137344041_S_beitrag-200x120.jpg 200w\" sizes=\"(max-width: 500px) 100vw, 500px\" \/><\/a><p id=\"caption-attachment-9331\" class=\"wp-caption-text\">Schneehase &#8211; Copyright: MEISTERFOTO &#8211; fotolia.com<\/p><\/div>\n<div id=\"attachment_9332\" style=\"width: 510px\" class=\"wp-caption aligncenter\"><a href=\"https:\/\/www.naturparkmagazin.de\/vdn\/wp-content\/uploads\/sites\/3\/img-3579_beitrag.jpg\"><img aria-describedby=\"caption-attachment-9332\" decoding=\"async\" loading=\"lazy\" class=\"size-full wp-image-9332\" src=\"https:\/\/www.naturparkmagazin.de\/vdn\/wp-content\/uploads\/sites\/3\/img-3579_beitrag.jpg\" alt=\"Hermelin im Winterfell - Copyright: VDN\/Gerhard Glatz\" width=\"500\" height=\"300\" srcset=\"https:\/\/www.naturparkmagazin.de\/vdn\/wp-content\/uploads\/sites\/3\/img-3579_beitrag.jpg 500w, https:\/\/www.naturparkmagazin.de\/vdn\/wp-content\/uploads\/sites\/3\/img-3579_beitrag-300x180.jpg 300w, https:\/\/www.naturparkmagazin.de\/vdn\/wp-content\/uploads\/sites\/3\/img-3579_beitrag-200x120.jpg 200w\" sizes=\"(max-width: 500px) 100vw, 500px\" \/><\/a><p id=\"caption-attachment-9332\" class=\"wp-caption-text\">Hermelin im Winterfell &#8211; Copyright: VDN\/Gerhard Glatz<\/p><\/div>\n<p>So sind die Tiere in ihrer schneebedeckten Umgebung nicht nur gut getarnt, sondern auch w\u00e4rmer angezogen. Im Fr\u00fchling fallen die wei\u00dfen Haare wieder aus und das braune Fell kommt wieder zum Vorschein oder die dunkleren Federn wachsen wieder nach. Denn wie die Menschen freuen sich im Fr\u00fchling auch die Tiere,\u00a0 wieder luftigere Kleider tragen zu k\u00f6nnen.<\/p>\n<p>&nbsp;<\/p>\n","protected":false},"excerpt":{"rendered":"<p>Nicht nur die Menschen wollen es im Herbst und Winter warm haben, sondern auch die Tiere. Winterschlaf, Winterstarre, Flucht vor der K\u00e4lte und Winterfell oder ein winterliches Federkleid sind Ihre Alternativen zur Heizung. <\/p>\n","protected":false},"author":73,"featured_media":9335,"comment_status":"open","ping_status":"open","sticky":false,"template":"","format":"standard","meta":{"_links_to":"","_links_to_target":""},"categories":[51],"tags":[],"yoast_head":"<!-- This site is optimized with the Yoast SEO plugin v19.10 - https:\/\/yoast.com\/wordpress\/plugins\/seo\/ -->\n<title>Das Winterkleid der Tiere<\/title>\n<meta name=\"description\" content=\"Nicht nur die Menschen wollen es im Herbst und Winter warm haben, sondern auch die Tiere. Winterschlaf, Winterstarre, Flucht vor der K\u00e4lte und Winterfell oder ein winterliches Federkleid sind Ihre Alternativen zur Heizung.\" \/>\n<meta name=\"robots\" content=\"index, follow, max-snippet:-1, max-image-preview:large, max-video-preview:-1\" \/>\n<link rel=\"canonical\" href=\"https:\/\/www.naturparkmagazin.de\/vdn\/das-winterkleid-der-tiere\/\" \/>\n<meta property=\"og:locale\" content=\"de_DE\" \/>\n<meta property=\"og:type\" content=\"article\" \/>\n<meta property=\"og:title\" content=\"Das Winterkleid der Tiere\" \/>\n<meta property=\"og:description\" content=\"Nicht nur die Menschen wollen es im Herbst und Winter warm haben, sondern auch die Tiere. Winterschlaf, Winterstarre, Flucht vor der K\u00e4lte und Winterfell oder ein winterliches Federkleid sind Ihre Alternativen zur Heizung.\" \/>\n<meta property=\"og:url\" content=\"https:\/\/www.naturparkmagazin.de\/vdn\/das-winterkleid-der-tiere\/\" \/>\n<meta property=\"og:site_name\" content=\"Verband Deutscher Naturparke\" \/>\n<meta property=\"article:published_time\" content=\"2017-10-16T10:42:11+00:00\" \/>\n<meta property=\"article:modified_time\" content=\"2017-10-24T12:16:18+00:00\" \/>\n<meta property=\"og:image\" content=\"https:\/\/www.naturparkmagazin.de\/vdn\/wp-content\/uploads\/sites\/3\/Fotolia_137344041_S_beitragsbild.jpg\" \/>\n\t<meta property=\"og:image:width\" content=\"200\" \/>\n\t<meta property=\"og:image:height\" content=\"200\" \/>\n\t<meta property=\"og:image:type\" content=\"image\/jpeg\" \/>\n<meta name=\"author\" content=\"manuelamerz\" \/>\n<meta name=\"twitter:label1\" content=\"Verfasst von\" \/>\n\t<meta name=\"twitter:data1\" content=\"manuelamerz\" \/>\n\t<meta name=\"twitter:label2\" content=\"Gesch\u00e4tzte Lesezeit\" \/>\n\t<meta name=\"twitter:data2\" content=\"2\u00a0Minuten\" \/>\n<script type=\"application\/ld+json\" class=\"yoast-schema-graph\">{\"@context\":\"https:\/\/schema.org\",\"@graph\":[{\"@type\":\"WebPage\",\"@id\":\"https:\/\/www.naturparkmagazin.de\/vdn\/das-winterkleid-der-tiere\/\",\"url\":\"https:\/\/www.naturparkmagazin.de\/vdn\/das-winterkleid-der-tiere\/\",\"name\":\"Das Winterkleid der Tiere\",\"isPartOf\":{\"@id\":\"https:\/\/www.naturparkmagazin.de\/vdn\/#website\"},\"datePublished\":\"2017-10-16T10:42:11+00:00\",\"dateModified\":\"2017-10-24T12:16:18+00:00\",\"author\":{\"@id\":\"https:\/\/www.naturparkmagazin.de\/vdn\/#\/schema\/person\/3cff9b8773ed55f0189255fa9adfd57c\"},\"description\":\"Nicht nur die Menschen wollen es im Herbst und Winter warm haben, sondern auch die Tiere. Winterschlaf, Winterstarre, Flucht vor der K\u00e4lte und Winterfell oder ein winterliches Federkleid sind Ihre Alternativen zur Heizung.\",\"breadcrumb\":{\"@id\":\"https:\/\/www.naturparkmagazin.de\/vdn\/das-winterkleid-der-tiere\/#breadcrumb\"},\"inLanguage\":\"de\",\"potentialAction\":[{\"@type\":\"ReadAction\",\"target\":[\"https:\/\/www.naturparkmagazin.de\/vdn\/das-winterkleid-der-tiere\/\"]}]},{\"@type\":\"BreadcrumbList\",\"@id\":\"https:\/\/www.naturparkmagazin.de\/vdn\/das-winterkleid-der-tiere\/#breadcrumb\",\"itemListElement\":[{\"@type\":\"ListItem\",\"position\":1,\"name\":\"Home\",\"item\":\"https:\/\/www.naturparkmagazin.de\/vdn\/\"},{\"@type\":\"ListItem\",\"position\":2,\"name\":\"Das Winterkleid der Tiere\"}]},{\"@type\":\"WebSite\",\"@id\":\"https:\/\/www.naturparkmagazin.de\/vdn\/#website\",\"url\":\"https:\/\/www.naturparkmagazin.de\/vdn\/\",\"name\":\"Verband Deutscher Naturparke\",\"description\":\"Eine weitere Naturparkmagazin.de Netzwerk Seite\",\"potentialAction\":[{\"@type\":\"SearchAction\",\"target\":{\"@type\":\"EntryPoint\",\"urlTemplate\":\"https:\/\/www.naturparkmagazin.de\/vdn\/?s={search_term_string}\"},\"query-input\":\"required name=search_term_string\"}],\"inLanguage\":\"de\"},{\"@type\":\"Person\",\"@id\":\"https:\/\/www.naturparkmagazin.de\/vdn\/#\/schema\/person\/3cff9b8773ed55f0189255fa9adfd57c\",\"name\":\"manuelamerz\",\"url\":\"https:\/\/www.naturparkmagazin.de\/vdn\/author\/manuelamerz\/\"}]}<\/script>\n<!-- \/ Yoast SEO plugin. -->","yoast_head_json":{"title":"Das Winterkleid der Tiere","description":"Nicht nur die Menschen wollen es im Herbst und Winter warm haben, sondern auch die Tiere. Winterschlaf, Winterstarre, Flucht vor der K\u00e4lte und Winterfell oder ein winterliches Federkleid sind Ihre Alternativen zur Heizung.","robots":{"index":"index","follow":"follow","max-snippet":"max-snippet:-1","max-image-preview":"max-image-preview:large","max-video-preview":"max-video-preview:-1"},"canonical":"https:\/\/www.naturparkmagazin.de\/vdn\/das-winterkleid-der-tiere\/","og_locale":"de_DE","og_type":"article","og_title":"Das Winterkleid der Tiere","og_description":"Nicht nur die Menschen wollen es im Herbst und Winter warm haben, sondern auch die Tiere. Winterschlaf, Winterstarre, Flucht vor der K\u00e4lte und Winterfell oder ein winterliches Federkleid sind Ihre Alternativen zur Heizung.","og_url":"https:\/\/www.naturparkmagazin.de\/vdn\/das-winterkleid-der-tiere\/","og_site_name":"Verband Deutscher Naturparke","article_published_time":"2017-10-16T10:42:11+00:00","article_modified_time":"2017-10-24T12:16:18+00:00","og_image":[{"width":200,"height":200,"url":"https:\/\/www.naturparkmagazin.de\/vdn\/wp-content\/uploads\/sites\/3\/Fotolia_137344041_S_beitragsbild.jpg","type":"image\/jpeg"}],"author":"manuelamerz","twitter_misc":{"Verfasst von":"manuelamerz","Gesch\u00e4tzte Lesezeit":"2\u00a0Minuten"},"schema":{"@context":"https:\/\/schema.org","@graph":[{"@type":"WebPage","@id":"https:\/\/www.naturparkmagazin.de\/vdn\/das-winterkleid-der-tiere\/","url":"https:\/\/www.naturparkmagazin.de\/vdn\/das-winterkleid-der-tiere\/","name":"Das Winterkleid der Tiere","isPartOf":{"@id":"https:\/\/www.naturparkmagazin.de\/vdn\/#website"},"datePublished":"2017-10-16T10:42:11+00:00","dateModified":"2017-10-24T12:16:18+00:00","author":{"@id":"https:\/\/www.naturparkmagazin.de\/vdn\/#\/schema\/person\/3cff9b8773ed55f0189255fa9adfd57c"},"description":"Nicht nur die Menschen wollen es im Herbst und Winter warm haben, sondern auch die Tiere. Winterschlaf, Winterstarre, Flucht vor der K\u00e4lte und Winterfell oder ein winterliches Federkleid sind Ihre Alternativen zur Heizung.","breadcrumb":{"@id":"https:\/\/www.naturparkmagazin.de\/vdn\/das-winterkleid-der-tiere\/#breadcrumb"},"inLanguage":"de","potentialAction":[{"@type":"ReadAction","target":["https:\/\/www.naturparkmagazin.de\/vdn\/das-winterkleid-der-tiere\/"]}]},{"@type":"BreadcrumbList","@id":"https:\/\/www.naturparkmagazin.de\/vdn\/das-winterkleid-der-tiere\/#breadcrumb","itemListElement":[{"@type":"ListItem","position":1,"name":"Home","item":"https:\/\/www.naturparkmagazin.de\/vdn\/"},{"@type":"ListItem","position":2,"name":"Das Winterkleid der Tiere"}]},{"@type":"WebSite","@id":"https:\/\/www.naturparkmagazin.de\/vdn\/#website","url":"https:\/\/www.naturparkmagazin.de\/vdn\/","name":"Verband Deutscher Naturparke","description":"Eine weitere Naturparkmagazin.de Netzwerk Seite","potentialAction":[{"@type":"SearchAction","target":{"@type":"EntryPoint","urlTemplate":"https:\/\/www.naturparkmagazin.de\/vdn\/?s={search_term_string}"},"query-input":"required name=search_term_string"}],"inLanguage":"de"},{"@type":"Person","@id":"https:\/\/www.naturparkmagazin.de\/vdn\/#\/schema\/person\/3cff9b8773ed55f0189255fa9adfd57c","name":"manuelamerz","url":"https:\/\/www.naturparkmagazin.de\/vdn\/author\/manuelamerz\/"}]}},"_links":{"self":[{"href":"https:\/\/www.naturparkmagazin.de\/vdn\/wp-json\/wp\/v2\/posts\/9295"}],"collection":[{"href":"https:\/\/www.naturparkmagazin.de\/vdn\/wp-json\/wp\/v2\/posts"}],"about":[{"href":"https:\/\/www.naturparkmagazin.de\/vdn\/wp-json\/wp\/v2\/types\/post"}],"author":[{"embeddable":true,"href":"https:\/\/www.naturparkmagazin.de\/vdn\/wp-json\/wp\/v2\/users\/73"}],"replies":[{"embeddable":true,"href":"https:\/\/www.naturparkmagazin.de\/vdn\/wp-json\/wp\/v2\/comments?post=9295"}],"version-history":[{"count":8,"href":"https:\/\/www.naturparkmagazin.de\/vdn\/wp-json\/wp\/v2\/posts\/9295\/revisions"}],"predecessor-version":[{"id":9372,"href":"https:\/\/www.naturparkmagazin.de\/vdn\/wp-json\/wp\/v2\/posts\/9295\/revisions\/9372"}],"wp:featuredmedia":[{"embeddable":true,"href":"https:\/\/www.naturparkmagazin.de\/vdn\/wp-json\/wp\/v2\/media\/9335"}],"wp:attachment":[{"href":"https:\/\/www.naturparkmagazin.de\/vdn\/wp-json\/wp\/v2\/media?parent=9295"}],"wp:term":[{"taxonomy":"category","embeddable":true,"href":"https:\/\/www.naturparkmagazin.de\/vdn\/wp-json\/wp\/v2\/categories?post=9295"},{"taxonomy":"post_tag","embeddable":true,"href":"https:\/\/www.naturparkmagazin.de\/vdn\/wp-json\/wp\/v2\/tags?post=9295"}],"curies":[{"name":"wp","href":"https:\/\/api.w.org\/{rel}","templated":true}]}}