{"id":9302,"date":"2017-10-16T13:13:21","date_gmt":"2017-10-16T11:13:21","guid":{"rendered":"http:\/\/www.naturparkmagazin.de\/vdn\/?p=9302"},"modified":"2017-10-16T12:57:30","modified_gmt":"2017-10-16T10:57:30","slug":"naturparke-europas-landschaften-voller-leben","status":"publish","type":"post","link":"https:\/\/www.naturparkmagazin.de\/vdn\/naturparke-europas-landschaften-voller-leben\/","title":{"rendered":"Naturparke Europas \u2013 Landschaften voller Leben!"},"content":{"rendered":"<div id=\"attachment_9317\" style=\"width: 360px\" class=\"wp-caption aligncenter\"><a href=\"https:\/\/www.naturparkmagazin.de\/vdn\/wp-content\/uploads\/sites\/3\/Living-Landscapes_Titel_beitrag.jpg\"><img aria-describedby=\"caption-attachment-9317\" decoding=\"async\" loading=\"lazy\" class=\"wp-image-9317 size-full\" src=\"https:\/\/www.naturparkmagazin.de\/vdn\/wp-content\/uploads\/sites\/3\/Living-Landscapes_Titel_beitrag.jpg\" alt=\"Copyright: VDN\" width=\"350\" height=\"500\" srcset=\"https:\/\/www.naturparkmagazin.de\/vdn\/wp-content\/uploads\/sites\/3\/Living-Landscapes_Titel_beitrag.jpg 350w, https:\/\/www.naturparkmagazin.de\/vdn\/wp-content\/uploads\/sites\/3\/Living-Landscapes_Titel_beitrag-300x429.jpg 300w, https:\/\/www.naturparkmagazin.de\/vdn\/wp-content\/uploads\/sites\/3\/Living-Landscapes_Titel_beitrag-200x286.jpg 200w\" sizes=\"(max-width: 350px) 100vw, 350px\" \/><\/a><p id=\"caption-attachment-9317\" class=\"wp-caption-text\">Copyright: VDN<\/p><\/div>\n<p>Das Buch \u201eLandschaften voller Leben\u201c vermittelt erstmalig eine \u00dcbersicht \u00fcber die Naturparke und ihre Arbeit in den Staaten der Europ\u00e4ischen Union, Norwegen und der Schweiz. Seit diesem Monat kann nun auch die deutsche Fassung des Buches auf <a href=\"https:\/\/www.naturparke.de\/service\/infothek.html\" target=\"_blank\">https:\/\/www.naturparke.de\/service\/infothek.html<\/a> heruntergeladen werden.<\/p>\n<p>Die \u00fcber 900 Naturparke Europas k\u00f6nnten vielf\u00e4ltiger nicht sein \u2013 sie umfassen die unterschiedlichsten Natur- und Kulturlandschaften, sind Lebens-, Arbeits- und Erholungsort f\u00fcr zahlreiche Menschen und beheimaten eine F\u00fclle von Tier- und Pflanzenarten. Ihnen ist gemeinsam, dass sie die Entwicklung der l\u00e4ndlichen R\u00e4ume, die F\u00f6rderung einer nachhaltigen Landnutzung und eines naturvertr\u00e4glichen Tourismus sowie Bildung f\u00fcr nachhaltige Entwicklung in zukunftsweisender Form mit dem Schutz der biologischen Vielfalt verbinden. Naturparke sind Landschaften voller Leben, Mensch und Natur geh\u00f6ren hier untrennbar zusammen. Sie beziehen die Menschen vor Ort in ihre Arbeit ein, kooperieren eng mit den Gemeinden, Landkreisen und St\u00e4dten und unterst\u00fctzen das Erreichen von Nachhaltigkeitszielen in ihren jeweiligen Staaten. Sie sind wahrhaft europ\u00e4isch, denn sie setzen europ\u00e4ische Ziele und F\u00f6rderprogramme in ihren Regionen um und bringen die europ\u00e4ische Idee den Menschen nahe.<\/p>\n<p>Das Buch \u201eLandschaften voller Leben\u201c ist im Rahmen des Projekts \u201eEurope\u2019s Nature-, Regional-, and Landscape Parks\u201c entstanden, das der Verband Deutscher Naturparke von Oktober 2014 bis September 2017 mit F\u00f6rderung des Bundesamtes f\u00fcr Naturschutz aus Mitteln des Bundesministeriums f\u00fcr Umwelt, Naturschutz, Bau und Reaktorsicherheit durchf\u00fchrte.<\/p>\n<p>&nbsp;<\/p>\n","protected":false},"excerpt":{"rendered":"<p>Als Produkt des Monats stellen wir Ihnen diesen Monat eine Publikation \u00fcber die Naturparke Europas vor.<\/p>\n","protected":false},"author":73,"featured_media":9318,"comment_status":"open","ping_status":"open","sticky":false,"template":"","format":"standard","meta":{"_links_to":"","_links_to_target":""},"categories":[13],"tags":[],"yoast_head":"<!-- This site is optimized with the Yoast SEO plugin v19.10 - https:\/\/yoast.com\/wordpress\/plugins\/seo\/ -->\n<title>Naturparke Europas \u2013 Landschaften voller Leben!<\/title>\n<meta name=\"description\" content=\"Als Produkt des Monats stellen wir Ihnen diesen Monat eine Publikation \u00fcber die Naturparke Europas vor.\" \/>\n<meta name=\"robots\" content=\"index, follow, max-snippet:-1, max-image-preview:large, max-video-preview:-1\" \/>\n<link rel=\"canonical\" href=\"https:\/\/www.naturparkmagazin.de\/vdn\/naturparke-europas-landschaften-voller-leben\/\" \/>\n<meta property=\"og:locale\" content=\"de_DE\" \/>\n<meta property=\"og:type\" content=\"article\" \/>\n<meta property=\"og:title\" content=\"Naturparke Europas \u2013 Landschaften voller Leben!\" \/>\n<meta property=\"og:description\" content=\"Als Produkt des Monats stellen wir Ihnen diesen Monat eine Publikation \u00fcber die Naturparke Europas vor.\" \/>\n<meta property=\"og:url\" content=\"https:\/\/www.naturparkmagazin.de\/vdn\/naturparke-europas-landschaften-voller-leben\/\" \/>\n<meta property=\"og:site_name\" content=\"Verband Deutscher Naturparke\" \/>\n<meta property=\"article:published_time\" content=\"2017-10-16T11:13:21+00:00\" \/>\n<meta property=\"article:modified_time\" content=\"2017-10-16T10:57:30+00:00\" \/>\n<meta property=\"og:image\" content=\"https:\/\/www.naturparkmagazin.de\/vdn\/wp-content\/uploads\/sites\/3\/titel_beitragsbild.jpg\" \/>\n\t<meta property=\"og:image:width\" content=\"200\" \/>\n\t<meta property=\"og:image:height\" content=\"200\" \/>\n\t<meta property=\"og:image:type\" content=\"image\/jpeg\" \/>\n<meta name=\"author\" content=\"manuelamerz\" \/>\n<meta name=\"twitter:label1\" content=\"Verfasst von\" \/>\n\t<meta name=\"twitter:data1\" content=\"manuelamerz\" \/>\n\t<meta name=\"twitter:label2\" content=\"Gesch\u00e4tzte Lesezeit\" \/>\n\t<meta name=\"twitter:data2\" content=\"1\u00a0Minute\" \/>\n<script type=\"application\/ld+json\" class=\"yoast-schema-graph\">{\"@context\":\"https:\/\/schema.org\",\"@graph\":[{\"@type\":\"WebPage\",\"@id\":\"https:\/\/www.naturparkmagazin.de\/vdn\/naturparke-europas-landschaften-voller-leben\/\",\"url\":\"https:\/\/www.naturparkmagazin.de\/vdn\/naturparke-europas-landschaften-voller-leben\/\",\"name\":\"Naturparke Europas \u2013 Landschaften voller Leben!\",\"isPartOf\":{\"@id\":\"https:\/\/www.naturparkmagazin.de\/vdn\/#website\"},\"datePublished\":\"2017-10-16T11:13:21+00:00\",\"dateModified\":\"2017-10-16T10:57:30+00:00\",\"author\":{\"@id\":\"https:\/\/www.naturparkmagazin.de\/vdn\/#\/schema\/person\/3cff9b8773ed55f0189255fa9adfd57c\"},\"description\":\"Als Produkt des Monats stellen wir Ihnen diesen Monat eine Publikation \u00fcber die Naturparke Europas vor.\",\"breadcrumb\":{\"@id\":\"https:\/\/www.naturparkmagazin.de\/vdn\/naturparke-europas-landschaften-voller-leben\/#breadcrumb\"},\"inLanguage\":\"de\",\"potentialAction\":[{\"@type\":\"ReadAction\",\"target\":[\"https:\/\/www.naturparkmagazin.de\/vdn\/naturparke-europas-landschaften-voller-leben\/\"]}]},{\"@type\":\"BreadcrumbList\",\"@id\":\"https:\/\/www.naturparkmagazin.de\/vdn\/naturparke-europas-landschaften-voller-leben\/#breadcrumb\",\"itemListElement\":[{\"@type\":\"ListItem\",\"position\":1,\"name\":\"Home\",\"item\":\"https:\/\/www.naturparkmagazin.de\/vdn\/\"},{\"@type\":\"ListItem\",\"position\":2,\"name\":\"Naturparke Europas \u2013 Landschaften voller Leben!\"}]},{\"@type\":\"WebSite\",\"@id\":\"https:\/\/www.naturparkmagazin.de\/vdn\/#website\",\"url\":\"https:\/\/www.naturparkmagazin.de\/vdn\/\",\"name\":\"Verband Deutscher Naturparke\",\"description\":\"Eine weitere Naturparkmagazin.de Netzwerk Seite\",\"potentialAction\":[{\"@type\":\"SearchAction\",\"target\":{\"@type\":\"EntryPoint\",\"urlTemplate\":\"https:\/\/www.naturparkmagazin.de\/vdn\/?s={search_term_string}\"},\"query-input\":\"required name=search_term_string\"}],\"inLanguage\":\"de\"},{\"@type\":\"Person\",\"@id\":\"https:\/\/www.naturparkmagazin.de\/vdn\/#\/schema\/person\/3cff9b8773ed55f0189255fa9adfd57c\",\"name\":\"manuelamerz\",\"url\":\"https:\/\/www.naturparkmagazin.de\/vdn\/author\/manuelamerz\/\"}]}<\/script>\n<!-- \/ Yoast SEO plugin. -->","yoast_head_json":{"title":"Naturparke Europas \u2013 Landschaften voller Leben!","description":"Als Produkt des Monats stellen wir Ihnen diesen Monat eine Publikation \u00fcber die Naturparke Europas vor.","robots":{"index":"index","follow":"follow","max-snippet":"max-snippet:-1","max-image-preview":"max-image-preview:large","max-video-preview":"max-video-preview:-1"},"canonical":"https:\/\/www.naturparkmagazin.de\/vdn\/naturparke-europas-landschaften-voller-leben\/","og_locale":"de_DE","og_type":"article","og_title":"Naturparke Europas \u2013 Landschaften voller Leben!","og_description":"Als Produkt des Monats stellen wir Ihnen diesen Monat eine Publikation \u00fcber die Naturparke Europas vor.","og_url":"https:\/\/www.naturparkmagazin.de\/vdn\/naturparke-europas-landschaften-voller-leben\/","og_site_name":"Verband Deutscher Naturparke","article_published_time":"2017-10-16T11:13:21+00:00","article_modified_time":"2017-10-16T10:57:30+00:00","og_image":[{"width":200,"height":200,"url":"https:\/\/www.naturparkmagazin.de\/vdn\/wp-content\/uploads\/sites\/3\/titel_beitragsbild.jpg","type":"image\/jpeg"}],"author":"manuelamerz","twitter_misc":{"Verfasst von":"manuelamerz","Gesch\u00e4tzte Lesezeit":"1\u00a0Minute"},"schema":{"@context":"https:\/\/schema.org","@graph":[{"@type":"WebPage","@id":"https:\/\/www.naturparkmagazin.de\/vdn\/naturparke-europas-landschaften-voller-leben\/","url":"https:\/\/www.naturparkmagazin.de\/vdn\/naturparke-europas-landschaften-voller-leben\/","name":"Naturparke Europas \u2013 Landschaften voller Leben!","isPartOf":{"@id":"https:\/\/www.naturparkmagazin.de\/vdn\/#website"},"datePublished":"2017-10-16T11:13:21+00:00","dateModified":"2017-10-16T10:57:30+00:00","author":{"@id":"https:\/\/www.naturparkmagazin.de\/vdn\/#\/schema\/person\/3cff9b8773ed55f0189255fa9adfd57c"},"description":"Als Produkt des Monats stellen wir Ihnen diesen Monat eine Publikation \u00fcber die Naturparke Europas vor.","breadcrumb":{"@id":"https:\/\/www.naturparkmagazin.de\/vdn\/naturparke-europas-landschaften-voller-leben\/#breadcrumb"},"inLanguage":"de","potentialAction":[{"@type":"ReadAction","target":["https:\/\/www.naturparkmagazin.de\/vdn\/naturparke-europas-landschaften-voller-leben\/"]}]},{"@type":"BreadcrumbList","@id":"https:\/\/www.naturparkmagazin.de\/vdn\/naturparke-europas-landschaften-voller-leben\/#breadcrumb","itemListElement":[{"@type":"ListItem","position":1,"name":"Home","item":"https:\/\/www.naturparkmagazin.de\/vdn\/"},{"@type":"ListItem","position":2,"name":"Naturparke Europas \u2013 Landschaften voller Leben!"}]},{"@type":"WebSite","@id":"https:\/\/www.naturparkmagazin.de\/vdn\/#website","url":"https:\/\/www.naturparkmagazin.de\/vdn\/","name":"Verband Deutscher Naturparke","description":"Eine weitere Naturparkmagazin.de Netzwerk Seite","potentialAction":[{"@type":"SearchAction","target":{"@type":"EntryPoint","urlTemplate":"https:\/\/www.naturparkmagazin.de\/vdn\/?s={search_term_string}"},"query-input":"required name=search_term_string"}],"inLanguage":"de"},{"@type":"Person","@id":"https:\/\/www.naturparkmagazin.de\/vdn\/#\/schema\/person\/3cff9b8773ed55f0189255fa9adfd57c","name":"manuelamerz","url":"https:\/\/www.naturparkmagazin.de\/vdn\/author\/manuelamerz\/"}]}},"_links":{"self":[{"href":"https:\/\/www.naturparkmagazin.de\/vdn\/wp-json\/wp\/v2\/posts\/9302"}],"collection":[{"href":"https:\/\/www.naturparkmagazin.de\/vdn\/wp-json\/wp\/v2\/posts"}],"about":[{"href":"https:\/\/www.naturparkmagazin.de\/vdn\/wp-json\/wp\/v2\/types\/post"}],"author":[{"embeddable":true,"href":"https:\/\/www.naturparkmagazin.de\/vdn\/wp-json\/wp\/v2\/users\/73"}],"replies":[{"embeddable":true,"href":"https:\/\/www.naturparkmagazin.de\/vdn\/wp-json\/wp\/v2\/comments?post=9302"}],"version-history":[{"count":7,"href":"https:\/\/www.naturparkmagazin.de\/vdn\/wp-json\/wp\/v2\/posts\/9302\/revisions"}],"predecessor-version":[{"id":9328,"href":"https:\/\/www.naturparkmagazin.de\/vdn\/wp-json\/wp\/v2\/posts\/9302\/revisions\/9328"}],"wp:featuredmedia":[{"embeddable":true,"href":"https:\/\/www.naturparkmagazin.de\/vdn\/wp-json\/wp\/v2\/media\/9318"}],"wp:attachment":[{"href":"https:\/\/www.naturparkmagazin.de\/vdn\/wp-json\/wp\/v2\/media?parent=9302"}],"wp:term":[{"taxonomy":"category","embeddable":true,"href":"https:\/\/www.naturparkmagazin.de\/vdn\/wp-json\/wp\/v2\/categories?post=9302"},{"taxonomy":"post_tag","embeddable":true,"href":"https:\/\/www.naturparkmagazin.de\/vdn\/wp-json\/wp\/v2\/tags?post=9302"}],"curies":[{"name":"wp","href":"https:\/\/api.w.org\/{rel}","templated":true}]}}