{"id":9304,"date":"2017-10-16T12:26:39","date_gmt":"2017-10-16T10:26:39","guid":{"rendered":"http:\/\/www.naturparkmagazin.de\/vdn\/?p=9304"},"modified":"2017-10-16T15:10:56","modified_gmt":"2017-10-16T13:10:56","slug":"loermecke-turm","status":"publish","type":"post","link":"https:\/\/www.naturparkmagazin.de\/vdn\/loermecke-turm\/","title":{"rendered":"L\u00f6rmecke-Turm"},"content":{"rendered":"<div id=\"attachment_9306\" style=\"width: 310px\" class=\"wp-caption alignnone\"><a href=\"https:\/\/www.naturparkmagazin.de\/vdn\/wp-content\/uploads\/sites\/3\/loermecke_turm-untenb.jpg\"><img aria-describedby=\"caption-attachment-9306\" decoding=\"async\" loading=\"lazy\" class=\"size-full wp-image-9306\" src=\"https:\/\/www.naturparkmagazin.de\/vdn\/wp-content\/uploads\/sites\/3\/loermecke_turm-untenb.jpg\" alt=\"L\u00f6rmecke-Turm \u00a9 Naturpark Arnsberger Wald\" width=\"300\" height=\"500\" srcset=\"https:\/\/www.naturparkmagazin.de\/vdn\/wp-content\/uploads\/sites\/3\/loermecke_turm-untenb.jpg 300w, https:\/\/www.naturparkmagazin.de\/vdn\/wp-content\/uploads\/sites\/3\/loermecke_turm-untenb-200x333.jpg 200w\" sizes=\"(max-width: 300px) 100vw, 300px\" \/><\/a><p id=\"caption-attachment-9306\" class=\"wp-caption-text\">L\u00f6rmecke-Turm \u00a9 Naturpark Arnsberger Wald<\/p><\/div>\n<p>Zwischen Warstein und Eversberg ragt mit 35 m der L\u00f6rmecke-Turm aus dem Arnsberger Wald. Er garantiert bei gutem Wetter eine grandiose Panoramasicht ins Hochsauerland, \u00fcber den Haarstrang und die westf\u00e4lische Bucht bis zum Teutoburger Wald. Er schafft einen atemberaubenden Einblick \u00fcber das Gebiet, in dem die Sauerland-Waldroute verl\u00e4uft. Damit gilt er als Wahrzeichen des Qualit\u00e4tswanderwegs.<\/p>\n<p><strong>Der Turm<\/strong><\/p>\n<p>Der Turm wurde am h\u00f6chsten Punkt des Arnsberger Waldes errichtet und befindet sich damit 581 m \u00fcber dem Meeresspiegel. Seine Au\u00dfenh\u00fclle bilden 144 Douglasienrundh\u00f6lzer, die jeweils ca. 12 m lang sind. Dies macht ihn in seiner Form und Konstruktion einzigartig. Au\u00dferdem erm\u00f6glicht diese filigrane Bauweise dem Besucher auch w\u00e4hrend des Aufstiegs jederzeit eine nahezu freie Sicht in alle Richtungen. So bleibt kein Blick auf das sagenumwogene Meer aus Laub- und Nadelb\u00e4umen verwehrt.<\/p>\n<p><strong>Hoher Turm mit tiefem Sinn<\/strong><\/p>\n<p>Das Aussichtsbauwerk befindet sich oberhalb des Einzugsgebiets des L\u00f6rmecke-Bachs. Der Turm wurde westlich der L\u00f6rmecke-Quelle errichtet. Die L\u00f6rmecke speist das Grundwasser des Warsteiner Massenkalks und tr\u00e4gt damit ma\u00dfgeblich zur \u00f6ffentlichen Trinkwasserversorgung bei. Der Turm steht so f\u00fcr das Geschenk der Natur, das die gesicherte Belieferung der Menschen im s\u00fcdlichen Soester Kreisgebiet mit wertvollem Wasser darstellt.<\/p>\n<p>&nbsp;<\/p>\n<p><strong>Vollmondwanderung mit dem Ranger <\/strong><\/p>\n<p>Vom L\u00f6rmecketurm-Parkplatz geht es \u00fcber den Plackweg, (ein alter Handelweg) am Holl\u00e4nderholz vorbei durch angrenzende, naturnah bewirtschaftete Stadtw\u00e4lder Meschedes und Warstein.\nVom L\u00f6rmecketurm aus hat man einen n\u00e4chtlichen Blick auf die umliegenden Ortschaften.\nZur\u00fcck geht es \u00fcber die Jahresbaum Allee, durch das n\u00e4chtliche Hochmoor Moosspring, entlang der Wideyquelle durchs Wideytal zum Parkplatz.<\/p>\n<p><strong>Treffpunkt<\/strong>: Parkplatz L\u00f6rmecketurm an der B55 zwischen Warstein und Meschede<\/p>\n<p><strong>Datum<\/strong>: Sonntag, 05.11.17 um 18:00 Uhr (weitere Daten: 03.12. um 18.00 Uhr)<\/p>\n<p><strong>Dauer<\/strong>: 6km (3 Std.)<\/p>\n<p><strong>Kosten<\/strong>: Erwachsene 5,-\u20ac, Kinder und Jugendliche sind kostenfrei<\/p>\n<p><strong><u>Anmeldung notwendig<\/u><\/strong><u>\u00a0<\/u>unter der Nummer\u00a0<strong>0171\/5872083<\/strong><\/p>\n<p>&nbsp;<\/p>\n<p>&nbsp;<\/p>\n","protected":false},"excerpt":{"rendered":"<p>Zwischen Warstein und Eversberg ragt mit 35 m der L\u00f6rmecke-Turm aus dem Arnsberger Wald. Er garantiert bei gutem Wetter eine grandiose Panoramasicht ins Hochsauerland, \u00fcber den Haarstrang und die westf\u00e4lische Bucht bis zum Teutoburger Wald. <\/p>\n","protected":false},"author":73,"featured_media":9305,"comment_status":"open","ping_status":"open","sticky":false,"template":"","format":"standard","meta":{"_links_to":"","_links_to_target":""},"categories":[617],"tags":[],"yoast_head":"<!-- This site is optimized with the Yoast SEO plugin v19.10 - https:\/\/yoast.com\/wordpress\/plugins\/seo\/ -->\n<title>L\u00f6rmecke-Turm<\/title>\n<meta name=\"description\" content=\"Zwischen Warstein und Eversberg ragt mit 35 m der L\u00f6rmecke-Turm aus dem Arnsberger Wald. Er garantiert bei gutem Wetter eine grandiose Panoramasicht ins Hochsauerland, \u00fcber den Haarstrang und die westf\u00e4lische Bucht bis zum Teutoburger Wald.\" \/>\n<meta name=\"robots\" content=\"index, follow, max-snippet:-1, max-image-preview:large, max-video-preview:-1\" \/>\n<link rel=\"canonical\" href=\"https:\/\/www.naturparkmagazin.de\/vdn\/loermecke-turm\/\" \/>\n<meta property=\"og:locale\" content=\"de_DE\" \/>\n<meta property=\"og:type\" content=\"article\" \/>\n<meta property=\"og:title\" content=\"L\u00f6rmecke-Turm\" \/>\n<meta property=\"og:description\" content=\"Zwischen Warstein und Eversberg ragt mit 35 m der L\u00f6rmecke-Turm aus dem Arnsberger Wald. Er garantiert bei gutem Wetter eine grandiose Panoramasicht ins Hochsauerland, \u00fcber den Haarstrang und die westf\u00e4lische Bucht bis zum Teutoburger Wald.\" \/>\n<meta property=\"og:url\" content=\"https:\/\/www.naturparkmagazin.de\/vdn\/loermecke-turm\/\" \/>\n<meta property=\"og:site_name\" content=\"Verband Deutscher Naturparke\" \/>\n<meta property=\"article:published_time\" content=\"2017-10-16T10:26:39+00:00\" \/>\n<meta property=\"article:modified_time\" content=\"2017-10-16T13:10:56+00:00\" \/>\n<meta property=\"og:image\" content=\"https:\/\/www.naturparkmagazin.de\/vdn\/wp-content\/uploads\/sites\/3\/Zweckverband-Naturpark-Arnsberger-Wald-L\u00f6rmecke_Turm_Ballonbf.jpg\" \/>\n\t<meta property=\"og:image:width\" content=\"200\" \/>\n\t<meta property=\"og:image:height\" content=\"200\" \/>\n\t<meta property=\"og:image:type\" content=\"image\/jpeg\" \/>\n<meta name=\"author\" content=\"manuelamerz\" \/>\n<meta name=\"twitter:label1\" content=\"Verfasst von\" \/>\n\t<meta name=\"twitter:data1\" content=\"manuelamerz\" \/>\n\t<meta name=\"twitter:label2\" content=\"Gesch\u00e4tzte Lesezeit\" \/>\n\t<meta name=\"twitter:data2\" content=\"2\u00a0Minuten\" \/>\n<script type=\"application\/ld+json\" class=\"yoast-schema-graph\">{\"@context\":\"https:\/\/schema.org\",\"@graph\":[{\"@type\":\"WebPage\",\"@id\":\"https:\/\/www.naturparkmagazin.de\/vdn\/loermecke-turm\/\",\"url\":\"https:\/\/www.naturparkmagazin.de\/vdn\/loermecke-turm\/\",\"name\":\"L\u00f6rmecke-Turm\",\"isPartOf\":{\"@id\":\"https:\/\/www.naturparkmagazin.de\/vdn\/#website\"},\"datePublished\":\"2017-10-16T10:26:39+00:00\",\"dateModified\":\"2017-10-16T13:10:56+00:00\",\"author\":{\"@id\":\"https:\/\/www.naturparkmagazin.de\/vdn\/#\/schema\/person\/3cff9b8773ed55f0189255fa9adfd57c\"},\"description\":\"Zwischen Warstein und Eversberg ragt mit 35 m der L\u00f6rmecke-Turm aus dem Arnsberger Wald. Er garantiert bei gutem Wetter eine grandiose Panoramasicht ins Hochsauerland, \u00fcber den Haarstrang und die westf\u00e4lische Bucht bis zum Teutoburger Wald.\",\"breadcrumb\":{\"@id\":\"https:\/\/www.naturparkmagazin.de\/vdn\/loermecke-turm\/#breadcrumb\"},\"inLanguage\":\"de\",\"potentialAction\":[{\"@type\":\"ReadAction\",\"target\":[\"https:\/\/www.naturparkmagazin.de\/vdn\/loermecke-turm\/\"]}]},{\"@type\":\"BreadcrumbList\",\"@id\":\"https:\/\/www.naturparkmagazin.de\/vdn\/loermecke-turm\/#breadcrumb\",\"itemListElement\":[{\"@type\":\"ListItem\",\"position\":1,\"name\":\"Home\",\"item\":\"https:\/\/www.naturparkmagazin.de\/vdn\/\"},{\"@type\":\"ListItem\",\"position\":2,\"name\":\"L\u00f6rmecke-Turm\"}]},{\"@type\":\"WebSite\",\"@id\":\"https:\/\/www.naturparkmagazin.de\/vdn\/#website\",\"url\":\"https:\/\/www.naturparkmagazin.de\/vdn\/\",\"name\":\"Verband Deutscher Naturparke\",\"description\":\"Eine weitere Naturparkmagazin.de Netzwerk Seite\",\"potentialAction\":[{\"@type\":\"SearchAction\",\"target\":{\"@type\":\"EntryPoint\",\"urlTemplate\":\"https:\/\/www.naturparkmagazin.de\/vdn\/?s={search_term_string}\"},\"query-input\":\"required name=search_term_string\"}],\"inLanguage\":\"de\"},{\"@type\":\"Person\",\"@id\":\"https:\/\/www.naturparkmagazin.de\/vdn\/#\/schema\/person\/3cff9b8773ed55f0189255fa9adfd57c\",\"name\":\"manuelamerz\",\"url\":\"https:\/\/www.naturparkmagazin.de\/vdn\/author\/manuelamerz\/\"}]}<\/script>\n<!-- \/ Yoast SEO plugin. -->","yoast_head_json":{"title":"L\u00f6rmecke-Turm","description":"Zwischen Warstein und Eversberg ragt mit 35 m der L\u00f6rmecke-Turm aus dem Arnsberger Wald. Er garantiert bei gutem Wetter eine grandiose Panoramasicht ins Hochsauerland, \u00fcber den Haarstrang und die westf\u00e4lische Bucht bis zum Teutoburger Wald.","robots":{"index":"index","follow":"follow","max-snippet":"max-snippet:-1","max-image-preview":"max-image-preview:large","max-video-preview":"max-video-preview:-1"},"canonical":"https:\/\/www.naturparkmagazin.de\/vdn\/loermecke-turm\/","og_locale":"de_DE","og_type":"article","og_title":"L\u00f6rmecke-Turm","og_description":"Zwischen Warstein und Eversberg ragt mit 35 m der L\u00f6rmecke-Turm aus dem Arnsberger Wald. Er garantiert bei gutem Wetter eine grandiose Panoramasicht ins Hochsauerland, \u00fcber den Haarstrang und die westf\u00e4lische Bucht bis zum Teutoburger Wald.","og_url":"https:\/\/www.naturparkmagazin.de\/vdn\/loermecke-turm\/","og_site_name":"Verband Deutscher Naturparke","article_published_time":"2017-10-16T10:26:39+00:00","article_modified_time":"2017-10-16T13:10:56+00:00","og_image":[{"width":200,"height":200,"url":"https:\/\/www.naturparkmagazin.de\/vdn\/wp-content\/uploads\/sites\/3\/Zweckverband-Naturpark-Arnsberger-Wald-L\u00f6rmecke_Turm_Ballonbf.jpg","type":"image\/jpeg"}],"author":"manuelamerz","twitter_misc":{"Verfasst von":"manuelamerz","Gesch\u00e4tzte Lesezeit":"2\u00a0Minuten"},"schema":{"@context":"https:\/\/schema.org","@graph":[{"@type":"WebPage","@id":"https:\/\/www.naturparkmagazin.de\/vdn\/loermecke-turm\/","url":"https:\/\/www.naturparkmagazin.de\/vdn\/loermecke-turm\/","name":"L\u00f6rmecke-Turm","isPartOf":{"@id":"https:\/\/www.naturparkmagazin.de\/vdn\/#website"},"datePublished":"2017-10-16T10:26:39+00:00","dateModified":"2017-10-16T13:10:56+00:00","author":{"@id":"https:\/\/www.naturparkmagazin.de\/vdn\/#\/schema\/person\/3cff9b8773ed55f0189255fa9adfd57c"},"description":"Zwischen Warstein und Eversberg ragt mit 35 m der L\u00f6rmecke-Turm aus dem Arnsberger Wald. Er garantiert bei gutem Wetter eine grandiose Panoramasicht ins Hochsauerland, \u00fcber den Haarstrang und die westf\u00e4lische Bucht bis zum Teutoburger Wald.","breadcrumb":{"@id":"https:\/\/www.naturparkmagazin.de\/vdn\/loermecke-turm\/#breadcrumb"},"inLanguage":"de","potentialAction":[{"@type":"ReadAction","target":["https:\/\/www.naturparkmagazin.de\/vdn\/loermecke-turm\/"]}]},{"@type":"BreadcrumbList","@id":"https:\/\/www.naturparkmagazin.de\/vdn\/loermecke-turm\/#breadcrumb","itemListElement":[{"@type":"ListItem","position":1,"name":"Home","item":"https:\/\/www.naturparkmagazin.de\/vdn\/"},{"@type":"ListItem","position":2,"name":"L\u00f6rmecke-Turm"}]},{"@type":"WebSite","@id":"https:\/\/www.naturparkmagazin.de\/vdn\/#website","url":"https:\/\/www.naturparkmagazin.de\/vdn\/","name":"Verband Deutscher Naturparke","description":"Eine weitere Naturparkmagazin.de Netzwerk Seite","potentialAction":[{"@type":"SearchAction","target":{"@type":"EntryPoint","urlTemplate":"https:\/\/www.naturparkmagazin.de\/vdn\/?s={search_term_string}"},"query-input":"required name=search_term_string"}],"inLanguage":"de"},{"@type":"Person","@id":"https:\/\/www.naturparkmagazin.de\/vdn\/#\/schema\/person\/3cff9b8773ed55f0189255fa9adfd57c","name":"manuelamerz","url":"https:\/\/www.naturparkmagazin.de\/vdn\/author\/manuelamerz\/"}]}},"_links":{"self":[{"href":"https:\/\/www.naturparkmagazin.de\/vdn\/wp-json\/wp\/v2\/posts\/9304"}],"collection":[{"href":"https:\/\/www.naturparkmagazin.de\/vdn\/wp-json\/wp\/v2\/posts"}],"about":[{"href":"https:\/\/www.naturparkmagazin.de\/vdn\/wp-json\/wp\/v2\/types\/post"}],"author":[{"embeddable":true,"href":"https:\/\/www.naturparkmagazin.de\/vdn\/wp-json\/wp\/v2\/users\/73"}],"replies":[{"embeddable":true,"href":"https:\/\/www.naturparkmagazin.de\/vdn\/wp-json\/wp\/v2\/comments?post=9304"}],"version-history":[{"count":2,"href":"https:\/\/www.naturparkmagazin.de\/vdn\/wp-json\/wp\/v2\/posts\/9304\/revisions"}],"predecessor-version":[{"id":9357,"href":"https:\/\/www.naturparkmagazin.de\/vdn\/wp-json\/wp\/v2\/posts\/9304\/revisions\/9357"}],"wp:featuredmedia":[{"embeddable":true,"href":"https:\/\/www.naturparkmagazin.de\/vdn\/wp-json\/wp\/v2\/media\/9305"}],"wp:attachment":[{"href":"https:\/\/www.naturparkmagazin.de\/vdn\/wp-json\/wp\/v2\/media?parent=9304"}],"wp:term":[{"taxonomy":"category","embeddable":true,"href":"https:\/\/www.naturparkmagazin.de\/vdn\/wp-json\/wp\/v2\/categories?post=9304"},{"taxonomy":"post_tag","embeddable":true,"href":"https:\/\/www.naturparkmagazin.de\/vdn\/wp-json\/wp\/v2\/tags?post=9304"}],"curies":[{"name":"wp","href":"https:\/\/api.w.org\/{rel}","templated":true}]}}