{"id":9381,"date":"2017-11-14T11:22:07","date_gmt":"2017-11-14T10:22:07","guid":{"rendered":"http:\/\/www.naturparkmagazin.de\/vdn\/?p=9381"},"modified":"2017-11-16T12:19:31","modified_gmt":"2017-11-16T11:19:31","slug":"naturpark-bayerische-rhoen","status":"publish","type":"post","link":"https:\/\/www.naturparkmagazin.de\/vdn\/naturpark-bayerische-rhoen\/","title":{"rendered":"Naturpark Bayerische Rh\u00f6n"},"content":{"rendered":"<div id=\"attachment_9384\" style=\"width: 510px\" class=\"wp-caption aligncenter\"><a href=\"https:\/\/www.naturparkmagazin.de\/vdn\/wp-content\/uploads\/sites\/3\/PC142567b.jpg\"><img aria-describedby=\"caption-attachment-9384\" decoding=\"async\" loading=\"lazy\" class=\"size-full wp-image-9384\" src=\"https:\/\/www.naturparkmagazin.de\/vdn\/wp-content\/uploads\/sites\/3\/PC142567b.jpg\" alt=\"Lange Rh\u00f6n \u00a9 VDN \/ Beyer\" width=\"500\" height=\"300\" srcset=\"https:\/\/www.naturparkmagazin.de\/vdn\/wp-content\/uploads\/sites\/3\/PC142567b.jpg 500w, https:\/\/www.naturparkmagazin.de\/vdn\/wp-content\/uploads\/sites\/3\/PC142567b-300x180.jpg 300w, https:\/\/www.naturparkmagazin.de\/vdn\/wp-content\/uploads\/sites\/3\/PC142567b-200x120.jpg 200w\" sizes=\"(max-width: 500px) 100vw, 500px\" \/><\/a><p id=\"caption-attachment-9384\" class=\"wp-caption-text\">Lange Rh\u00f6n \u00a9 VDN \/ Beyer<\/p><\/div>\n<p>Den Naturpark Bayerische Rh\u00f6n kennzeichnen \u00fcberregional bekannte Sehensw\u00fcrdigkeiten wie das Kloster Kreuzberg bei Bischofsheim\/Rh\u00f6n, das Schwarze Moor bei Fladungen, sowie die gro\u00dfen Naturschutzgebiete Lange Rh\u00f6n und Schwarze Berge. Mit Deutschlands gr\u00f6\u00dften Borstgrasrasen gilt die Rh\u00f6n als das &#8222;Land der offenen Fernen&#8220;.<\/p>\n<p>&nbsp;<\/p>\n<div id=\"attachment_9388\" style=\"width: 510px\" class=\"wp-caption aligncenter\"><a href=\"https:\/\/www.naturparkmagazin.de\/vdn\/wp-content\/uploads\/sites\/3\/sonne-nebel-hochrhn-42b.jpg\"><img aria-describedby=\"caption-attachment-9388\" decoding=\"async\" loading=\"lazy\" class=\"size-full wp-image-9388\" src=\"https:\/\/www.naturparkmagazin.de\/vdn\/wp-content\/uploads\/sites\/3\/sonne-nebel-hochrhn-42b.jpg\" alt=\"Lichtblicke \u00a9 VDN \/ Werner\" width=\"500\" height=\"300\" srcset=\"https:\/\/www.naturparkmagazin.de\/vdn\/wp-content\/uploads\/sites\/3\/sonne-nebel-hochrhn-42b.jpg 500w, https:\/\/www.naturparkmagazin.de\/vdn\/wp-content\/uploads\/sites\/3\/sonne-nebel-hochrhn-42b-300x180.jpg 300w, https:\/\/www.naturparkmagazin.de\/vdn\/wp-content\/uploads\/sites\/3\/sonne-nebel-hochrhn-42b-200x120.jpg 200w\" sizes=\"(max-width: 500px) 100vw, 500px\" \/><\/a><p id=\"caption-attachment-9388\" class=\"wp-caption-text\">Lichtblicke \u00a9 VDN \/ Werner<\/p><\/div>\n<p>Der Naturpark Bayerische Rh\u00f6n feierte im Oktober 2017 sein 50-j\u00e4hriges Bestehen. In einem Festakt begr\u00fc\u00dfte der 1. Vorsitzende Landrat Thomas Bold die bayerische Staatsministerin Ulrike Scharf, sowie zahlreiche G\u00e4ste in der Bayerischen Musikakademie. Umweltministerin Scharf betonte in ihrer Festrede die hohe Bedeutung der Naturparke f\u00fcr Bayern: &#8222;Naturparke sind Naturerlebnisregionen aller erster G\u00fcte. Sie sind Laboratorien, in denen wir ganz praktisch erproben, wie sich Naturschutz und Entwicklung verbinden. Fast ein Drittel der Landesfl\u00e4che Bayerns ist Teil eines Naturparks. Darauf k\u00f6nnen wir stolz sein.&#8220; F\u00fcr den Naturpark Rh\u00f6n unterstrich die Ministerin: &#8222;Der Naturpark Rh\u00f6n ist ein Juwel unter den bayerischen Naturparken. Das Land der offenen Fernen begeistert Einheimische wie G\u00e4ste. Das liegt auch an den Menschen, die sich hier engagieren. Ihnen gilt mein besonderer Dank.&#8220;<\/p>\n<p>&nbsp;<\/p>\n<div id=\"attachment_9389\" style=\"width: 510px\" class=\"wp-caption aligncenter\"><a href=\"https:\/\/www.naturparkmagazin.de\/vdn\/wp-content\/uploads\/sites\/3\/bergwieselr-stark-verkleinert-Kopieb.jpg\"><img aria-describedby=\"caption-attachment-9389\" decoding=\"async\" loading=\"lazy\" class=\"wp-image-9389 size-full\" src=\"https:\/\/www.naturparkmagazin.de\/vdn\/wp-content\/uploads\/sites\/3\/bergwieselr-stark-verkleinert-Kopieb.jpg\" alt=\"bergwieselr-stark-verkleinert - Kopieb\" width=\"500\" height=\"300\" srcset=\"https:\/\/www.naturparkmagazin.de\/vdn\/wp-content\/uploads\/sites\/3\/bergwieselr-stark-verkleinert-Kopieb.jpg 500w, https:\/\/www.naturparkmagazin.de\/vdn\/wp-content\/uploads\/sites\/3\/bergwieselr-stark-verkleinert-Kopieb-300x180.jpg 300w, https:\/\/www.naturparkmagazin.de\/vdn\/wp-content\/uploads\/sites\/3\/bergwieselr-stark-verkleinert-Kopieb-200x120.jpg 200w\" sizes=\"(max-width: 500px) 100vw, 500px\" \/><\/a><p id=\"caption-attachment-9389\" class=\"wp-caption-text\">Bergwiese \u00a9 Naturpark Bayerische Rh\u00f6n<\/p><\/div>\n<p>Im Jahr 1967 wurde der Naturpark Bayerische Rh\u00f6n als 35. Naturpark in Deutschland mit einer Fl\u00e4che von 125.000 Hektar ins Leben gerufen.<\/p>\n<p>&nbsp;<\/p>\n<div id=\"attachment_9385\" style=\"width: 310px\" class=\"wp-caption aligncenter\"><a href=\"https:\/\/www.naturparkmagazin.de\/vdn\/wp-content\/uploads\/sites\/3\/IMG_4441b.jpg\"><img aria-describedby=\"caption-attachment-9385\" decoding=\"async\" loading=\"lazy\" class=\"size-full wp-image-9385\" src=\"https:\/\/www.naturparkmagazin.de\/vdn\/wp-content\/uploads\/sites\/3\/IMG_4441b.jpg\" alt=\"Franziskusweg \u00a9 VDN \/ Gerd Herleth\" width=\"300\" height=\"500\" srcset=\"https:\/\/www.naturparkmagazin.de\/vdn\/wp-content\/uploads\/sites\/3\/IMG_4441b.jpg 300w, https:\/\/www.naturparkmagazin.de\/vdn\/wp-content\/uploads\/sites\/3\/IMG_4441b-200x333.jpg 200w\" sizes=\"(max-width: 300px) 100vw, 300px\" \/><\/a><p id=\"caption-attachment-9385\" class=\"wp-caption-text\">Franziskusweg \u00a9 VDN \/ Gerd Herleth<\/p><\/div>\n<p>&nbsp;<\/p>\n<p>In einem aus \u00f6kologischer Sicht sehr wertvollen Natur- und Kulturraum k\u00fcmmert sich der Tr\u00e4gerverein \u201eNaturpark &amp; Biosph\u00e4renreservat Bayerische Rh\u00f6n\u201c insbesondere um Umweltbildung und -information, Rad- und Wanderwege sowie Lehrpfade und Infrastruktur im Sinne eines nachhaltigen Tourismus.<\/p>\n<p>&nbsp;<\/p>\n<div id=\"attachment_9386\" style=\"width: 510px\" class=\"wp-caption aligncenter\"><a href=\"https:\/\/www.naturparkmagazin.de\/vdn\/wp-content\/uploads\/sites\/3\/schwarzes-moor-2b.jpg\"><img aria-describedby=\"caption-attachment-9386\" decoding=\"async\" loading=\"lazy\" class=\"size-full wp-image-9386\" src=\"https:\/\/www.naturparkmagazin.de\/vdn\/wp-content\/uploads\/sites\/3\/schwarzes-moor-2b.jpg\" alt=\"Winter im Moor \u00a9 VDN \/ Werner\" width=\"500\" height=\"300\" srcset=\"https:\/\/www.naturparkmagazin.de\/vdn\/wp-content\/uploads\/sites\/3\/schwarzes-moor-2b.jpg 500w, https:\/\/www.naturparkmagazin.de\/vdn\/wp-content\/uploads\/sites\/3\/schwarzes-moor-2b-300x180.jpg 300w, https:\/\/www.naturparkmagazin.de\/vdn\/wp-content\/uploads\/sites\/3\/schwarzes-moor-2b-200x120.jpg 200w\" sizes=\"(max-width: 500px) 100vw, 500px\" \/><\/a><p id=\"caption-attachment-9386\" class=\"wp-caption-text\">Winter im Moor \u00a9 VDN \/ Werner<\/p><\/div>\n<p>&nbsp;<\/p>\n<p>Interessant ist das breite Spektrum an Lebensr\u00e4umen in der bayerischen Rh\u00f6n. So gibt es die Hochfl\u00e4chen auf der Rh\u00f6n \u2013 dem \u201eLand der offenen Fernen\u201c &#8211; mit montanem Klima und z. B. gro\u00dffl\u00e4chig zusammenh\u00e4ngenden Bergwiesen sowie dem auf 800 Meter H\u00f6he gelegenen wertvollen Schwarzen Moor bei Fladungen. Weiter laden die gro\u00dfen Waldfl\u00e4chen im Bereich des Salzforstes und des Waldfensterer sowie Neuwirtsh\u00e4user Forstes zu ausgedehnte Wanderungen ein. Und schlie\u00dflich bereichern die klimatisch beg\u00fcnstigten Weinanbaugebiete im Bereich des Fr\u00e4nkischen Saaletals bei Hammelburg das vielgestaltige Landschaftsbild der Rh\u00f6n.<\/p>\n<p>&nbsp;<\/p>\n<div id=\"attachment_9387\" style=\"width: 510px\" class=\"wp-caption aligncenter\"><a href=\"https:\/\/www.naturparkmagazin.de\/vdn\/wp-content\/uploads\/sites\/3\/BR.SodenB3b.jpg\"><img aria-describedby=\"caption-attachment-9387\" decoding=\"async\" loading=\"lazy\" class=\"size-full wp-image-9387\" src=\"https:\/\/www.naturparkmagazin.de\/vdn\/wp-content\/uploads\/sites\/3\/BR.SodenB3b.jpg\" alt=\"Sodenberg \u00a9 VDN \/ Christian L\u00f6sch\" width=\"500\" height=\"300\" srcset=\"https:\/\/www.naturparkmagazin.de\/vdn\/wp-content\/uploads\/sites\/3\/BR.SodenB3b.jpg 500w, https:\/\/www.naturparkmagazin.de\/vdn\/wp-content\/uploads\/sites\/3\/BR.SodenB3b-300x180.jpg 300w, https:\/\/www.naturparkmagazin.de\/vdn\/wp-content\/uploads\/sites\/3\/BR.SodenB3b-200x120.jpg 200w\" sizes=\"(max-width: 500px) 100vw, 500px\" \/><\/a><p id=\"caption-attachment-9387\" class=\"wp-caption-text\">Sodenberg \u00a9 VDN \/ Christian L\u00f6sch<\/p><\/div>\n<p>Auf rund 3400 km Wanderwegen und 1300 km Radwegen sowie 160 km Loipen l\u00e4sst sich die durch eine hohe Biodiversit\u00e4t ausgezeichnete Kulturlandschaft erleben. Lassen auch Sie sich von dem \u201eLand der Offenen Fernen\u201c verzaubern!<\/p>\n<p>&nbsp;<\/p>\n","protected":false},"excerpt":{"rendered":"<p>Der Naturpark Bayerische Rh\u00f6n liegt mitten in Deutschland im Drei-L\u00e4nder-Eck Bayern, Hessen, Th\u00fcringen. Seit 1991 sind gro\u00dfe Teile des Naturparks von der Weltkulturorganisation UNESCO als bayerischer Teil des l\u00e4nder\u00fcbergreifenden Biosph\u00e4renreservates Rh\u00f6n anerkannt. Die Erlebnisregion erster G\u00fcte mit ihren \u00fcberregional bekannte Sehensw\u00fcrdigkeiten und gro\u00dfen Naturschutzgebieten feierte im Oktober 2017 den 50sten Geburtstag.<\/p>\n","protected":false},"author":73,"featured_media":9383,"comment_status":"open","ping_status":"open","sticky":false,"template":"","format":"standard","meta":{"_links_to":"","_links_to_target":""},"categories":[15],"tags":[],"yoast_head":"<!-- This site is optimized with the Yoast SEO plugin v19.10 - https:\/\/yoast.com\/wordpress\/plugins\/seo\/ -->\n<title>Naturpark Bayerische Rh\u00f6n<\/title>\n<meta name=\"description\" content=\"Der Naturpark Bayerische Rh\u00f6n liegt mitten in Deutschland im Drei-L\u00e4nder-Eck Bayern, Hessen, Th\u00fcringen. Seit 1991 sind gro\u00dfe Teile des Naturparks von der Weltkulturorganisation UNESCO als bayerischer Teil des l\u00e4nder\u00fcbergreifenden Biosph\u00e4renreservates Rh\u00f6n anerkannt. Die Erlebnisregion erster G\u00fcte mit ihren \u00fcberregional bekannte Sehensw\u00fcrdigkeiten und gro\u00dfen Naturschutzgebieten feierte im Oktober 2017 den 50sten Geburtstag.\" \/>\n<meta name=\"robots\" content=\"index, follow, max-snippet:-1, max-image-preview:large, max-video-preview:-1\" \/>\n<link rel=\"canonical\" href=\"https:\/\/www.naturparkmagazin.de\/vdn\/naturpark-bayerische-rhoen\/\" \/>\n<meta property=\"og:locale\" content=\"de_DE\" \/>\n<meta property=\"og:type\" content=\"article\" \/>\n<meta property=\"og:title\" content=\"Naturpark Bayerische Rh\u00f6n\" \/>\n<meta property=\"og:description\" content=\"Der Naturpark Bayerische Rh\u00f6n liegt mitten in Deutschland im Drei-L\u00e4nder-Eck Bayern, Hessen, Th\u00fcringen. Seit 1991 sind gro\u00dfe Teile des Naturparks von der Weltkulturorganisation UNESCO als bayerischer Teil des l\u00e4nder\u00fcbergreifenden Biosph\u00e4renreservates Rh\u00f6n anerkannt. Die Erlebnisregion erster G\u00fcte mit ihren \u00fcberregional bekannte Sehensw\u00fcrdigkeiten und gro\u00dfen Naturschutzgebieten feierte im Oktober 2017 den 50sten Geburtstag.\" \/>\n<meta property=\"og:url\" content=\"https:\/\/www.naturparkmagazin.de\/vdn\/naturpark-bayerische-rhoen\/\" \/>\n<meta property=\"og:site_name\" content=\"Verband Deutscher Naturparke\" \/>\n<meta property=\"article:published_time\" content=\"2017-11-14T10:22:07+00:00\" \/>\n<meta property=\"article:modified_time\" content=\"2017-11-16T11:19:31+00:00\" \/>\n<meta property=\"og:image\" content=\"https:\/\/www.naturparkmagazin.de\/vdn\/wp-content\/uploads\/sites\/3\/PC142567bf.jpg\" \/>\n\t<meta property=\"og:image:width\" content=\"200\" \/>\n\t<meta property=\"og:image:height\" content=\"200\" \/>\n\t<meta property=\"og:image:type\" content=\"image\/jpeg\" \/>\n<meta name=\"author\" content=\"manuelamerz\" \/>\n<meta name=\"twitter:label1\" content=\"Verfasst von\" \/>\n\t<meta name=\"twitter:data1\" content=\"manuelamerz\" \/>\n\t<meta name=\"twitter:label2\" content=\"Gesch\u00e4tzte Lesezeit\" \/>\n\t<meta name=\"twitter:data2\" content=\"2\u00a0Minuten\" \/>\n<script type=\"application\/ld+json\" class=\"yoast-schema-graph\">{\"@context\":\"https:\/\/schema.org\",\"@graph\":[{\"@type\":\"WebPage\",\"@id\":\"https:\/\/www.naturparkmagazin.de\/vdn\/naturpark-bayerische-rhoen\/\",\"url\":\"https:\/\/www.naturparkmagazin.de\/vdn\/naturpark-bayerische-rhoen\/\",\"name\":\"Naturpark Bayerische Rh\u00f6n\",\"isPartOf\":{\"@id\":\"https:\/\/www.naturparkmagazin.de\/vdn\/#website\"},\"datePublished\":\"2017-11-14T10:22:07+00:00\",\"dateModified\":\"2017-11-16T11:19:31+00:00\",\"author\":{\"@id\":\"https:\/\/www.naturparkmagazin.de\/vdn\/#\/schema\/person\/3cff9b8773ed55f0189255fa9adfd57c\"},\"description\":\"Der Naturpark Bayerische Rh\u00f6n liegt mitten in Deutschland im Drei-L\u00e4nder-Eck Bayern, Hessen, Th\u00fcringen. Seit 1991 sind gro\u00dfe Teile des Naturparks von der Weltkulturorganisation UNESCO als bayerischer Teil des l\u00e4nder\u00fcbergreifenden Biosph\u00e4renreservates Rh\u00f6n anerkannt. Die Erlebnisregion erster G\u00fcte mit ihren \u00fcberregional bekannte Sehensw\u00fcrdigkeiten und gro\u00dfen Naturschutzgebieten feierte im Oktober 2017 den 50sten Geburtstag.\",\"breadcrumb\":{\"@id\":\"https:\/\/www.naturparkmagazin.de\/vdn\/naturpark-bayerische-rhoen\/#breadcrumb\"},\"inLanguage\":\"de\",\"potentialAction\":[{\"@type\":\"ReadAction\",\"target\":[\"https:\/\/www.naturparkmagazin.de\/vdn\/naturpark-bayerische-rhoen\/\"]}]},{\"@type\":\"BreadcrumbList\",\"@id\":\"https:\/\/www.naturparkmagazin.de\/vdn\/naturpark-bayerische-rhoen\/#breadcrumb\",\"itemListElement\":[{\"@type\":\"ListItem\",\"position\":1,\"name\":\"Home\",\"item\":\"https:\/\/www.naturparkmagazin.de\/vdn\/\"},{\"@type\":\"ListItem\",\"position\":2,\"name\":\"Naturpark Bayerische Rh\u00f6n\"}]},{\"@type\":\"WebSite\",\"@id\":\"https:\/\/www.naturparkmagazin.de\/vdn\/#website\",\"url\":\"https:\/\/www.naturparkmagazin.de\/vdn\/\",\"name\":\"Verband Deutscher Naturparke\",\"description\":\"Eine weitere Naturparkmagazin.de Netzwerk Seite\",\"potentialAction\":[{\"@type\":\"SearchAction\",\"target\":{\"@type\":\"EntryPoint\",\"urlTemplate\":\"https:\/\/www.naturparkmagazin.de\/vdn\/?s={search_term_string}\"},\"query-input\":\"required name=search_term_string\"}],\"inLanguage\":\"de\"},{\"@type\":\"Person\",\"@id\":\"https:\/\/www.naturparkmagazin.de\/vdn\/#\/schema\/person\/3cff9b8773ed55f0189255fa9adfd57c\",\"name\":\"manuelamerz\",\"url\":\"https:\/\/www.naturparkmagazin.de\/vdn\/author\/manuelamerz\/\"}]}<\/script>\n<!-- \/ Yoast SEO plugin. -->","yoast_head_json":{"title":"Naturpark Bayerische Rh\u00f6n","description":"Der Naturpark Bayerische Rh\u00f6n liegt mitten in Deutschland im Drei-L\u00e4nder-Eck Bayern, Hessen, Th\u00fcringen. Seit 1991 sind gro\u00dfe Teile des Naturparks von der Weltkulturorganisation UNESCO als bayerischer Teil des l\u00e4nder\u00fcbergreifenden Biosph\u00e4renreservates Rh\u00f6n anerkannt. Die Erlebnisregion erster G\u00fcte mit ihren \u00fcberregional bekannte Sehensw\u00fcrdigkeiten und gro\u00dfen Naturschutzgebieten feierte im Oktober 2017 den 50sten Geburtstag.","robots":{"index":"index","follow":"follow","max-snippet":"max-snippet:-1","max-image-preview":"max-image-preview:large","max-video-preview":"max-video-preview:-1"},"canonical":"https:\/\/www.naturparkmagazin.de\/vdn\/naturpark-bayerische-rhoen\/","og_locale":"de_DE","og_type":"article","og_title":"Naturpark Bayerische Rh\u00f6n","og_description":"Der Naturpark Bayerische Rh\u00f6n liegt mitten in Deutschland im Drei-L\u00e4nder-Eck Bayern, Hessen, Th\u00fcringen. Seit 1991 sind gro\u00dfe Teile des Naturparks von der Weltkulturorganisation UNESCO als bayerischer Teil des l\u00e4nder\u00fcbergreifenden Biosph\u00e4renreservates Rh\u00f6n anerkannt. Die Erlebnisregion erster G\u00fcte mit ihren \u00fcberregional bekannte Sehensw\u00fcrdigkeiten und gro\u00dfen Naturschutzgebieten feierte im Oktober 2017 den 50sten Geburtstag.","og_url":"https:\/\/www.naturparkmagazin.de\/vdn\/naturpark-bayerische-rhoen\/","og_site_name":"Verband Deutscher Naturparke","article_published_time":"2017-11-14T10:22:07+00:00","article_modified_time":"2017-11-16T11:19:31+00:00","og_image":[{"width":200,"height":200,"url":"https:\/\/www.naturparkmagazin.de\/vdn\/wp-content\/uploads\/sites\/3\/PC142567bf.jpg","type":"image\/jpeg"}],"author":"manuelamerz","twitter_misc":{"Verfasst von":"manuelamerz","Gesch\u00e4tzte Lesezeit":"2\u00a0Minuten"},"schema":{"@context":"https:\/\/schema.org","@graph":[{"@type":"WebPage","@id":"https:\/\/www.naturparkmagazin.de\/vdn\/naturpark-bayerische-rhoen\/","url":"https:\/\/www.naturparkmagazin.de\/vdn\/naturpark-bayerische-rhoen\/","name":"Naturpark Bayerische Rh\u00f6n","isPartOf":{"@id":"https:\/\/www.naturparkmagazin.de\/vdn\/#website"},"datePublished":"2017-11-14T10:22:07+00:00","dateModified":"2017-11-16T11:19:31+00:00","author":{"@id":"https:\/\/www.naturparkmagazin.de\/vdn\/#\/schema\/person\/3cff9b8773ed55f0189255fa9adfd57c"},"description":"Der Naturpark Bayerische Rh\u00f6n liegt mitten in Deutschland im Drei-L\u00e4nder-Eck Bayern, Hessen, Th\u00fcringen. Seit 1991 sind gro\u00dfe Teile des Naturparks von der Weltkulturorganisation UNESCO als bayerischer Teil des l\u00e4nder\u00fcbergreifenden Biosph\u00e4renreservates Rh\u00f6n anerkannt. Die Erlebnisregion erster G\u00fcte mit ihren \u00fcberregional bekannte Sehensw\u00fcrdigkeiten und gro\u00dfen Naturschutzgebieten feierte im Oktober 2017 den 50sten Geburtstag.","breadcrumb":{"@id":"https:\/\/www.naturparkmagazin.de\/vdn\/naturpark-bayerische-rhoen\/#breadcrumb"},"inLanguage":"de","potentialAction":[{"@type":"ReadAction","target":["https:\/\/www.naturparkmagazin.de\/vdn\/naturpark-bayerische-rhoen\/"]}]},{"@type":"BreadcrumbList","@id":"https:\/\/www.naturparkmagazin.de\/vdn\/naturpark-bayerische-rhoen\/#breadcrumb","itemListElement":[{"@type":"ListItem","position":1,"name":"Home","item":"https:\/\/www.naturparkmagazin.de\/vdn\/"},{"@type":"ListItem","position":2,"name":"Naturpark Bayerische Rh\u00f6n"}]},{"@type":"WebSite","@id":"https:\/\/www.naturparkmagazin.de\/vdn\/#website","url":"https:\/\/www.naturparkmagazin.de\/vdn\/","name":"Verband Deutscher Naturparke","description":"Eine weitere Naturparkmagazin.de Netzwerk Seite","potentialAction":[{"@type":"SearchAction","target":{"@type":"EntryPoint","urlTemplate":"https:\/\/www.naturparkmagazin.de\/vdn\/?s={search_term_string}"},"query-input":"required name=search_term_string"}],"inLanguage":"de"},{"@type":"Person","@id":"https:\/\/www.naturparkmagazin.de\/vdn\/#\/schema\/person\/3cff9b8773ed55f0189255fa9adfd57c","name":"manuelamerz","url":"https:\/\/www.naturparkmagazin.de\/vdn\/author\/manuelamerz\/"}]}},"_links":{"self":[{"href":"https:\/\/www.naturparkmagazin.de\/vdn\/wp-json\/wp\/v2\/posts\/9381"}],"collection":[{"href":"https:\/\/www.naturparkmagazin.de\/vdn\/wp-json\/wp\/v2\/posts"}],"about":[{"href":"https:\/\/www.naturparkmagazin.de\/vdn\/wp-json\/wp\/v2\/types\/post"}],"author":[{"embeddable":true,"href":"https:\/\/www.naturparkmagazin.de\/vdn\/wp-json\/wp\/v2\/users\/73"}],"replies":[{"embeddable":true,"href":"https:\/\/www.naturparkmagazin.de\/vdn\/wp-json\/wp\/v2\/comments?post=9381"}],"version-history":[{"count":8,"href":"https:\/\/www.naturparkmagazin.de\/vdn\/wp-json\/wp\/v2\/posts\/9381\/revisions"}],"predecessor-version":[{"id":9460,"href":"https:\/\/www.naturparkmagazin.de\/vdn\/wp-json\/wp\/v2\/posts\/9381\/revisions\/9460"}],"wp:featuredmedia":[{"embeddable":true,"href":"https:\/\/www.naturparkmagazin.de\/vdn\/wp-json\/wp\/v2\/media\/9383"}],"wp:attachment":[{"href":"https:\/\/www.naturparkmagazin.de\/vdn\/wp-json\/wp\/v2\/media?parent=9381"}],"wp:term":[{"taxonomy":"category","embeddable":true,"href":"https:\/\/www.naturparkmagazin.de\/vdn\/wp-json\/wp\/v2\/categories?post=9381"},{"taxonomy":"post_tag","embeddable":true,"href":"https:\/\/www.naturparkmagazin.de\/vdn\/wp-json\/wp\/v2\/tags?post=9381"}],"curies":[{"name":"wp","href":"https:\/\/api.w.org\/{rel}","templated":true}]}}