{"id":9410,"date":"2017-11-14T12:15:41","date_gmt":"2017-11-14T11:15:41","guid":{"rendered":"http:\/\/www.naturparkmagazin.de\/vdn\/?p=9410"},"modified":"2017-11-30T11:38:42","modified_gmt":"2017-11-30T10:38:42","slug":"ab-in-die-natur-reisen-in-die-naturparke-2018","status":"publish","type":"post","link":"https:\/\/www.naturparkmagazin.de\/vdn\/ab-in-die-natur-reisen-in-die-naturparke-2018\/","title":{"rendered":"\u201eAb in die Natur!\u201c \u2013 Reisen in die Naturparke 2018"},"content":{"rendered":"<div id=\"attachment_9411\" style=\"width: 310px\" class=\"wp-caption alignnone\"><a href=\"https:\/\/www.naturparkmagazin.de\/vdn\/wp-content\/uploads\/sites\/3\/Reisebrosch\u00fcre_Titel_webb.jpg\"><img aria-describedby=\"caption-attachment-9411\" decoding=\"async\" loading=\"lazy\" class=\"wp-image-9411 size-full\" src=\"https:\/\/www.naturparkmagazin.de\/vdn\/wp-content\/uploads\/sites\/3\/Reisebrosch\u00fcre_Titel_webb.jpg\" alt=\"Reisebrosch\u00fcre 2018 \u00a9 VDN\" width=\"300\" height=\"500\" srcset=\"https:\/\/www.naturparkmagazin.de\/vdn\/wp-content\/uploads\/sites\/3\/Reisebrosch\u00fcre_Titel_webb.jpg 300w, https:\/\/www.naturparkmagazin.de\/vdn\/wp-content\/uploads\/sites\/3\/Reisebrosch\u00fcre_Titel_webb-200x333.jpg 200w\" sizes=\"(max-width: 300px) 100vw, 300px\" \/><\/a><p id=\"caption-attachment-9411\" class=\"wp-caption-text\">Reisebrosch\u00fcre 2018 \u00a9 VDN<\/p><\/div>\n<p>Unterwegs in Naturparken \u2013 hier kann jeder etwas erleben. Raus aus dem Alltag, rein in die Natur, eintauchen in die Vielfalt der Wahrnehmungen und Beobachtungen: Das frische Gr\u00fcn der Wiesen, der gurgelnde Bach am Wegesrand, die k\u00fchle Luft beim Eintreten in den Wald oder das rhythmische H\u00e4mmern eines Spechtes. Mit der neuen Reisebrosch\u00fcre 2018 m\u00f6chten wir Sie einladen, Naturparke f\u00fcr sich zu entdecken. \u201eReisen in die Naturparke 2018\u201c enth\u00e4lt neben buchbaren Naturerlebnis-Angeboten aus Naturparken in Deutschland auch Angebote aus \u00d6sterreich, der Schweiz und Luxemburg.<\/p>\n<p>Wer sich die Planung leichtmachen will, findet auf der Website des Verbandes Deutscher Naturparke www.naturparke.de unter &#8222;Angebotssuche&#8220; die Reiseangebote in dieser Brosch\u00fcre sowie viele weitere, attraktive Vorschl\u00e4ge.<\/p>\n<p>&nbsp;<\/p>\n<p>&gt;&gt; <a href=\"https:\/\/www.naturparke.de\/service\/infothek.html\" target=\"_blank\">Hier<\/a> k\u00f6nnen Sie \u201eReisen in die Naturparke 2018\u201c downloaden<\/p>\n<p>&gt;&gt; <a href=\"https:\/\/www.naturparke.de\/service\/presse\/pressemitteilungen\/nachricht\/ab-in-die-natur-reisen-in-die-naturparke-2018.html\" target=\"_blank\">Hier<\/a> k\u00f6nnen Sie die Pressemitteilung downloaden<\/p>\n<p>&gt;&gt; <a href=\"https:\/\/www.naturparke.de\/\" target=\"_blank\">Hier<\/a> geht es zur Angebotssuche der Erlebnisdatenbank<\/p>\n","protected":false},"excerpt":{"rendered":"<p>Mit der neuen Reisebrosch\u00fcre 2018 m\u00f6chten wir Sie einladen, Naturparke f\u00fcr sich zu entdecken. <\/p>\n","protected":false},"author":73,"featured_media":9412,"comment_status":"open","ping_status":"open","sticky":false,"template":"","format":"standard","meta":{"_links_to":"","_links_to_target":""},"categories":[7],"tags":[1055,594,1052,1053,41,1054],"yoast_head":"<!-- This site is optimized with the Yoast SEO plugin v19.10 - https:\/\/yoast.com\/wordpress\/plugins\/seo\/ -->\n<title>\u201eAb in die Natur!\u201c \u2013 Reisen in die Naturparke 2018<\/title>\n<meta name=\"description\" content=\"Mit der neuen Reisebrosch\u00fcre 2018 m\u00f6chten wir Sie einladen, Naturparke f\u00fcr sich zu entdecken.\" \/>\n<meta name=\"robots\" content=\"index, follow, max-snippet:-1, max-image-preview:large, max-video-preview:-1\" \/>\n<link rel=\"canonical\" href=\"https:\/\/www.naturparkmagazin.de\/vdn\/ab-in-die-natur-reisen-in-die-naturparke-2018\/\" \/>\n<meta property=\"og:locale\" content=\"de_DE\" \/>\n<meta property=\"og:type\" content=\"article\" \/>\n<meta property=\"og:title\" content=\"\u201eAb in die Natur!\u201c \u2013 Reisen in die Naturparke 2018\" \/>\n<meta property=\"og:description\" content=\"Mit der neuen Reisebrosch\u00fcre 2018 m\u00f6chten wir Sie einladen, Naturparke f\u00fcr sich zu entdecken.\" \/>\n<meta property=\"og:url\" content=\"https:\/\/www.naturparkmagazin.de\/vdn\/ab-in-die-natur-reisen-in-die-naturparke-2018\/\" \/>\n<meta property=\"og:site_name\" content=\"Verband Deutscher Naturparke\" \/>\n<meta property=\"article:published_time\" content=\"2017-11-14T11:15:41+00:00\" \/>\n<meta property=\"article:modified_time\" content=\"2017-11-30T10:38:42+00:00\" \/>\n<meta property=\"og:image\" content=\"https:\/\/www.naturparkmagazin.de\/vdn\/wp-content\/uploads\/sites\/3\/Reisebrosch\u00fcre_Titel_webbf.jpg\" \/>\n\t<meta property=\"og:image:width\" content=\"200\" \/>\n\t<meta property=\"og:image:height\" content=\"200\" \/>\n\t<meta property=\"og:image:type\" content=\"image\/jpeg\" \/>\n<meta name=\"author\" content=\"manuelamerz\" \/>\n<meta name=\"twitter:label1\" content=\"Verfasst von\" \/>\n\t<meta name=\"twitter:data1\" content=\"manuelamerz\" \/>\n\t<meta name=\"twitter:label2\" content=\"Gesch\u00e4tzte Lesezeit\" \/>\n\t<meta name=\"twitter:data2\" content=\"1\u00a0Minute\" \/>\n<script type=\"application\/ld+json\" class=\"yoast-schema-graph\">{\"@context\":\"https:\/\/schema.org\",\"@graph\":[{\"@type\":\"WebPage\",\"@id\":\"https:\/\/www.naturparkmagazin.de\/vdn\/ab-in-die-natur-reisen-in-die-naturparke-2018\/\",\"url\":\"https:\/\/www.naturparkmagazin.de\/vdn\/ab-in-die-natur-reisen-in-die-naturparke-2018\/\",\"name\":\"\u201eAb in die Natur!\u201c \u2013 Reisen in die Naturparke 2018\",\"isPartOf\":{\"@id\":\"https:\/\/www.naturparkmagazin.de\/vdn\/#website\"},\"datePublished\":\"2017-11-14T11:15:41+00:00\",\"dateModified\":\"2017-11-30T10:38:42+00:00\",\"author\":{\"@id\":\"https:\/\/www.naturparkmagazin.de\/vdn\/#\/schema\/person\/3cff9b8773ed55f0189255fa9adfd57c\"},\"description\":\"Mit der neuen Reisebrosch\u00fcre 2018 m\u00f6chten wir Sie einladen, Naturparke f\u00fcr sich zu entdecken.\",\"breadcrumb\":{\"@id\":\"https:\/\/www.naturparkmagazin.de\/vdn\/ab-in-die-natur-reisen-in-die-naturparke-2018\/#breadcrumb\"},\"inLanguage\":\"de\",\"potentialAction\":[{\"@type\":\"ReadAction\",\"target\":[\"https:\/\/www.naturparkmagazin.de\/vdn\/ab-in-die-natur-reisen-in-die-naturparke-2018\/\"]}]},{\"@type\":\"BreadcrumbList\",\"@id\":\"https:\/\/www.naturparkmagazin.de\/vdn\/ab-in-die-natur-reisen-in-die-naturparke-2018\/#breadcrumb\",\"itemListElement\":[{\"@type\":\"ListItem\",\"position\":1,\"name\":\"Home\",\"item\":\"https:\/\/www.naturparkmagazin.de\/vdn\/\"},{\"@type\":\"ListItem\",\"position\":2,\"name\":\"\u201eAb in die Natur!\u201c \u2013 Reisen in die Naturparke 2018\"}]},{\"@type\":\"WebSite\",\"@id\":\"https:\/\/www.naturparkmagazin.de\/vdn\/#website\",\"url\":\"https:\/\/www.naturparkmagazin.de\/vdn\/\",\"name\":\"Verband Deutscher Naturparke\",\"description\":\"Eine weitere Naturparkmagazin.de Netzwerk Seite\",\"potentialAction\":[{\"@type\":\"SearchAction\",\"target\":{\"@type\":\"EntryPoint\",\"urlTemplate\":\"https:\/\/www.naturparkmagazin.de\/vdn\/?s={search_term_string}\"},\"query-input\":\"required name=search_term_string\"}],\"inLanguage\":\"de\"},{\"@type\":\"Person\",\"@id\":\"https:\/\/www.naturparkmagazin.de\/vdn\/#\/schema\/person\/3cff9b8773ed55f0189255fa9adfd57c\",\"name\":\"manuelamerz\",\"url\":\"https:\/\/www.naturparkmagazin.de\/vdn\/author\/manuelamerz\/\"}]}<\/script>\n<!-- \/ Yoast SEO plugin. -->","yoast_head_json":{"title":"\u201eAb in die Natur!\u201c \u2013 Reisen in die Naturparke 2018","description":"Mit der neuen Reisebrosch\u00fcre 2018 m\u00f6chten wir Sie einladen, Naturparke f\u00fcr sich zu entdecken.","robots":{"index":"index","follow":"follow","max-snippet":"max-snippet:-1","max-image-preview":"max-image-preview:large","max-video-preview":"max-video-preview:-1"},"canonical":"https:\/\/www.naturparkmagazin.de\/vdn\/ab-in-die-natur-reisen-in-die-naturparke-2018\/","og_locale":"de_DE","og_type":"article","og_title":"\u201eAb in die Natur!\u201c \u2013 Reisen in die Naturparke 2018","og_description":"Mit der neuen Reisebrosch\u00fcre 2018 m\u00f6chten wir Sie einladen, Naturparke f\u00fcr sich zu entdecken.","og_url":"https:\/\/www.naturparkmagazin.de\/vdn\/ab-in-die-natur-reisen-in-die-naturparke-2018\/","og_site_name":"Verband Deutscher Naturparke","article_published_time":"2017-11-14T11:15:41+00:00","article_modified_time":"2017-11-30T10:38:42+00:00","og_image":[{"width":200,"height":200,"url":"https:\/\/www.naturparkmagazin.de\/vdn\/wp-content\/uploads\/sites\/3\/Reisebrosch\u00fcre_Titel_webbf.jpg","type":"image\/jpeg"}],"author":"manuelamerz","twitter_misc":{"Verfasst von":"manuelamerz","Gesch\u00e4tzte Lesezeit":"1\u00a0Minute"},"schema":{"@context":"https:\/\/schema.org","@graph":[{"@type":"WebPage","@id":"https:\/\/www.naturparkmagazin.de\/vdn\/ab-in-die-natur-reisen-in-die-naturparke-2018\/","url":"https:\/\/www.naturparkmagazin.de\/vdn\/ab-in-die-natur-reisen-in-die-naturparke-2018\/","name":"\u201eAb in die Natur!\u201c \u2013 Reisen in die Naturparke 2018","isPartOf":{"@id":"https:\/\/www.naturparkmagazin.de\/vdn\/#website"},"datePublished":"2017-11-14T11:15:41+00:00","dateModified":"2017-11-30T10:38:42+00:00","author":{"@id":"https:\/\/www.naturparkmagazin.de\/vdn\/#\/schema\/person\/3cff9b8773ed55f0189255fa9adfd57c"},"description":"Mit der neuen Reisebrosch\u00fcre 2018 m\u00f6chten wir Sie einladen, Naturparke f\u00fcr sich zu entdecken.","breadcrumb":{"@id":"https:\/\/www.naturparkmagazin.de\/vdn\/ab-in-die-natur-reisen-in-die-naturparke-2018\/#breadcrumb"},"inLanguage":"de","potentialAction":[{"@type":"ReadAction","target":["https:\/\/www.naturparkmagazin.de\/vdn\/ab-in-die-natur-reisen-in-die-naturparke-2018\/"]}]},{"@type":"BreadcrumbList","@id":"https:\/\/www.naturparkmagazin.de\/vdn\/ab-in-die-natur-reisen-in-die-naturparke-2018\/#breadcrumb","itemListElement":[{"@type":"ListItem","position":1,"name":"Home","item":"https:\/\/www.naturparkmagazin.de\/vdn\/"},{"@type":"ListItem","position":2,"name":"\u201eAb in die Natur!\u201c \u2013 Reisen in die Naturparke 2018"}]},{"@type":"WebSite","@id":"https:\/\/www.naturparkmagazin.de\/vdn\/#website","url":"https:\/\/www.naturparkmagazin.de\/vdn\/","name":"Verband Deutscher Naturparke","description":"Eine weitere Naturparkmagazin.de Netzwerk Seite","potentialAction":[{"@type":"SearchAction","target":{"@type":"EntryPoint","urlTemplate":"https:\/\/www.naturparkmagazin.de\/vdn\/?s={search_term_string}"},"query-input":"required name=search_term_string"}],"inLanguage":"de"},{"@type":"Person","@id":"https:\/\/www.naturparkmagazin.de\/vdn\/#\/schema\/person\/3cff9b8773ed55f0189255fa9adfd57c","name":"manuelamerz","url":"https:\/\/www.naturparkmagazin.de\/vdn\/author\/manuelamerz\/"}]}},"_links":{"self":[{"href":"https:\/\/www.naturparkmagazin.de\/vdn\/wp-json\/wp\/v2\/posts\/9410"}],"collection":[{"href":"https:\/\/www.naturparkmagazin.de\/vdn\/wp-json\/wp\/v2\/posts"}],"about":[{"href":"https:\/\/www.naturparkmagazin.de\/vdn\/wp-json\/wp\/v2\/types\/post"}],"author":[{"embeddable":true,"href":"https:\/\/www.naturparkmagazin.de\/vdn\/wp-json\/wp\/v2\/users\/73"}],"replies":[{"embeddable":true,"href":"https:\/\/www.naturparkmagazin.de\/vdn\/wp-json\/wp\/v2\/comments?post=9410"}],"version-history":[{"count":4,"href":"https:\/\/www.naturparkmagazin.de\/vdn\/wp-json\/wp\/v2\/posts\/9410\/revisions"}],"predecessor-version":[{"id":9486,"href":"https:\/\/www.naturparkmagazin.de\/vdn\/wp-json\/wp\/v2\/posts\/9410\/revisions\/9486"}],"wp:featuredmedia":[{"embeddable":true,"href":"https:\/\/www.naturparkmagazin.de\/vdn\/wp-json\/wp\/v2\/media\/9412"}],"wp:attachment":[{"href":"https:\/\/www.naturparkmagazin.de\/vdn\/wp-json\/wp\/v2\/media?parent=9410"}],"wp:term":[{"taxonomy":"category","embeddable":true,"href":"https:\/\/www.naturparkmagazin.de\/vdn\/wp-json\/wp\/v2\/categories?post=9410"},{"taxonomy":"post_tag","embeddable":true,"href":"https:\/\/www.naturparkmagazin.de\/vdn\/wp-json\/wp\/v2\/tags?post=9410"}],"curies":[{"name":"wp","href":"https:\/\/api.w.org\/{rel}","templated":true}]}}