{"id":9414,"date":"2017-11-14T14:07:33","date_gmt":"2017-11-14T13:07:33","guid":{"rendered":"http:\/\/www.naturparkmagazin.de\/vdn\/?p=9414"},"modified":"2017-11-28T12:30:07","modified_gmt":"2017-11-28T11:30:07","slug":"faszination-natur-offizielles-projekt-der-un-dekade-biologische-vielfalt","status":"publish","type":"post","link":"https:\/\/www.naturparkmagazin.de\/vdn\/faszination-natur-offizielles-projekt-der-un-dekade-biologische-vielfalt\/","title":{"rendered":"\u201eFaszination Natur\u201c &#8211; Offizielles Projekt der UN-Dekade Biologische Vielfalt"},"content":{"rendered":"<div id=\"attachment_9416\" style=\"width: 510px\" class=\"wp-caption alignnone\"><a href=\"https:\/\/www.naturparkmagazin.de\/vdn\/wp-content\/uploads\/sites\/3\/Foto-2b.jpg\"><img aria-describedby=\"caption-attachment-9416\" decoding=\"async\" loading=\"lazy\" class=\"size-full wp-image-9416\" src=\"https:\/\/www.naturparkmagazin.de\/vdn\/wp-content\/uploads\/sites\/3\/Foto-2b.jpg\" alt=\"Hartmut Escher, stellv. Vorsitzender, EUROPARC Deutschland, Dr. Elsa Nickel, Leiterin der Abteilung Naturschutz und nachhaltige Naturnutzung im Bundesministerium f\u00fcr Umwelt, Naturschutz, Bau und Reaktorsicherheit; Landrat a.D. Friedel Heuwinkel, Stellv. Pr\u00e4sident des Verbandes Deutscher Naturparke; Landrat Reinhard Winter, Vorsitzender des Internationalen Naturparks Bourtanger Moor \u2013 Bargerveen e.V. (Landrat Landkreis Emsland) \u00a9 Naturpark Moor\" width=\"500\" height=\"300\" srcset=\"https:\/\/www.naturparkmagazin.de\/vdn\/wp-content\/uploads\/sites\/3\/Foto-2b.jpg 500w, https:\/\/www.naturparkmagazin.de\/vdn\/wp-content\/uploads\/sites\/3\/Foto-2b-300x180.jpg 300w, https:\/\/www.naturparkmagazin.de\/vdn\/wp-content\/uploads\/sites\/3\/Foto-2b-200x120.jpg 200w\" sizes=\"(max-width: 500px) 100vw, 500px\" \/><\/a><p id=\"caption-attachment-9416\" class=\"wp-caption-text\">Hartmut Escher, stellv. Vorsitzender, EUROPARC Deutschland, Dr. Elsa Nickel, Leiterin der Abteilung Naturschutz und nachhaltige Naturnutzung im Bundesministerium f\u00fcr Umwelt, Naturschutz, Bau und Reaktorsicherheit; Landrat a.D. Friedel Heuwinkel, Stellv. Pr\u00e4sident des Verbandes Deutscher Naturparke; Landrat Reinhard Winter, Vorsitzender des Internationalen Naturparks Bourtanger Moor \u2013 Bargerveen e.V. (Landrat Landkreis Emsland) \u00a9 Naturpark Moor<\/p><\/div>\n<p>Das Projekt \u201eFaszination Natur \u2013 Naturerlebnisangebote in den Nationalen Naturlandschaften\u201c von Verband Deutscher Naturparke e. V. (VDN) und EUROPARC Deutschland e. V. wurde Ende Oktober als offizielles Projekt der UN-Dekade Biologische Vielfalt ausgezeichnet. Die Auszeichnung wurde von Dr. Elsa Nickel, Leiterin der Abteilung Naturschutz und nachhaltige Naturnutzung im Bundesministerium f\u00fcr Umwelt, Naturschutz, Bau und Reaktorsicherheit, im Rahmen eines Festaktes im Emsland Moormuseum im Naturpark Bourtanger Moor \u2013 Bargerveen \u00fcbergeben. Sie wird an Projekte verliehen, die sich in nachahmenswerter Weise f\u00fcr die Erhaltung der biologischen Vielfalt engagieren.<\/p>\n<p>Das Projekt \u201eFaszination Natur \u2013 Naturerlebnisangebote in den Nationalen Naturlandschaften\u201c wurde vom 1. April 2015 bis 31. Oktober 2016 mit F\u00f6rderung des Bundesamts f\u00fcr Naturschutz mit Mitteln des Bundesministeriums f\u00fcr Umwelt, Naturschutz, Bau und Reaktorsicherheit umgesetzt. Es wurde u.a. ein Leitfaden entwickelt, der die Schutzgebiete darin unterst\u00fctzt, gemeinsam mit ihren touristischen Partnern attraktive Naturerlebnisangebote zu entwickeln, die einen Fokus auf die Erhaltung der biologischen Vielfalt und Natur- und Umweltbildung legen. Dieser Leitfaden bildet f\u00fcr die Naturparke, Nationalparke und Biosph\u00e4renreservate die dauerhafte Grundlage, um entsprechende Naturerlebnisangebote f\u00fcr die Bev\u00f6lkerung und G\u00e4ste anzubieten, die einen nachhaltigen Tourismus sowie die Erhaltung und das Erleben von Biologischer Vielfalt unterst\u00fctzen.<\/p>\n<p>Das ausgezeichnete Projekt wurde von einer Jury im Rahmen eines Wettbewerbs der UN-Dekade Biologische Vielfalt ausgew\u00e4hlt. Die Auszeichnung dient als Qualit\u00e4tssiegel und macht den Beteiligten bewusst, dass ihr Einsatz f\u00fcr die biologische Vielfalt Teil einer weltweiten Strategie ist. M\u00f6glichst viele Menschen sollen sich von diesen vorbildlichen Aktivit\u00e4ten begeistern lassen und die ausgezeichneten Projekte als Beispiel nehmen, um selbst im Naturschutz aktiv zu werden. Alle ausgezeichneten Projekte werden auf der deutschen UN-Dekade-Webseite unter www.undekade-biologischevielfalt.de vorgestellt.<\/p>\n<p>&gt;&gt; <a href=\"http:\/\/www.undekade-biologischevielfalt.de\" target=\"_blank\">Hier<\/a> finden Sie Infos zu dem Wettbewerb zur UN-Dekade<\/p>\n<p>&gt;&gt; <a href=\"https:\/\/www.naturparke.de\/service\/presse\/pressemitteilungen\/nachricht\/ausgezeichnet-faszination-natur-wird-offizielles-projekt-der-un-dekade-biologische-vielfalt.html\" target=\"_blank\">Hier<\/a> k\u00f6nnen Sie die Pressemitteilung downloaden<\/p>\n","protected":false},"excerpt":{"rendered":"<p>Das Projekt \u201eFaszination Natur\u201c von Verband Deutscher Naturparke und EUROPARC Deutschland wurde als offizielles Projekt der UN-Dekade Biologische Vielfalt ausgezeichnet. <\/p>\n","protected":false},"author":73,"featured_media":9415,"comment_status":"open","ping_status":"open","sticky":false,"template":"","format":"standard","meta":{"_links_to":"","_links_to_target":""},"categories":[7],"tags":[1013,87,895,1060,572,704,470,1056,1057,41],"yoast_head":"<!-- This site is optimized with the Yoast SEO plugin v19.10 - https:\/\/yoast.com\/wordpress\/plugins\/seo\/ -->\n<title>\u201eFaszination Natur\u201c - Offizielles Projekt der UN-Dekade Biologische Vielfalt<\/title>\n<meta name=\"description\" content=\"Das Projekt \u201eFaszination Natur\u201c von Verband Deutscher Naturparke und EUROPARC Deutschland wurde als offizielles Projekt der UN-Dekade Biologische Vielfalt ausgezeichnet.\" \/>\n<meta name=\"robots\" content=\"index, follow, max-snippet:-1, max-image-preview:large, max-video-preview:-1\" \/>\n<link rel=\"canonical\" href=\"https:\/\/www.naturparkmagazin.de\/vdn\/faszination-natur-offizielles-projekt-der-un-dekade-biologische-vielfalt\/\" \/>\n<meta property=\"og:locale\" content=\"de_DE\" \/>\n<meta property=\"og:type\" content=\"article\" \/>\n<meta property=\"og:title\" content=\"\u201eFaszination Natur\u201c - Offizielles Projekt der UN-Dekade Biologische Vielfalt\" \/>\n<meta property=\"og:description\" content=\"Das Projekt \u201eFaszination Natur\u201c von Verband Deutscher Naturparke und EUROPARC Deutschland wurde als offizielles Projekt der UN-Dekade Biologische Vielfalt ausgezeichnet.\" \/>\n<meta property=\"og:url\" content=\"https:\/\/www.naturparkmagazin.de\/vdn\/faszination-natur-offizielles-projekt-der-un-dekade-biologische-vielfalt\/\" \/>\n<meta property=\"og:site_name\" content=\"Verband Deutscher Naturparke\" \/>\n<meta property=\"article:published_time\" content=\"2017-11-14T13:07:33+00:00\" \/>\n<meta property=\"article:modified_time\" content=\"2017-11-28T11:30:07+00:00\" \/>\n<meta property=\"og:image\" content=\"https:\/\/www.naturparkmagazin.de\/vdn\/wp-content\/uploads\/sites\/3\/Foto-2bf.jpg\" \/>\n\t<meta property=\"og:image:width\" content=\"200\" \/>\n\t<meta property=\"og:image:height\" content=\"200\" \/>\n\t<meta property=\"og:image:type\" content=\"image\/jpeg\" \/>\n<meta name=\"author\" content=\"manuelamerz\" \/>\n<meta name=\"twitter:label1\" content=\"Verfasst von\" \/>\n\t<meta name=\"twitter:data1\" content=\"manuelamerz\" \/>\n\t<meta name=\"twitter:label2\" content=\"Gesch\u00e4tzte Lesezeit\" \/>\n\t<meta name=\"twitter:data2\" content=\"2\u00a0Minuten\" \/>\n<script type=\"application\/ld+json\" class=\"yoast-schema-graph\">{\"@context\":\"https:\/\/schema.org\",\"@graph\":[{\"@type\":\"WebPage\",\"@id\":\"https:\/\/www.naturparkmagazin.de\/vdn\/faszination-natur-offizielles-projekt-der-un-dekade-biologische-vielfalt\/\",\"url\":\"https:\/\/www.naturparkmagazin.de\/vdn\/faszination-natur-offizielles-projekt-der-un-dekade-biologische-vielfalt\/\",\"name\":\"\u201eFaszination Natur\u201c - Offizielles Projekt der UN-Dekade Biologische Vielfalt\",\"isPartOf\":{\"@id\":\"https:\/\/www.naturparkmagazin.de\/vdn\/#website\"},\"datePublished\":\"2017-11-14T13:07:33+00:00\",\"dateModified\":\"2017-11-28T11:30:07+00:00\",\"author\":{\"@id\":\"https:\/\/www.naturparkmagazin.de\/vdn\/#\/schema\/person\/3cff9b8773ed55f0189255fa9adfd57c\"},\"description\":\"Das Projekt \u201eFaszination Natur\u201c von Verband Deutscher Naturparke und EUROPARC Deutschland wurde als offizielles Projekt der UN-Dekade Biologische Vielfalt ausgezeichnet.\",\"breadcrumb\":{\"@id\":\"https:\/\/www.naturparkmagazin.de\/vdn\/faszination-natur-offizielles-projekt-der-un-dekade-biologische-vielfalt\/#breadcrumb\"},\"inLanguage\":\"de\",\"potentialAction\":[{\"@type\":\"ReadAction\",\"target\":[\"https:\/\/www.naturparkmagazin.de\/vdn\/faszination-natur-offizielles-projekt-der-un-dekade-biologische-vielfalt\/\"]}]},{\"@type\":\"BreadcrumbList\",\"@id\":\"https:\/\/www.naturparkmagazin.de\/vdn\/faszination-natur-offizielles-projekt-der-un-dekade-biologische-vielfalt\/#breadcrumb\",\"itemListElement\":[{\"@type\":\"ListItem\",\"position\":1,\"name\":\"Home\",\"item\":\"https:\/\/www.naturparkmagazin.de\/vdn\/\"},{\"@type\":\"ListItem\",\"position\":2,\"name\":\"\u201eFaszination Natur\u201c &#8211; Offizielles Projekt der UN-Dekade Biologische Vielfalt\"}]},{\"@type\":\"WebSite\",\"@id\":\"https:\/\/www.naturparkmagazin.de\/vdn\/#website\",\"url\":\"https:\/\/www.naturparkmagazin.de\/vdn\/\",\"name\":\"Verband Deutscher Naturparke\",\"description\":\"Eine weitere Naturparkmagazin.de Netzwerk Seite\",\"potentialAction\":[{\"@type\":\"SearchAction\",\"target\":{\"@type\":\"EntryPoint\",\"urlTemplate\":\"https:\/\/www.naturparkmagazin.de\/vdn\/?s={search_term_string}\"},\"query-input\":\"required name=search_term_string\"}],\"inLanguage\":\"de\"},{\"@type\":\"Person\",\"@id\":\"https:\/\/www.naturparkmagazin.de\/vdn\/#\/schema\/person\/3cff9b8773ed55f0189255fa9adfd57c\",\"name\":\"manuelamerz\",\"url\":\"https:\/\/www.naturparkmagazin.de\/vdn\/author\/manuelamerz\/\"}]}<\/script>\n<!-- \/ Yoast SEO plugin. -->","yoast_head_json":{"title":"\u201eFaszination Natur\u201c - Offizielles Projekt der UN-Dekade Biologische Vielfalt","description":"Das Projekt \u201eFaszination Natur\u201c von Verband Deutscher Naturparke und EUROPARC Deutschland wurde als offizielles Projekt der UN-Dekade Biologische Vielfalt ausgezeichnet.","robots":{"index":"index","follow":"follow","max-snippet":"max-snippet:-1","max-image-preview":"max-image-preview:large","max-video-preview":"max-video-preview:-1"},"canonical":"https:\/\/www.naturparkmagazin.de\/vdn\/faszination-natur-offizielles-projekt-der-un-dekade-biologische-vielfalt\/","og_locale":"de_DE","og_type":"article","og_title":"\u201eFaszination Natur\u201c - Offizielles Projekt der UN-Dekade Biologische Vielfalt","og_description":"Das Projekt \u201eFaszination Natur\u201c von Verband Deutscher Naturparke und EUROPARC Deutschland wurde als offizielles Projekt der UN-Dekade Biologische Vielfalt ausgezeichnet.","og_url":"https:\/\/www.naturparkmagazin.de\/vdn\/faszination-natur-offizielles-projekt-der-un-dekade-biologische-vielfalt\/","og_site_name":"Verband Deutscher Naturparke","article_published_time":"2017-11-14T13:07:33+00:00","article_modified_time":"2017-11-28T11:30:07+00:00","og_image":[{"width":200,"height":200,"url":"https:\/\/www.naturparkmagazin.de\/vdn\/wp-content\/uploads\/sites\/3\/Foto-2bf.jpg","type":"image\/jpeg"}],"author":"manuelamerz","twitter_misc":{"Verfasst von":"manuelamerz","Gesch\u00e4tzte Lesezeit":"2\u00a0Minuten"},"schema":{"@context":"https:\/\/schema.org","@graph":[{"@type":"WebPage","@id":"https:\/\/www.naturparkmagazin.de\/vdn\/faszination-natur-offizielles-projekt-der-un-dekade-biologische-vielfalt\/","url":"https:\/\/www.naturparkmagazin.de\/vdn\/faszination-natur-offizielles-projekt-der-un-dekade-biologische-vielfalt\/","name":"\u201eFaszination Natur\u201c - Offizielles Projekt der UN-Dekade Biologische Vielfalt","isPartOf":{"@id":"https:\/\/www.naturparkmagazin.de\/vdn\/#website"},"datePublished":"2017-11-14T13:07:33+00:00","dateModified":"2017-11-28T11:30:07+00:00","author":{"@id":"https:\/\/www.naturparkmagazin.de\/vdn\/#\/schema\/person\/3cff9b8773ed55f0189255fa9adfd57c"},"description":"Das Projekt \u201eFaszination Natur\u201c von Verband Deutscher Naturparke und EUROPARC Deutschland wurde als offizielles Projekt der UN-Dekade Biologische Vielfalt ausgezeichnet.","breadcrumb":{"@id":"https:\/\/www.naturparkmagazin.de\/vdn\/faszination-natur-offizielles-projekt-der-un-dekade-biologische-vielfalt\/#breadcrumb"},"inLanguage":"de","potentialAction":[{"@type":"ReadAction","target":["https:\/\/www.naturparkmagazin.de\/vdn\/faszination-natur-offizielles-projekt-der-un-dekade-biologische-vielfalt\/"]}]},{"@type":"BreadcrumbList","@id":"https:\/\/www.naturparkmagazin.de\/vdn\/faszination-natur-offizielles-projekt-der-un-dekade-biologische-vielfalt\/#breadcrumb","itemListElement":[{"@type":"ListItem","position":1,"name":"Home","item":"https:\/\/www.naturparkmagazin.de\/vdn\/"},{"@type":"ListItem","position":2,"name":"\u201eFaszination Natur\u201c &#8211; Offizielles Projekt der UN-Dekade Biologische Vielfalt"}]},{"@type":"WebSite","@id":"https:\/\/www.naturparkmagazin.de\/vdn\/#website","url":"https:\/\/www.naturparkmagazin.de\/vdn\/","name":"Verband Deutscher Naturparke","description":"Eine weitere Naturparkmagazin.de Netzwerk Seite","potentialAction":[{"@type":"SearchAction","target":{"@type":"EntryPoint","urlTemplate":"https:\/\/www.naturparkmagazin.de\/vdn\/?s={search_term_string}"},"query-input":"required name=search_term_string"}],"inLanguage":"de"},{"@type":"Person","@id":"https:\/\/www.naturparkmagazin.de\/vdn\/#\/schema\/person\/3cff9b8773ed55f0189255fa9adfd57c","name":"manuelamerz","url":"https:\/\/www.naturparkmagazin.de\/vdn\/author\/manuelamerz\/"}]}},"_links":{"self":[{"href":"https:\/\/www.naturparkmagazin.de\/vdn\/wp-json\/wp\/v2\/posts\/9414"}],"collection":[{"href":"https:\/\/www.naturparkmagazin.de\/vdn\/wp-json\/wp\/v2\/posts"}],"about":[{"href":"https:\/\/www.naturparkmagazin.de\/vdn\/wp-json\/wp\/v2\/types\/post"}],"author":[{"embeddable":true,"href":"https:\/\/www.naturparkmagazin.de\/vdn\/wp-json\/wp\/v2\/users\/73"}],"replies":[{"embeddable":true,"href":"https:\/\/www.naturparkmagazin.de\/vdn\/wp-json\/wp\/v2\/comments?post=9414"}],"version-history":[{"count":1,"href":"https:\/\/www.naturparkmagazin.de\/vdn\/wp-json\/wp\/v2\/posts\/9414\/revisions"}],"predecessor-version":[{"id":9417,"href":"https:\/\/www.naturparkmagazin.de\/vdn\/wp-json\/wp\/v2\/posts\/9414\/revisions\/9417"}],"wp:featuredmedia":[{"embeddable":true,"href":"https:\/\/www.naturparkmagazin.de\/vdn\/wp-json\/wp\/v2\/media\/9415"}],"wp:attachment":[{"href":"https:\/\/www.naturparkmagazin.de\/vdn\/wp-json\/wp\/v2\/media?parent=9414"}],"wp:term":[{"taxonomy":"category","embeddable":true,"href":"https:\/\/www.naturparkmagazin.de\/vdn\/wp-json\/wp\/v2\/categories?post=9414"},{"taxonomy":"post_tag","embeddable":true,"href":"https:\/\/www.naturparkmagazin.de\/vdn\/wp-json\/wp\/v2\/tags?post=9414"}],"curies":[{"name":"wp","href":"https:\/\/api.w.org\/{rel}","templated":true}]}}