{"id":9419,"date":"2017-11-14T16:30:01","date_gmt":"2017-11-14T15:30:01","guid":{"rendered":"http:\/\/www.naturparkmagazin.de\/vdn\/?p=9419"},"modified":"2017-12-03T19:18:20","modified_gmt":"2017-12-03T18:18:20","slug":"alte-tradition-weihnachtsbaum-fuer-den-deutschen-bundestag-2","status":"publish","type":"post","link":"https:\/\/www.naturparkmagazin.de\/vdn\/alte-tradition-weihnachtsbaum-fuer-den-deutschen-bundestag-2\/","title":{"rendered":"\u201eAlte Tradition\u201c \u2013 Weihnachtsbaum f\u00fcr den Deutschen Bundestag"},"content":{"rendered":"<div id=\"attachment_9497\" style=\"width: 1034px\" class=\"wp-caption aligncenter\"><a href=\"https:\/\/www.naturparkmagazin.de\/vdn\/wp-content\/uploads\/sites\/3\/IMG_2451.jpg\"><img aria-describedby=\"caption-attachment-9497\" decoding=\"async\" loading=\"lazy\" class=\"size-full wp-image-9497\" src=\"https:\/\/www.naturparkmagazin.de\/vdn\/wp-content\/uploads\/sites\/3\/IMG_2451.jpg\" alt=\"\u00dcbergabe des Weihnachtsbaumes an die Mitglieder des Deutschen Bundestages - Teil der Sch\u00fclergruppe mit Bundesumweltministerin Dr. Barbara Hendricks, MdB Udo Schiefner (SPD) und Gesch\u00e4ftsf\u00fchrer Naturpark Schwalm-Nette, Michael Puschmann - Copyright: Naturpark Schwalm-Nette\" width=\"1024\" height=\"683\" srcset=\"https:\/\/www.naturparkmagazin.de\/vdn\/wp-content\/uploads\/sites\/3\/IMG_2451.jpg 1024w, https:\/\/www.naturparkmagazin.de\/vdn\/wp-content\/uploads\/sites\/3\/IMG_2451-300x200.jpg 300w, https:\/\/www.naturparkmagazin.de\/vdn\/wp-content\/uploads\/sites\/3\/IMG_2451-620x414.jpg 620w, https:\/\/www.naturparkmagazin.de\/vdn\/wp-content\/uploads\/sites\/3\/IMG_2451-940x627.jpg 940w, https:\/\/www.naturparkmagazin.de\/vdn\/wp-content\/uploads\/sites\/3\/IMG_2451-670x447.jpg 670w, https:\/\/www.naturparkmagazin.de\/vdn\/wp-content\/uploads\/sites\/3\/IMG_2451-200x133.jpg 200w\" sizes=\"(max-width: 1024px) 100vw, 1024px\" \/><\/a><p id=\"caption-attachment-9497\" class=\"wp-caption-text\">\u00dcbergabe des Weihnachtsbaumes an die Mitglieder des Deutschen Bundestages &#8211; Teil der Sch\u00fclergruppe mit Bundesumweltministerin Dr. Barbara Hendricks, MdB Udo Schiefner (SPD) und Gesch\u00e4ftsf\u00fchrer Naturpark Schwalm-Nette, Michael Puschmann &#8211; Copyright: Naturpark Schwalm-Nette<\/p><\/div>\n<p>Einen ganz besonderen Weihnachtsgru\u00df \u00fcberbrachte heute Mittag der Naturpark Schwalm-Nette dem Deutschen Bundestag: einen Weihnachtsbaum. \u00dcberreicht wurde die 6,50 m hohe Nordmanntanne im Beisein von Bundesumweltministerin Barbara Hendricks an den Vizepr\u00e4sidenten des Deutschen Bundestages, Thomas Oppermann, vom Gesch\u00e4ftsf\u00fchrer des Naturparks Schwalm-Nette, Michael Puschmann gemeinsam mit dem Vizepr\u00e4sidenten des Verbandes Deutscher Naturparke e. V. (VDN) Landrat a. D. Friedel Heuwinkel.<\/p>\n<p>Der 1965 gegr\u00fcndete Naturpark Schwalm-Nette ist der westlichste Naturpark in Deutschland. Er umfasst eine Fl\u00e4che von ca. 435 km\u00b2 und liegt unmittelbar an der niederl\u00e4ndischen Grenze. Sch\u00fclerinnen und Sch\u00fcler der Katholischen Grundschule Lobberich haben mit selbst gebasteltem Baumbehang dem diesj\u00e4hrigen Weihnachtsbaum im Bundestag ein buntes Kleid verpasst und zur \u00dcbergabe ein weihnachtliches Programm einstudiert. Im Anschluss an die Baum\u00fcbergabe konnten die Sch\u00fclerinnen und Sch\u00fcler auf einer F\u00fchrung durch den Reichstag noch einen exklusiven Blick hinter die Kulissen der deutschen Politik werfen.<\/p>\n<p>Seit dem Jahr 2002 stellt in jedem Jahr ein Naturpark gemeinsam mit dem Verband Deutscher Naturparke einen Weihnachtsbaum f\u00fcr die Mitglieder und Mitarbeitenden des Deutschen Bundestags auf.<\/p>\n<p>&gt;&gt; <a href=\"https:\/\/www.naturparke.de\/index.php?id=156&amp;no_cache=1&amp;tx_news_pi1%5Bnews_preview%5D=47&amp;tx_news_pi1%5Bcontroller%5D=News&amp;tx_news_pi1%5Baction%5D=detail\" target=\"_blank\">Hier k\u00f6nnen Sie die Pressemitteilung downloaden<\/a><\/p>\n<p>&nbsp;<\/p>\n","protected":false},"excerpt":{"rendered":"<p>Eine 6,50 m hohe Nordmanntanne aus dem Naturpark Schwalm-Nette schm\u00fcckt p\u00fcnktlich zur Adventszeit den Deutschen Bundestag.<\/p>\n","protected":false},"author":73,"featured_media":9494,"comment_status":"open","ping_status":"open","sticky":false,"template":"","format":"standard","meta":{"_links_to":"","_links_to_target":""},"categories":[7],"tags":[788,665,682,553,786,1061],"yoast_head":"<!-- This site is optimized with the Yoast SEO plugin v19.10 - https:\/\/yoast.com\/wordpress\/plugins\/seo\/ -->\n<title>\u201eAlte Tradition\u201c \u2013 Weihnachtsbaum f\u00fcr den Deutschen Bundestag<\/title>\n<meta name=\"description\" content=\"Eine 6,50 m hohe Nordmanntanne aus dem Naturpark Schwalm-Nette schm\u00fcckt p\u00fcnktlich zur Adventszeit den Deutschen Bundestag.\" \/>\n<meta name=\"robots\" content=\"index, follow, max-snippet:-1, max-image-preview:large, max-video-preview:-1\" \/>\n<link rel=\"canonical\" href=\"https:\/\/www.naturparkmagazin.de\/vdn\/alte-tradition-weihnachtsbaum-fuer-den-deutschen-bundestag-2\/\" \/>\n<meta property=\"og:locale\" content=\"de_DE\" \/>\n<meta property=\"og:type\" content=\"article\" \/>\n<meta property=\"og:title\" content=\"\u201eAlte Tradition\u201c \u2013 Weihnachtsbaum f\u00fcr den Deutschen Bundestag\" \/>\n<meta property=\"og:description\" content=\"Eine 6,50 m hohe Nordmanntanne aus dem Naturpark Schwalm-Nette schm\u00fcckt p\u00fcnktlich zur Adventszeit den Deutschen Bundestag.\" \/>\n<meta property=\"og:url\" content=\"https:\/\/www.naturparkmagazin.de\/vdn\/alte-tradition-weihnachtsbaum-fuer-den-deutschen-bundestag-2\/\" \/>\n<meta property=\"og:site_name\" content=\"Verband Deutscher Naturparke\" \/>\n<meta property=\"article:published_time\" content=\"2017-11-14T15:30:01+00:00\" \/>\n<meta property=\"article:modified_time\" content=\"2017-12-03T18:18:20+00:00\" \/>\n<meta property=\"og:image\" content=\"https:\/\/www.naturparkmagazin.de\/vdn\/wp-content\/uploads\/sites\/3\/image00004_beitragsbild.jpeg\" \/>\n\t<meta property=\"og:image:width\" content=\"200\" \/>\n\t<meta property=\"og:image:height\" content=\"200\" \/>\n\t<meta property=\"og:image:type\" content=\"image\/jpeg\" \/>\n<meta name=\"author\" content=\"manuelamerz\" \/>\n<meta name=\"twitter:label1\" content=\"Verfasst von\" \/>\n\t<meta name=\"twitter:data1\" content=\"manuelamerz\" \/>\n\t<meta name=\"twitter:label2\" content=\"Gesch\u00e4tzte Lesezeit\" \/>\n\t<meta name=\"twitter:data2\" content=\"1\u00a0Minute\" \/>\n<script type=\"application\/ld+json\" class=\"yoast-schema-graph\">{\"@context\":\"https:\/\/schema.org\",\"@graph\":[{\"@type\":\"WebPage\",\"@id\":\"https:\/\/www.naturparkmagazin.de\/vdn\/alte-tradition-weihnachtsbaum-fuer-den-deutschen-bundestag-2\/\",\"url\":\"https:\/\/www.naturparkmagazin.de\/vdn\/alte-tradition-weihnachtsbaum-fuer-den-deutschen-bundestag-2\/\",\"name\":\"\u201eAlte Tradition\u201c \u2013 Weihnachtsbaum f\u00fcr den Deutschen Bundestag\",\"isPartOf\":{\"@id\":\"https:\/\/www.naturparkmagazin.de\/vdn\/#website\"},\"datePublished\":\"2017-11-14T15:30:01+00:00\",\"dateModified\":\"2017-12-03T18:18:20+00:00\",\"author\":{\"@id\":\"https:\/\/www.naturparkmagazin.de\/vdn\/#\/schema\/person\/3cff9b8773ed55f0189255fa9adfd57c\"},\"description\":\"Eine 6,50 m hohe Nordmanntanne aus dem Naturpark Schwalm-Nette schm\u00fcckt p\u00fcnktlich zur Adventszeit den Deutschen Bundestag.\",\"breadcrumb\":{\"@id\":\"https:\/\/www.naturparkmagazin.de\/vdn\/alte-tradition-weihnachtsbaum-fuer-den-deutschen-bundestag-2\/#breadcrumb\"},\"inLanguage\":\"de\",\"potentialAction\":[{\"@type\":\"ReadAction\",\"target\":[\"https:\/\/www.naturparkmagazin.de\/vdn\/alte-tradition-weihnachtsbaum-fuer-den-deutschen-bundestag-2\/\"]}]},{\"@type\":\"BreadcrumbList\",\"@id\":\"https:\/\/www.naturparkmagazin.de\/vdn\/alte-tradition-weihnachtsbaum-fuer-den-deutschen-bundestag-2\/#breadcrumb\",\"itemListElement\":[{\"@type\":\"ListItem\",\"position\":1,\"name\":\"Home\",\"item\":\"https:\/\/www.naturparkmagazin.de\/vdn\/\"},{\"@type\":\"ListItem\",\"position\":2,\"name\":\"\u201eAlte Tradition\u201c \u2013 Weihnachtsbaum f\u00fcr den Deutschen Bundestag\"}]},{\"@type\":\"WebSite\",\"@id\":\"https:\/\/www.naturparkmagazin.de\/vdn\/#website\",\"url\":\"https:\/\/www.naturparkmagazin.de\/vdn\/\",\"name\":\"Verband Deutscher Naturparke\",\"description\":\"Eine weitere Naturparkmagazin.de Netzwerk Seite\",\"potentialAction\":[{\"@type\":\"SearchAction\",\"target\":{\"@type\":\"EntryPoint\",\"urlTemplate\":\"https:\/\/www.naturparkmagazin.de\/vdn\/?s={search_term_string}\"},\"query-input\":\"required name=search_term_string\"}],\"inLanguage\":\"de\"},{\"@type\":\"Person\",\"@id\":\"https:\/\/www.naturparkmagazin.de\/vdn\/#\/schema\/person\/3cff9b8773ed55f0189255fa9adfd57c\",\"name\":\"manuelamerz\",\"url\":\"https:\/\/www.naturparkmagazin.de\/vdn\/author\/manuelamerz\/\"}]}<\/script>\n<!-- \/ Yoast SEO plugin. -->","yoast_head_json":{"title":"\u201eAlte Tradition\u201c \u2013 Weihnachtsbaum f\u00fcr den Deutschen Bundestag","description":"Eine 6,50 m hohe Nordmanntanne aus dem Naturpark Schwalm-Nette schm\u00fcckt p\u00fcnktlich zur Adventszeit den Deutschen Bundestag.","robots":{"index":"index","follow":"follow","max-snippet":"max-snippet:-1","max-image-preview":"max-image-preview:large","max-video-preview":"max-video-preview:-1"},"canonical":"https:\/\/www.naturparkmagazin.de\/vdn\/alte-tradition-weihnachtsbaum-fuer-den-deutschen-bundestag-2\/","og_locale":"de_DE","og_type":"article","og_title":"\u201eAlte Tradition\u201c \u2013 Weihnachtsbaum f\u00fcr den Deutschen Bundestag","og_description":"Eine 6,50 m hohe Nordmanntanne aus dem Naturpark Schwalm-Nette schm\u00fcckt p\u00fcnktlich zur Adventszeit den Deutschen Bundestag.","og_url":"https:\/\/www.naturparkmagazin.de\/vdn\/alte-tradition-weihnachtsbaum-fuer-den-deutschen-bundestag-2\/","og_site_name":"Verband Deutscher Naturparke","article_published_time":"2017-11-14T15:30:01+00:00","article_modified_time":"2017-12-03T18:18:20+00:00","og_image":[{"width":200,"height":200,"url":"https:\/\/www.naturparkmagazin.de\/vdn\/wp-content\/uploads\/sites\/3\/image00004_beitragsbild.jpeg","type":"image\/jpeg"}],"author":"manuelamerz","twitter_misc":{"Verfasst von":"manuelamerz","Gesch\u00e4tzte Lesezeit":"1\u00a0Minute"},"schema":{"@context":"https:\/\/schema.org","@graph":[{"@type":"WebPage","@id":"https:\/\/www.naturparkmagazin.de\/vdn\/alte-tradition-weihnachtsbaum-fuer-den-deutschen-bundestag-2\/","url":"https:\/\/www.naturparkmagazin.de\/vdn\/alte-tradition-weihnachtsbaum-fuer-den-deutschen-bundestag-2\/","name":"\u201eAlte Tradition\u201c \u2013 Weihnachtsbaum f\u00fcr den Deutschen Bundestag","isPartOf":{"@id":"https:\/\/www.naturparkmagazin.de\/vdn\/#website"},"datePublished":"2017-11-14T15:30:01+00:00","dateModified":"2017-12-03T18:18:20+00:00","author":{"@id":"https:\/\/www.naturparkmagazin.de\/vdn\/#\/schema\/person\/3cff9b8773ed55f0189255fa9adfd57c"},"description":"Eine 6,50 m hohe Nordmanntanne aus dem Naturpark Schwalm-Nette schm\u00fcckt p\u00fcnktlich zur Adventszeit den Deutschen Bundestag.","breadcrumb":{"@id":"https:\/\/www.naturparkmagazin.de\/vdn\/alte-tradition-weihnachtsbaum-fuer-den-deutschen-bundestag-2\/#breadcrumb"},"inLanguage":"de","potentialAction":[{"@type":"ReadAction","target":["https:\/\/www.naturparkmagazin.de\/vdn\/alte-tradition-weihnachtsbaum-fuer-den-deutschen-bundestag-2\/"]}]},{"@type":"BreadcrumbList","@id":"https:\/\/www.naturparkmagazin.de\/vdn\/alte-tradition-weihnachtsbaum-fuer-den-deutschen-bundestag-2\/#breadcrumb","itemListElement":[{"@type":"ListItem","position":1,"name":"Home","item":"https:\/\/www.naturparkmagazin.de\/vdn\/"},{"@type":"ListItem","position":2,"name":"\u201eAlte Tradition\u201c \u2013 Weihnachtsbaum f\u00fcr den Deutschen Bundestag"}]},{"@type":"WebSite","@id":"https:\/\/www.naturparkmagazin.de\/vdn\/#website","url":"https:\/\/www.naturparkmagazin.de\/vdn\/","name":"Verband Deutscher Naturparke","description":"Eine weitere Naturparkmagazin.de Netzwerk Seite","potentialAction":[{"@type":"SearchAction","target":{"@type":"EntryPoint","urlTemplate":"https:\/\/www.naturparkmagazin.de\/vdn\/?s={search_term_string}"},"query-input":"required name=search_term_string"}],"inLanguage":"de"},{"@type":"Person","@id":"https:\/\/www.naturparkmagazin.de\/vdn\/#\/schema\/person\/3cff9b8773ed55f0189255fa9adfd57c","name":"manuelamerz","url":"https:\/\/www.naturparkmagazin.de\/vdn\/author\/manuelamerz\/"}]}},"_links":{"self":[{"href":"https:\/\/www.naturparkmagazin.de\/vdn\/wp-json\/wp\/v2\/posts\/9419"}],"collection":[{"href":"https:\/\/www.naturparkmagazin.de\/vdn\/wp-json\/wp\/v2\/posts"}],"about":[{"href":"https:\/\/www.naturparkmagazin.de\/vdn\/wp-json\/wp\/v2\/types\/post"}],"author":[{"embeddable":true,"href":"https:\/\/www.naturparkmagazin.de\/vdn\/wp-json\/wp\/v2\/users\/73"}],"replies":[{"embeddable":true,"href":"https:\/\/www.naturparkmagazin.de\/vdn\/wp-json\/wp\/v2\/comments?post=9419"}],"version-history":[{"count":9,"href":"https:\/\/www.naturparkmagazin.de\/vdn\/wp-json\/wp\/v2\/posts\/9419\/revisions"}],"predecessor-version":[{"id":9472,"href":"https:\/\/www.naturparkmagazin.de\/vdn\/wp-json\/wp\/v2\/posts\/9419\/revisions\/9472"}],"wp:featuredmedia":[{"embeddable":true,"href":"https:\/\/www.naturparkmagazin.de\/vdn\/wp-json\/wp\/v2\/media\/9494"}],"wp:attachment":[{"href":"https:\/\/www.naturparkmagazin.de\/vdn\/wp-json\/wp\/v2\/media?parent=9419"}],"wp:term":[{"taxonomy":"category","embeddable":true,"href":"https:\/\/www.naturparkmagazin.de\/vdn\/wp-json\/wp\/v2\/categories?post=9419"},{"taxonomy":"post_tag","embeddable":true,"href":"https:\/\/www.naturparkmagazin.de\/vdn\/wp-json\/wp\/v2\/tags?post=9419"}],"curies":[{"name":"wp","href":"https:\/\/api.w.org\/{rel}","templated":true}]}}