{"id":9511,"date":"2017-12-11T11:46:11","date_gmt":"2017-12-11T10:46:11","guid":{"rendered":"http:\/\/www.naturparkmagazin.de\/vdn\/?p=9511"},"modified":"2018-01-04T15:36:31","modified_gmt":"2018-01-04T14:36:31","slug":"im-portrait-naturpark-neckartal-odenwald","status":"publish","type":"post","link":"https:\/\/www.naturparkmagazin.de\/vdn\/im-portrait-naturpark-neckartal-odenwald\/","title":{"rendered":"Im Portrait \u2013 Naturpark Neckartal-Odenwald"},"content":{"rendered":"<div id=\"attachment_9513\" style=\"width: 510px\" class=\"wp-caption alignnone\"><a href=\"https:\/\/www.naturparkmagazin.de\/vdn\/wp-content\/uploads\/sites\/3\/ruppertsklam_048_2b.jpg\"><img aria-describedby=\"caption-attachment-9513\" decoding=\"async\" loading=\"lazy\" class=\"wp-image-9513 size-full\" src=\"https:\/\/www.naturparkmagazin.de\/vdn\/wp-content\/uploads\/sites\/3\/ruppertsklam_048_2b.jpg\" alt=\"Neckarufer \u00a9 VDN\/Renate\" width=\"500\" height=\"300\" srcset=\"https:\/\/www.naturparkmagazin.de\/vdn\/wp-content\/uploads\/sites\/3\/ruppertsklam_048_2b.jpg 500w, https:\/\/www.naturparkmagazin.de\/vdn\/wp-content\/uploads\/sites\/3\/ruppertsklam_048_2b-300x180.jpg 300w, https:\/\/www.naturparkmagazin.de\/vdn\/wp-content\/uploads\/sites\/3\/ruppertsklam_048_2b-200x120.jpg 200w\" sizes=\"(max-width: 500px) 100vw, 500px\" \/><\/a><p id=\"caption-attachment-9513\" class=\"wp-caption-text\">Neckarufer in Heidelberg \u00a9 VDN\/Renate<\/p><\/div>\n<p>Erleben Sie die waldreiche Mittelgebirgslandschaft des Odenwalds mit den angrenzenden Randlandschaften Bergstra\u00dfe im Westen, Bauland im Osten, Kraichgau im S\u00fcden und dem tief eingeschnittenen Neckartal im baden &#8211; w\u00fcrttembergischen Naturpark Neckartal-Odenwald zu Fu\u00df, mit dem Fahrrad oder auf dem Wasser. Wildromantische Schluchten, bizarre Felsenlandschaften, ausgedehnte W\u00e4lder laden zum Wandern ein.<\/p>\n<p>&nbsp;<\/p>\n<div id=\"attachment_9585\" style=\"width: 510px\" class=\"wp-caption alignnone\"><a href=\"https:\/\/www.naturparkmagazin.de\/vdn\/wp-content\/uploads\/sites\/3\/048-Skilangl\u00e4ufer-vor-Katzenbuckelb.jpg\"><img aria-describedby=\"caption-attachment-9585\" decoding=\"async\" loading=\"lazy\" class=\"size-full wp-image-9585\" src=\"https:\/\/www.naturparkmagazin.de\/vdn\/wp-content\/uploads\/sites\/3\/048-Skilangl\u00e4ufer-vor-Katzenbuckelb.jpg\" alt=\"Skilangl\u00e4ufer vor Katzenbuckel\u00a9 Naturpark Neckartal-Odenwald \/ Rubens\" width=\"500\" height=\"300\" srcset=\"https:\/\/www.naturparkmagazin.de\/vdn\/wp-content\/uploads\/sites\/3\/048-Skilangl\u00e4ufer-vor-Katzenbuckelb.jpg 500w, https:\/\/www.naturparkmagazin.de\/vdn\/wp-content\/uploads\/sites\/3\/048-Skilangl\u00e4ufer-vor-Katzenbuckelb-300x180.jpg 300w, https:\/\/www.naturparkmagazin.de\/vdn\/wp-content\/uploads\/sites\/3\/048-Skilangl\u00e4ufer-vor-Katzenbuckelb-200x120.jpg 200w\" sizes=\"(max-width: 500px) 100vw, 500px\" \/><\/a><p id=\"caption-attachment-9585\" class=\"wp-caption-text\">Skilangl\u00e4ufer vor Katzenbuckel\u00a9 Naturpark Neckartal-Odenwald \/ Rubens<\/p><\/div>\n<p>Nehmen Sie sich etwas Zeit, um einen Eindruck von den Altst\u00e4dten, dem Heidelberger Schloss, dem Freilandmuseum in Gottersdorf sowie dem geschichtstr\u00e4chtigen Limes zu bekommen oder in den sagenhaften H\u00f6hlenwelten der Eberst\u00e4dter Tropfsteinh\u00f6hle einzutauchen.<\/p>\n<p>&nbsp;<\/p>\n<div id=\"attachment_9587\" style=\"width: 310px\" class=\"wp-caption alignnone\"><a href=\"https:\/\/www.naturparkmagazin.de\/vdn\/wp-content\/uploads\/sites\/3\/Margaretenschlucht-Winterb.jpg\"><img aria-describedby=\"caption-attachment-9587\" decoding=\"async\" loading=\"lazy\" class=\"size-full wp-image-9587\" src=\"https:\/\/www.naturparkmagazin.de\/vdn\/wp-content\/uploads\/sites\/3\/Margaretenschlucht-Winterb.jpg\" alt=\"Margaretenschlucht\u00a9 Naturpark Neckartal-Odenwald \/ Rubens\" width=\"300\" height=\"500\" srcset=\"https:\/\/www.naturparkmagazin.de\/vdn\/wp-content\/uploads\/sites\/3\/Margaretenschlucht-Winterb.jpg 300w, https:\/\/www.naturparkmagazin.de\/vdn\/wp-content\/uploads\/sites\/3\/Margaretenschlucht-Winterb-200x333.jpg 200w\" sizes=\"(max-width: 300px) 100vw, 300px\" \/><\/a><p id=\"caption-attachment-9587\" class=\"wp-caption-text\">Margaretenschlucht\u00a9 Naturpark Neckartal-Odenwald \/ Rubens<\/p><\/div>\n<p>Die Basis f\u00fcr die Erhaltung der Kulturlandschaft des Naturparks Neckartal-Odenwald ist die nachhaltige St\u00e4rkung der Landwirtschaft. Dabei ist die Direktvermarktung eine wichtige M\u00f6glichkeit, Verbraucher von den hochwertigen Produkten der Region zu \u00fcberzeugen und auf diese Weise den Verkauf der regionalen Produkte zu sichern. Die f\u00fcnf Naturparkm\u00e4rkte im Jahresverlauf bieten Einheimischen und G\u00e4sten reichlich M\u00f6glichkeiten, sich von der Qualit\u00e4t und Vielfalt der Produkte \u201eMade in Naturpark Neckartal-Odenwald\u201c zu \u00fcberzeugen. Immer mehr Menschen nutzen dieses Angebot, in sch\u00f6nem Ambiente an wechselnden Orten leckere Lebensmittel und handwerklich gefertigte Waren kennen zu lernen und mit den Anbietern ins Gespr\u00e4ch zu kommen. Hier wachsen Netzwerke und Kundenbeziehungen!\nAuch beim j\u00e4hrlichen Brunch auf dem Bauernhof am ersten Augustsonntag des Jahres k\u00f6nnen regionale Spezialit\u00e4ten genossen und die Produktion auf dem jeweiligen Hof gleich mit in Augenschein genommen werden.<\/p>\n<p>&nbsp;<\/p>\n<div id=\"attachment_9516\" style=\"width: 510px\" class=\"wp-caption alignnone\"><a href=\"https:\/\/www.naturparkmagazin.de\/vdn\/wp-content\/uploads\/sites\/3\/Sonnenuntergang_2b.jpg\"><img aria-describedby=\"caption-attachment-9516\" decoding=\"async\" loading=\"lazy\" class=\"size-full wp-image-9516\" src=\"https:\/\/www.naturparkmagazin.de\/vdn\/wp-content\/uploads\/sites\/3\/Sonnenuntergang_2b.jpg\" alt=\"Sonnenuntergang \u00a9 VDN\/Feli\" width=\"500\" height=\"300\" srcset=\"https:\/\/www.naturparkmagazin.de\/vdn\/wp-content\/uploads\/sites\/3\/Sonnenuntergang_2b.jpg 500w, https:\/\/www.naturparkmagazin.de\/vdn\/wp-content\/uploads\/sites\/3\/Sonnenuntergang_2b-300x180.jpg 300w, https:\/\/www.naturparkmagazin.de\/vdn\/wp-content\/uploads\/sites\/3\/Sonnenuntergang_2b-200x120.jpg 200w\" sizes=\"(max-width: 500px) 100vw, 500px\" \/><\/a><p id=\"caption-attachment-9516\" class=\"wp-caption-text\">Sonnenuntergang \u00a9 VDN\/Feli<\/p><\/div>\n<p>Der Naturpark Neckartal-Odenwald bietet seinen Besuchern als weiteren Schwerpunkt ein breitgef\u00e4chertes Angebot an naturkundlichen Informationen. Zahlreiche Lehrpfade informieren \u00fcber Wald und Wild, Geologie und Wasser, Landschaftselemente und \u00f6kologische Zusammenh\u00e4nge. Neben Natur- und Landschaftsschutzgebieten sowie Naturdenkmalen beherbergt der Naturpark einer Vielzahl an Natura 2000-Gebieten.<\/p>\n<p>Als Einstieg in den Naturpark empfiehlt sich ein Besuch im Naturparkzentrum in Eberbach, das sich im sch\u00f6nsten und \u00e4ltesten Steinhaus der Stadt befindet. Hier erfahren die Besucher einiges \u00fcber den Naturpark und wie viel Spa\u00df es machen kann, sich spielerisch mit den Grundlagen von Natur und Landschaft vertraut zu machen. Naturfreunden und Urlaubern, Erwachsenen und Kindern gleicherma\u00dfen bieten sich vielf\u00e4ltige M\u00f6glichkeiten abwechslungsreicher Erholung und aktiver Freizeitgestaltung.<\/p>\n<p><strong><em><a href=\"http:\/\/www.naturpark-neckartal-odenwald.de\">Weitere Infos<\/a><\/em><\/strong><\/p>\n<p>&nbsp;<\/p>\n<p>&nbsp;<\/p>\n","protected":false},"excerpt":{"rendered":"<p>Reizvolle Fluss- und Mittelgebirgslandschaften in beeindruckender F\u00fclle und Vielfalt, tiefeingeschnittene T\u00e4ler, Felsen und Wiesen pr\u00e4gen das Landschaftsbild des Naturparks Neckartal-Odenwald in n\u00f6rdlichen Teil von Baden-W\u00fcrttemberg. Mittelalterliche Burgen und Schl\u00f6sser, idyllische D\u00f6rfer und eindrucksvolle Aussichtspunkte laden zum Verweilen ein. Naturfreunden und Urlaubern, Erwachsenen und Kindern gleicherma\u00dfen bieten sich vielf\u00e4ltige M\u00f6glichkeiten abwechslungsreicher Erholung und aktiver Freizeitgestaltung. <\/p>\n","protected":false},"author":73,"featured_media":9576,"comment_status":"open","ping_status":"open","sticky":false,"template":"","format":"standard","meta":{"_links_to":"","_links_to_target":""},"categories":[15],"tags":[],"yoast_head":"<!-- This site is optimized with the Yoast SEO plugin v19.10 - https:\/\/yoast.com\/wordpress\/plugins\/seo\/ -->\n<title>Im Portrait \u2013 Naturpark Neckartal-Odenwald<\/title>\n<meta name=\"description\" content=\"Reizvolle Fluss- und Mittelgebirgslandschaften in beeindruckender F\u00fclle und Vielfalt, tiefeingeschnittene T\u00e4ler, Felsen und Wiesen pr\u00e4gen das Landschaftsbild des Naturparks Neckartal-Odenwald in n\u00f6rdlichen Teil von Baden-W\u00fcrttemberg. Mittelalterliche Burgen und Schl\u00f6sser, idyllische D\u00f6rfer und eindrucksvolle Aussichtspunkte laden zum Verweilen ein. Naturfreunden und Urlaubern, Erwachsenen und Kindern gleicherma\u00dfen bieten sich vielf\u00e4ltige M\u00f6glichkeiten abwechslungsreicher Erholung und aktiver Freizeitgestaltung.\" \/>\n<meta name=\"robots\" content=\"index, follow, max-snippet:-1, max-image-preview:large, max-video-preview:-1\" \/>\n<link rel=\"canonical\" href=\"https:\/\/www.naturparkmagazin.de\/vdn\/im-portrait-naturpark-neckartal-odenwald\/\" \/>\n<meta property=\"og:locale\" content=\"de_DE\" \/>\n<meta property=\"og:type\" content=\"article\" \/>\n<meta property=\"og:title\" content=\"Im Portrait \u2013 Naturpark Neckartal-Odenwald\" \/>\n<meta property=\"og:description\" content=\"Reizvolle Fluss- und Mittelgebirgslandschaften in beeindruckender F\u00fclle und Vielfalt, tiefeingeschnittene T\u00e4ler, Felsen und Wiesen pr\u00e4gen das Landschaftsbild des Naturparks Neckartal-Odenwald in n\u00f6rdlichen Teil von Baden-W\u00fcrttemberg. Mittelalterliche Burgen und Schl\u00f6sser, idyllische D\u00f6rfer und eindrucksvolle Aussichtspunkte laden zum Verweilen ein. Naturfreunden und Urlaubern, Erwachsenen und Kindern gleicherma\u00dfen bieten sich vielf\u00e4ltige M\u00f6glichkeiten abwechslungsreicher Erholung und aktiver Freizeitgestaltung.\" \/>\n<meta property=\"og:url\" content=\"https:\/\/www.naturparkmagazin.de\/vdn\/im-portrait-naturpark-neckartal-odenwald\/\" \/>\n<meta property=\"og:site_name\" content=\"Verband Deutscher Naturparke\" \/>\n<meta property=\"article:published_time\" content=\"2017-12-11T10:46:11+00:00\" \/>\n<meta property=\"article:modified_time\" content=\"2018-01-04T14:36:31+00:00\" \/>\n<meta property=\"og:image\" content=\"https:\/\/www.naturparkmagazin.de\/vdn\/wp-content\/uploads\/sites\/3\/Sonnenuntergang_2_beitragsbild.jpg\" \/>\n\t<meta property=\"og:image:width\" content=\"200\" \/>\n\t<meta property=\"og:image:height\" content=\"200\" \/>\n\t<meta property=\"og:image:type\" content=\"image\/jpeg\" \/>\n<meta name=\"author\" content=\"manuelamerz\" \/>\n<meta name=\"twitter:label1\" content=\"Verfasst von\" \/>\n\t<meta name=\"twitter:data1\" content=\"manuelamerz\" \/>\n\t<meta name=\"twitter:label2\" content=\"Gesch\u00e4tzte Lesezeit\" \/>\n\t<meta name=\"twitter:data2\" content=\"2\u00a0Minuten\" \/>\n<script type=\"application\/ld+json\" class=\"yoast-schema-graph\">{\"@context\":\"https:\/\/schema.org\",\"@graph\":[{\"@type\":\"WebPage\",\"@id\":\"https:\/\/www.naturparkmagazin.de\/vdn\/im-portrait-naturpark-neckartal-odenwald\/\",\"url\":\"https:\/\/www.naturparkmagazin.de\/vdn\/im-portrait-naturpark-neckartal-odenwald\/\",\"name\":\"Im Portrait \u2013 Naturpark Neckartal-Odenwald\",\"isPartOf\":{\"@id\":\"https:\/\/www.naturparkmagazin.de\/vdn\/#website\"},\"datePublished\":\"2017-12-11T10:46:11+00:00\",\"dateModified\":\"2018-01-04T14:36:31+00:00\",\"author\":{\"@id\":\"https:\/\/www.naturparkmagazin.de\/vdn\/#\/schema\/person\/3cff9b8773ed55f0189255fa9adfd57c\"},\"description\":\"Reizvolle Fluss- und Mittelgebirgslandschaften in beeindruckender F\u00fclle und Vielfalt, tiefeingeschnittene T\u00e4ler, Felsen und Wiesen pr\u00e4gen das Landschaftsbild des Naturparks Neckartal-Odenwald in n\u00f6rdlichen Teil von Baden-W\u00fcrttemberg. Mittelalterliche Burgen und Schl\u00f6sser, idyllische D\u00f6rfer und eindrucksvolle Aussichtspunkte laden zum Verweilen ein. Naturfreunden und Urlaubern, Erwachsenen und Kindern gleicherma\u00dfen bieten sich vielf\u00e4ltige M\u00f6glichkeiten abwechslungsreicher Erholung und aktiver Freizeitgestaltung.\",\"breadcrumb\":{\"@id\":\"https:\/\/www.naturparkmagazin.de\/vdn\/im-portrait-naturpark-neckartal-odenwald\/#breadcrumb\"},\"inLanguage\":\"de\",\"potentialAction\":[{\"@type\":\"ReadAction\",\"target\":[\"https:\/\/www.naturparkmagazin.de\/vdn\/im-portrait-naturpark-neckartal-odenwald\/\"]}]},{\"@type\":\"BreadcrumbList\",\"@id\":\"https:\/\/www.naturparkmagazin.de\/vdn\/im-portrait-naturpark-neckartal-odenwald\/#breadcrumb\",\"itemListElement\":[{\"@type\":\"ListItem\",\"position\":1,\"name\":\"Home\",\"item\":\"https:\/\/www.naturparkmagazin.de\/vdn\/\"},{\"@type\":\"ListItem\",\"position\":2,\"name\":\"Im Portrait \u2013 Naturpark Neckartal-Odenwald\"}]},{\"@type\":\"WebSite\",\"@id\":\"https:\/\/www.naturparkmagazin.de\/vdn\/#website\",\"url\":\"https:\/\/www.naturparkmagazin.de\/vdn\/\",\"name\":\"Verband Deutscher Naturparke\",\"description\":\"Eine weitere Naturparkmagazin.de Netzwerk Seite\",\"potentialAction\":[{\"@type\":\"SearchAction\",\"target\":{\"@type\":\"EntryPoint\",\"urlTemplate\":\"https:\/\/www.naturparkmagazin.de\/vdn\/?s={search_term_string}\"},\"query-input\":\"required name=search_term_string\"}],\"inLanguage\":\"de\"},{\"@type\":\"Person\",\"@id\":\"https:\/\/www.naturparkmagazin.de\/vdn\/#\/schema\/person\/3cff9b8773ed55f0189255fa9adfd57c\",\"name\":\"manuelamerz\",\"url\":\"https:\/\/www.naturparkmagazin.de\/vdn\/author\/manuelamerz\/\"}]}<\/script>\n<!-- \/ Yoast SEO plugin. -->","yoast_head_json":{"title":"Im Portrait \u2013 Naturpark Neckartal-Odenwald","description":"Reizvolle Fluss- und Mittelgebirgslandschaften in beeindruckender F\u00fclle und Vielfalt, tiefeingeschnittene T\u00e4ler, Felsen und Wiesen pr\u00e4gen das Landschaftsbild des Naturparks Neckartal-Odenwald in n\u00f6rdlichen Teil von Baden-W\u00fcrttemberg. Mittelalterliche Burgen und Schl\u00f6sser, idyllische D\u00f6rfer und eindrucksvolle Aussichtspunkte laden zum Verweilen ein. Naturfreunden und Urlaubern, Erwachsenen und Kindern gleicherma\u00dfen bieten sich vielf\u00e4ltige M\u00f6glichkeiten abwechslungsreicher Erholung und aktiver Freizeitgestaltung.","robots":{"index":"index","follow":"follow","max-snippet":"max-snippet:-1","max-image-preview":"max-image-preview:large","max-video-preview":"max-video-preview:-1"},"canonical":"https:\/\/www.naturparkmagazin.de\/vdn\/im-portrait-naturpark-neckartal-odenwald\/","og_locale":"de_DE","og_type":"article","og_title":"Im Portrait \u2013 Naturpark Neckartal-Odenwald","og_description":"Reizvolle Fluss- und Mittelgebirgslandschaften in beeindruckender F\u00fclle und Vielfalt, tiefeingeschnittene T\u00e4ler, Felsen und Wiesen pr\u00e4gen das Landschaftsbild des Naturparks Neckartal-Odenwald in n\u00f6rdlichen Teil von Baden-W\u00fcrttemberg. Mittelalterliche Burgen und Schl\u00f6sser, idyllische D\u00f6rfer und eindrucksvolle Aussichtspunkte laden zum Verweilen ein. Naturfreunden und Urlaubern, Erwachsenen und Kindern gleicherma\u00dfen bieten sich vielf\u00e4ltige M\u00f6glichkeiten abwechslungsreicher Erholung und aktiver Freizeitgestaltung.","og_url":"https:\/\/www.naturparkmagazin.de\/vdn\/im-portrait-naturpark-neckartal-odenwald\/","og_site_name":"Verband Deutscher Naturparke","article_published_time":"2017-12-11T10:46:11+00:00","article_modified_time":"2018-01-04T14:36:31+00:00","og_image":[{"width":200,"height":200,"url":"https:\/\/www.naturparkmagazin.de\/vdn\/wp-content\/uploads\/sites\/3\/Sonnenuntergang_2_beitragsbild.jpg","type":"image\/jpeg"}],"author":"manuelamerz","twitter_misc":{"Verfasst von":"manuelamerz","Gesch\u00e4tzte Lesezeit":"2\u00a0Minuten"},"schema":{"@context":"https:\/\/schema.org","@graph":[{"@type":"WebPage","@id":"https:\/\/www.naturparkmagazin.de\/vdn\/im-portrait-naturpark-neckartal-odenwald\/","url":"https:\/\/www.naturparkmagazin.de\/vdn\/im-portrait-naturpark-neckartal-odenwald\/","name":"Im Portrait \u2013 Naturpark Neckartal-Odenwald","isPartOf":{"@id":"https:\/\/www.naturparkmagazin.de\/vdn\/#website"},"datePublished":"2017-12-11T10:46:11+00:00","dateModified":"2018-01-04T14:36:31+00:00","author":{"@id":"https:\/\/www.naturparkmagazin.de\/vdn\/#\/schema\/person\/3cff9b8773ed55f0189255fa9adfd57c"},"description":"Reizvolle Fluss- und Mittelgebirgslandschaften in beeindruckender F\u00fclle und Vielfalt, tiefeingeschnittene T\u00e4ler, Felsen und Wiesen pr\u00e4gen das Landschaftsbild des Naturparks Neckartal-Odenwald in n\u00f6rdlichen Teil von Baden-W\u00fcrttemberg. Mittelalterliche Burgen und Schl\u00f6sser, idyllische D\u00f6rfer und eindrucksvolle Aussichtspunkte laden zum Verweilen ein. Naturfreunden und Urlaubern, Erwachsenen und Kindern gleicherma\u00dfen bieten sich vielf\u00e4ltige M\u00f6glichkeiten abwechslungsreicher Erholung und aktiver Freizeitgestaltung.","breadcrumb":{"@id":"https:\/\/www.naturparkmagazin.de\/vdn\/im-portrait-naturpark-neckartal-odenwald\/#breadcrumb"},"inLanguage":"de","potentialAction":[{"@type":"ReadAction","target":["https:\/\/www.naturparkmagazin.de\/vdn\/im-portrait-naturpark-neckartal-odenwald\/"]}]},{"@type":"BreadcrumbList","@id":"https:\/\/www.naturparkmagazin.de\/vdn\/im-portrait-naturpark-neckartal-odenwald\/#breadcrumb","itemListElement":[{"@type":"ListItem","position":1,"name":"Home","item":"https:\/\/www.naturparkmagazin.de\/vdn\/"},{"@type":"ListItem","position":2,"name":"Im Portrait \u2013 Naturpark Neckartal-Odenwald"}]},{"@type":"WebSite","@id":"https:\/\/www.naturparkmagazin.de\/vdn\/#website","url":"https:\/\/www.naturparkmagazin.de\/vdn\/","name":"Verband Deutscher Naturparke","description":"Eine weitere Naturparkmagazin.de Netzwerk Seite","potentialAction":[{"@type":"SearchAction","target":{"@type":"EntryPoint","urlTemplate":"https:\/\/www.naturparkmagazin.de\/vdn\/?s={search_term_string}"},"query-input":"required name=search_term_string"}],"inLanguage":"de"},{"@type":"Person","@id":"https:\/\/www.naturparkmagazin.de\/vdn\/#\/schema\/person\/3cff9b8773ed55f0189255fa9adfd57c","name":"manuelamerz","url":"https:\/\/www.naturparkmagazin.de\/vdn\/author\/manuelamerz\/"}]}},"_links":{"self":[{"href":"https:\/\/www.naturparkmagazin.de\/vdn\/wp-json\/wp\/v2\/posts\/9511"}],"collection":[{"href":"https:\/\/www.naturparkmagazin.de\/vdn\/wp-json\/wp\/v2\/posts"}],"about":[{"href":"https:\/\/www.naturparkmagazin.de\/vdn\/wp-json\/wp\/v2\/types\/post"}],"author":[{"embeddable":true,"href":"https:\/\/www.naturparkmagazin.de\/vdn\/wp-json\/wp\/v2\/users\/73"}],"replies":[{"embeddable":true,"href":"https:\/\/www.naturparkmagazin.de\/vdn\/wp-json\/wp\/v2\/comments?post=9511"}],"version-history":[{"count":5,"href":"https:\/\/www.naturparkmagazin.de\/vdn\/wp-json\/wp\/v2\/posts\/9511\/revisions"}],"predecessor-version":[{"id":9588,"href":"https:\/\/www.naturparkmagazin.de\/vdn\/wp-json\/wp\/v2\/posts\/9511\/revisions\/9588"}],"wp:featuredmedia":[{"embeddable":true,"href":"https:\/\/www.naturparkmagazin.de\/vdn\/wp-json\/wp\/v2\/media\/9576"}],"wp:attachment":[{"href":"https:\/\/www.naturparkmagazin.de\/vdn\/wp-json\/wp\/v2\/media?parent=9511"}],"wp:term":[{"taxonomy":"category","embeddable":true,"href":"https:\/\/www.naturparkmagazin.de\/vdn\/wp-json\/wp\/v2\/categories?post=9511"},{"taxonomy":"post_tag","embeddable":true,"href":"https:\/\/www.naturparkmagazin.de\/vdn\/wp-json\/wp\/v2\/tags?post=9511"}],"curies":[{"name":"wp","href":"https:\/\/api.w.org\/{rel}","templated":true}]}}