{"id":9525,"date":"2017-12-11T11:21:55","date_gmt":"2017-12-11T10:21:55","guid":{"rendered":"http:\/\/www.naturparkmagazin.de\/vdn\/?p=9525"},"modified":"2017-12-20T11:58:14","modified_gmt":"2017-12-20T10:58:14","slug":"das-naturparkregal","status":"publish","type":"post","link":"https:\/\/www.naturparkmagazin.de\/vdn\/das-naturparkregal\/","title":{"rendered":"Das Naturparkregal"},"content":{"rendered":"<p>&nbsp;<\/p>\n<div id=\"attachment_9527\" style=\"width: 310px\" class=\"wp-caption alignnone\"><a href=\"https:\/\/www.naturparkmagazin.de\/vdn\/wp-content\/uploads\/sites\/3\/2017-12-06-NPRegalb.jpg\"><img aria-describedby=\"caption-attachment-9527\" decoding=\"async\" loading=\"lazy\" class=\"size-full wp-image-9527\" src=\"https:\/\/www.naturparkmagazin.de\/vdn\/wp-content\/uploads\/sites\/3\/2017-12-06-NPRegalb.jpg\" alt=\"Naturparkregal \u00a9 Naturpark Neckartal-Odenwald\" width=\"300\" height=\"500\" srcset=\"https:\/\/www.naturparkmagazin.de\/vdn\/wp-content\/uploads\/sites\/3\/2017-12-06-NPRegalb.jpg 300w, https:\/\/www.naturparkmagazin.de\/vdn\/wp-content\/uploads\/sites\/3\/2017-12-06-NPRegalb-200x333.jpg 200w\" sizes=\"(max-width: 300px) 100vw, 300px\" \/><\/a><p id=\"caption-attachment-9527\" class=\"wp-caption-text\">Naturparkregal \u00a9 Naturpark Neckartal-Odenwald<\/p><\/div>\n<p>Das erste Naturparkregal wurde im Herbst 2017 im Cafe Floral bei Sonja Ruhland in Neckargem\u00fcnd er\u00f6ffnet. Hier k\u00f6nnen Informationen \u00fcber Produkte erfragt werden und verschiedene regionale Produkte direkt vor Ort gekauft werden. Auch mit Informationen \u00fcber den Naturpark mit seinen Attraktionen und Besonderheiten wird nicht gegeizt.<\/p>\n<p>Wer ein Geschenk sucht, wird hier bestens beraten und kann sich den Einkauf &#8211; gerne auch mit Materialien aus dem Naturpark &#8211; sch\u00f6n dekorieren lassen.<\/p>\n<p>Zur Zeit h\u00e4lt das Naturparkregal unter anderem alles rund um den Gr\u00fcnkern vor, w\u00e4rmende Kr\u00e4uterschn\u00e4pse und einen Neckarsteig-Obstler, Holzm\u00e4use aus heimischem Obstholz oder auch den selbst gekelterten Apfelsaft von Sonja Ruhlands eigenen Streuobstwiesen.<\/p>\n<p><strong><em><a href=\"https:\/\/www.florale-art-und-design.de\" target=\"_blank\">Weitere Infos<\/a><\/em><\/strong><\/p>\n<p>&nbsp;<\/p>\n","protected":false},"excerpt":{"rendered":"<p>Im Naturparkregal des Naturparks Neckartal-Odenwald haben verschiedene Produzenten aus der Region eine Heimat gefunden. Das erste Naturparkregal wurde im Herbst 2017 im Cafe Floral bei Sonja Ruhland in Neckargem\u00fcnd er\u00f6ffnet. Hier k\u00f6nnen Informationen \u00fcber Produkte erfragt werden und verschiedene regionale Produkte direkt vor Ort gekauft werden. <\/p>\n","protected":false},"author":73,"featured_media":9526,"comment_status":"open","ping_status":"open","sticky":false,"template":"","format":"standard","meta":{"_links_to":"","_links_to_target":""},"categories":[13],"tags":[],"yoast_head":"<!-- This site is optimized with the Yoast SEO plugin v19.10 - https:\/\/yoast.com\/wordpress\/plugins\/seo\/ -->\n<title>Das Naturparkregal<\/title>\n<meta name=\"description\" content=\"Im Naturparkregal des Naturparks Neckartal-Odenwald haben verschiedene Produzenten aus der Region eine Heimat gefunden. Das erste Naturparkregal wurde im Herbst 2017 im Cafe Floral bei Sonja Ruhland in Neckargem\u00fcnd er\u00f6ffnet. Hier k\u00f6nnen Informationen \u00fcber Produkte erfragt werden und verschiedene regionale Produkte direkt vor Ort gekauft werden.\" \/>\n<meta name=\"robots\" content=\"index, follow, max-snippet:-1, max-image-preview:large, max-video-preview:-1\" \/>\n<link rel=\"canonical\" href=\"https:\/\/www.naturparkmagazin.de\/vdn\/das-naturparkregal\/\" \/>\n<meta property=\"og:locale\" content=\"de_DE\" \/>\n<meta property=\"og:type\" content=\"article\" \/>\n<meta property=\"og:title\" content=\"Das Naturparkregal\" \/>\n<meta property=\"og:description\" content=\"Im Naturparkregal des Naturparks Neckartal-Odenwald haben verschiedene Produzenten aus der Region eine Heimat gefunden. Das erste Naturparkregal wurde im Herbst 2017 im Cafe Floral bei Sonja Ruhland in Neckargem\u00fcnd er\u00f6ffnet. Hier k\u00f6nnen Informationen \u00fcber Produkte erfragt werden und verschiedene regionale Produkte direkt vor Ort gekauft werden.\" \/>\n<meta property=\"og:url\" content=\"https:\/\/www.naturparkmagazin.de\/vdn\/das-naturparkregal\/\" \/>\n<meta property=\"og:site_name\" content=\"Verband Deutscher Naturparke\" \/>\n<meta property=\"article:published_time\" content=\"2017-12-11T10:21:55+00:00\" \/>\n<meta property=\"article:modified_time\" content=\"2017-12-20T10:58:14+00:00\" \/>\n<meta property=\"og:image\" content=\"https:\/\/www.naturparkmagazin.de\/vdn\/wp-content\/uploads\/sites\/3\/NNO_NPRlogo_rgb_72dpib.jpg\" \/>\n\t<meta property=\"og:image:width\" content=\"200\" \/>\n\t<meta property=\"og:image:height\" content=\"200\" \/>\n\t<meta property=\"og:image:type\" content=\"image\/jpeg\" \/>\n<meta name=\"author\" content=\"manuelamerz\" \/>\n<meta name=\"twitter:label1\" content=\"Verfasst von\" \/>\n\t<meta name=\"twitter:data1\" content=\"manuelamerz\" \/>\n\t<meta name=\"twitter:label2\" content=\"Gesch\u00e4tzte Lesezeit\" \/>\n\t<meta name=\"twitter:data2\" content=\"1\u00a0Minute\" \/>\n<script type=\"application\/ld+json\" class=\"yoast-schema-graph\">{\"@context\":\"https:\/\/schema.org\",\"@graph\":[{\"@type\":\"WebPage\",\"@id\":\"https:\/\/www.naturparkmagazin.de\/vdn\/das-naturparkregal\/\",\"url\":\"https:\/\/www.naturparkmagazin.de\/vdn\/das-naturparkregal\/\",\"name\":\"Das Naturparkregal\",\"isPartOf\":{\"@id\":\"https:\/\/www.naturparkmagazin.de\/vdn\/#website\"},\"datePublished\":\"2017-12-11T10:21:55+00:00\",\"dateModified\":\"2017-12-20T10:58:14+00:00\",\"author\":{\"@id\":\"https:\/\/www.naturparkmagazin.de\/vdn\/#\/schema\/person\/3cff9b8773ed55f0189255fa9adfd57c\"},\"description\":\"Im Naturparkregal des Naturparks Neckartal-Odenwald haben verschiedene Produzenten aus der Region eine Heimat gefunden. Das erste Naturparkregal wurde im Herbst 2017 im Cafe Floral bei Sonja Ruhland in Neckargem\u00fcnd er\u00f6ffnet. Hier k\u00f6nnen Informationen \u00fcber Produkte erfragt werden und verschiedene regionale Produkte direkt vor Ort gekauft werden.\",\"breadcrumb\":{\"@id\":\"https:\/\/www.naturparkmagazin.de\/vdn\/das-naturparkregal\/#breadcrumb\"},\"inLanguage\":\"de\",\"potentialAction\":[{\"@type\":\"ReadAction\",\"target\":[\"https:\/\/www.naturparkmagazin.de\/vdn\/das-naturparkregal\/\"]}]},{\"@type\":\"BreadcrumbList\",\"@id\":\"https:\/\/www.naturparkmagazin.de\/vdn\/das-naturparkregal\/#breadcrumb\",\"itemListElement\":[{\"@type\":\"ListItem\",\"position\":1,\"name\":\"Home\",\"item\":\"https:\/\/www.naturparkmagazin.de\/vdn\/\"},{\"@type\":\"ListItem\",\"position\":2,\"name\":\"Das Naturparkregal\"}]},{\"@type\":\"WebSite\",\"@id\":\"https:\/\/www.naturparkmagazin.de\/vdn\/#website\",\"url\":\"https:\/\/www.naturparkmagazin.de\/vdn\/\",\"name\":\"Verband Deutscher Naturparke\",\"description\":\"Eine weitere Naturparkmagazin.de Netzwerk Seite\",\"potentialAction\":[{\"@type\":\"SearchAction\",\"target\":{\"@type\":\"EntryPoint\",\"urlTemplate\":\"https:\/\/www.naturparkmagazin.de\/vdn\/?s={search_term_string}\"},\"query-input\":\"required name=search_term_string\"}],\"inLanguage\":\"de\"},{\"@type\":\"Person\",\"@id\":\"https:\/\/www.naturparkmagazin.de\/vdn\/#\/schema\/person\/3cff9b8773ed55f0189255fa9adfd57c\",\"name\":\"manuelamerz\",\"url\":\"https:\/\/www.naturparkmagazin.de\/vdn\/author\/manuelamerz\/\"}]}<\/script>\n<!-- \/ Yoast SEO plugin. -->","yoast_head_json":{"title":"Das Naturparkregal","description":"Im Naturparkregal des Naturparks Neckartal-Odenwald haben verschiedene Produzenten aus der Region eine Heimat gefunden. Das erste Naturparkregal wurde im Herbst 2017 im Cafe Floral bei Sonja Ruhland in Neckargem\u00fcnd er\u00f6ffnet. Hier k\u00f6nnen Informationen \u00fcber Produkte erfragt werden und verschiedene regionale Produkte direkt vor Ort gekauft werden.","robots":{"index":"index","follow":"follow","max-snippet":"max-snippet:-1","max-image-preview":"max-image-preview:large","max-video-preview":"max-video-preview:-1"},"canonical":"https:\/\/www.naturparkmagazin.de\/vdn\/das-naturparkregal\/","og_locale":"de_DE","og_type":"article","og_title":"Das Naturparkregal","og_description":"Im Naturparkregal des Naturparks Neckartal-Odenwald haben verschiedene Produzenten aus der Region eine Heimat gefunden. Das erste Naturparkregal wurde im Herbst 2017 im Cafe Floral bei Sonja Ruhland in Neckargem\u00fcnd er\u00f6ffnet. Hier k\u00f6nnen Informationen \u00fcber Produkte erfragt werden und verschiedene regionale Produkte direkt vor Ort gekauft werden.","og_url":"https:\/\/www.naturparkmagazin.de\/vdn\/das-naturparkregal\/","og_site_name":"Verband Deutscher Naturparke","article_published_time":"2017-12-11T10:21:55+00:00","article_modified_time":"2017-12-20T10:58:14+00:00","og_image":[{"width":200,"height":200,"url":"https:\/\/www.naturparkmagazin.de\/vdn\/wp-content\/uploads\/sites\/3\/NNO_NPRlogo_rgb_72dpib.jpg","type":"image\/jpeg"}],"author":"manuelamerz","twitter_misc":{"Verfasst von":"manuelamerz","Gesch\u00e4tzte Lesezeit":"1\u00a0Minute"},"schema":{"@context":"https:\/\/schema.org","@graph":[{"@type":"WebPage","@id":"https:\/\/www.naturparkmagazin.de\/vdn\/das-naturparkregal\/","url":"https:\/\/www.naturparkmagazin.de\/vdn\/das-naturparkregal\/","name":"Das Naturparkregal","isPartOf":{"@id":"https:\/\/www.naturparkmagazin.de\/vdn\/#website"},"datePublished":"2017-12-11T10:21:55+00:00","dateModified":"2017-12-20T10:58:14+00:00","author":{"@id":"https:\/\/www.naturparkmagazin.de\/vdn\/#\/schema\/person\/3cff9b8773ed55f0189255fa9adfd57c"},"description":"Im Naturparkregal des Naturparks Neckartal-Odenwald haben verschiedene Produzenten aus der Region eine Heimat gefunden. Das erste Naturparkregal wurde im Herbst 2017 im Cafe Floral bei Sonja Ruhland in Neckargem\u00fcnd er\u00f6ffnet. Hier k\u00f6nnen Informationen \u00fcber Produkte erfragt werden und verschiedene regionale Produkte direkt vor Ort gekauft werden.","breadcrumb":{"@id":"https:\/\/www.naturparkmagazin.de\/vdn\/das-naturparkregal\/#breadcrumb"},"inLanguage":"de","potentialAction":[{"@type":"ReadAction","target":["https:\/\/www.naturparkmagazin.de\/vdn\/das-naturparkregal\/"]}]},{"@type":"BreadcrumbList","@id":"https:\/\/www.naturparkmagazin.de\/vdn\/das-naturparkregal\/#breadcrumb","itemListElement":[{"@type":"ListItem","position":1,"name":"Home","item":"https:\/\/www.naturparkmagazin.de\/vdn\/"},{"@type":"ListItem","position":2,"name":"Das Naturparkregal"}]},{"@type":"WebSite","@id":"https:\/\/www.naturparkmagazin.de\/vdn\/#website","url":"https:\/\/www.naturparkmagazin.de\/vdn\/","name":"Verband Deutscher Naturparke","description":"Eine weitere Naturparkmagazin.de Netzwerk Seite","potentialAction":[{"@type":"SearchAction","target":{"@type":"EntryPoint","urlTemplate":"https:\/\/www.naturparkmagazin.de\/vdn\/?s={search_term_string}"},"query-input":"required name=search_term_string"}],"inLanguage":"de"},{"@type":"Person","@id":"https:\/\/www.naturparkmagazin.de\/vdn\/#\/schema\/person\/3cff9b8773ed55f0189255fa9adfd57c","name":"manuelamerz","url":"https:\/\/www.naturparkmagazin.de\/vdn\/author\/manuelamerz\/"}]}},"_links":{"self":[{"href":"https:\/\/www.naturparkmagazin.de\/vdn\/wp-json\/wp\/v2\/posts\/9525"}],"collection":[{"href":"https:\/\/www.naturparkmagazin.de\/vdn\/wp-json\/wp\/v2\/posts"}],"about":[{"href":"https:\/\/www.naturparkmagazin.de\/vdn\/wp-json\/wp\/v2\/types\/post"}],"author":[{"embeddable":true,"href":"https:\/\/www.naturparkmagazin.de\/vdn\/wp-json\/wp\/v2\/users\/73"}],"replies":[{"embeddable":true,"href":"https:\/\/www.naturparkmagazin.de\/vdn\/wp-json\/wp\/v2\/comments?post=9525"}],"version-history":[{"count":4,"href":"https:\/\/www.naturparkmagazin.de\/vdn\/wp-json\/wp\/v2\/posts\/9525\/revisions"}],"predecessor-version":[{"id":9579,"href":"https:\/\/www.naturparkmagazin.de\/vdn\/wp-json\/wp\/v2\/posts\/9525\/revisions\/9579"}],"wp:featuredmedia":[{"embeddable":true,"href":"https:\/\/www.naturparkmagazin.de\/vdn\/wp-json\/wp\/v2\/media\/9526"}],"wp:attachment":[{"href":"https:\/\/www.naturparkmagazin.de\/vdn\/wp-json\/wp\/v2\/media?parent=9525"}],"wp:term":[{"taxonomy":"category","embeddable":true,"href":"https:\/\/www.naturparkmagazin.de\/vdn\/wp-json\/wp\/v2\/categories?post=9525"},{"taxonomy":"post_tag","embeddable":true,"href":"https:\/\/www.naturparkmagazin.de\/vdn\/wp-json\/wp\/v2\/tags?post=9525"}],"curies":[{"name":"wp","href":"https:\/\/api.w.org\/{rel}","templated":true}]}}