{"id":9629,"date":"2018-01-15T16:54:40","date_gmt":"2018-01-15T15:54:40","guid":{"rendered":"http:\/\/www.naturparkmagazin.de\/vdn\/?p=9629"},"modified":"2018-01-15T16:33:25","modified_gmt":"2018-01-15T15:33:25","slug":"hiergeblieben-wintervoegel","status":"publish","type":"post","link":"https:\/\/www.naturparkmagazin.de\/vdn\/hiergeblieben-wintervoegel\/","title":{"rendered":"Hiergeblieben \u2013 Winterv\u00f6gel"},"content":{"rendered":"<div id=\"attachment_9630\" style=\"width: 510px\" class=\"wp-caption alignnone\"><a href=\"https:\/\/www.naturparkmagazin.de\/vdn\/wp-content\/uploads\/sites\/3\/img-5948-1024x909b.jpg\"><img aria-describedby=\"caption-attachment-9630\" decoding=\"async\" loading=\"lazy\" class=\"size-full wp-image-9630\" src=\"https:\/\/www.naturparkmagazin.de\/vdn\/wp-content\/uploads\/sites\/3\/img-5948-1024x909b.jpg\" alt=\"Wintereinbruch \u00a9 VDN\/Norbert Kr\u00fcger\" width=\"500\" height=\"300\" srcset=\"https:\/\/www.naturparkmagazin.de\/vdn\/wp-content\/uploads\/sites\/3\/img-5948-1024x909b.jpg 500w, https:\/\/www.naturparkmagazin.de\/vdn\/wp-content\/uploads\/sites\/3\/img-5948-1024x909b-300x180.jpg 300w, https:\/\/www.naturparkmagazin.de\/vdn\/wp-content\/uploads\/sites\/3\/img-5948-1024x909b-200x120.jpg 200w\" sizes=\"(max-width: 500px) 100vw, 500px\" \/><\/a><p id=\"caption-attachment-9630\" class=\"wp-caption-text\">Wintereinbruch \u00a9 VDN\/Norbert Kr\u00fcger<\/p><\/div>\n<p>Zurzeit ist es still in unseren G\u00e4rten, auch wenn die eine oder Amsel bei milden Temperaturen sich traut, ihren Gesang f\u00fcrs Fr\u00fchjahr schon einmal zu \u00fcben. Viele unserer Singv\u00f6gel leben im Winter in s\u00fcdlicheren Gefilden, doch zahlreiche V\u00f6gel trotzen unseren kalten Temperaturen oder ziehen sogar zu uns, weil es in ihrer Heimat noch viel k\u00e4lter ist und Nahrungsmangel herrscht. Zu den sogenannten Standv\u00f6geln, die also im Winter nicht wegziehen, geh\u00f6ren in Mitteleuropa zum Beispiel der Haussperling, die Kohlmeise, Elster oder Waldkauz. Besonders den Waldkauz und auch andere Eulen schrecken die winterlichen Temperatur nicht ab, sie intensivieren sogar mitten im Winter ihr lautstarkes Liebesleben und balzen von Januar bis M\u00e4rz um dann Eier abzulegen.<\/p>\n<div id=\"attachment_9631\" style=\"width: 510px\" class=\"wp-caption alignnone\"><a href=\"https:\/\/www.naturparkmagazin.de\/vdn\/wp-content\/uploads\/sites\/3\/kohlmeiseb.jpg\"><img aria-describedby=\"caption-attachment-9631\" decoding=\"async\" loading=\"lazy\" class=\"size-full wp-image-9631\" src=\"https:\/\/www.naturparkmagazin.de\/vdn\/wp-content\/uploads\/sites\/3\/kohlmeiseb.jpg\" alt=\"Kohlmeise \u00a9 VDN\/Reinhard Pfeiffer\" width=\"500\" height=\"300\" srcset=\"https:\/\/www.naturparkmagazin.de\/vdn\/wp-content\/uploads\/sites\/3\/kohlmeiseb.jpg 500w, https:\/\/www.naturparkmagazin.de\/vdn\/wp-content\/uploads\/sites\/3\/kohlmeiseb-300x180.jpg 300w, https:\/\/www.naturparkmagazin.de\/vdn\/wp-content\/uploads\/sites\/3\/kohlmeiseb-200x120.jpg 200w\" sizes=\"(max-width: 500px) 100vw, 500px\" \/><\/a><p id=\"caption-attachment-9631\" class=\"wp-caption-text\">Kohlmeise \u00a9 VDN\/Reinhard Pfeiffer<\/p><\/div>\n<p>Je nach K\u00e4lte bleiben aber auch einige V\u00f6gel im Winter bei uns, die sonst Kurzstreckenzieher sind. So sind diesen Winter regional Hausrotschwanz, M\u00f6nchsgrasm\u00fccke und Bachstelze z.T. hiergeblieben. Der Star schlie\u00dflich, Vogel des Jahres 2018, und schon immer recht flexibel, l\u00e4sst sich momentan noch nahezu in ganz Deutschland, mit Schwerpunkt im Westen, beobachten. Andere Arten wie die nordischen Bl\u00e4ss-, Saat und Nonneng\u00e4nse kommen aus dem hohen Norden um bei uns zu \u00fcberwintern und finden auf den Wiesen und Weiden v.a. in den Flussniederungen gen\u00fcgend Gr\u00fcnfutter um \u00fcber den Winter zu kommen.<\/p>\n<div id=\"attachment_9632\" style=\"width: 510px\" class=\"wp-caption alignnone\"><a href=\"https:\/\/www.naturparkmagazin.de\/vdn\/wp-content\/uploads\/sites\/3\/IMG_3620b.jpg\"><img aria-describedby=\"caption-attachment-9632\" decoding=\"async\" loading=\"lazy\" class=\"size-full wp-image-9632\" src=\"https:\/\/www.naturparkmagazin.de\/vdn\/wp-content\/uploads\/sites\/3\/IMG_3620b.jpg\" alt=\"Bl\u00e4ssg\u00e4nse \u00a9 VDN\/Martin Miethke\" width=\"500\" height=\"300\" srcset=\"https:\/\/www.naturparkmagazin.de\/vdn\/wp-content\/uploads\/sites\/3\/IMG_3620b.jpg 500w, https:\/\/www.naturparkmagazin.de\/vdn\/wp-content\/uploads\/sites\/3\/IMG_3620b-300x180.jpg 300w, https:\/\/www.naturparkmagazin.de\/vdn\/wp-content\/uploads\/sites\/3\/IMG_3620b-200x120.jpg 200w\" sizes=\"(max-width: 500px) 100vw, 500px\" \/><\/a><p id=\"caption-attachment-9632\" class=\"wp-caption-text\">Bl\u00e4ssg\u00e4nse \u00a9 VDN\/Martin Miethke<\/p><\/div>\n<p>&nbsp;<\/p>\n","protected":false},"excerpt":{"rendered":"<p>Viele unserer Singv\u00f6gel leben im Winter in s\u00fcdlicheren Gefilden, doch zahlreiche V\u00f6gel trotzen unseren kalten Temperaturen oder ziehen sogar zu uns, weil es in ihrer Heimat noch viel k\u00e4lter ist und Nahrungsmangel herrscht.<\/p>\n","protected":false},"author":73,"featured_media":9633,"comment_status":"open","ping_status":"open","sticky":false,"template":"","format":"standard","meta":{"_links_to":"","_links_to_target":""},"categories":[51],"tags":[],"yoast_head":"<!-- This site is optimized with the Yoast SEO plugin v19.10 - https:\/\/yoast.com\/wordpress\/plugins\/seo\/ -->\n<title>Hiergeblieben \u2013 Winterv\u00f6gel<\/title>\n<meta name=\"description\" content=\"Viele unserer Singv\u00f6gel leben im Winter in s\u00fcdlicheren Gefilden, doch zahlreiche V\u00f6gel trotzen unseren kalten Temperaturen oder ziehen sogar zu uns, weil es in ihrer Heimat noch viel k\u00e4lter ist und Nahrungsmangel herrscht.\" \/>\n<meta name=\"robots\" content=\"index, follow, max-snippet:-1, max-image-preview:large, max-video-preview:-1\" \/>\n<link rel=\"canonical\" href=\"https:\/\/www.naturparkmagazin.de\/vdn\/hiergeblieben-wintervoegel\/\" \/>\n<meta property=\"og:locale\" content=\"de_DE\" \/>\n<meta property=\"og:type\" content=\"article\" \/>\n<meta property=\"og:title\" content=\"Hiergeblieben \u2013 Winterv\u00f6gel\" \/>\n<meta property=\"og:description\" content=\"Viele unserer Singv\u00f6gel leben im Winter in s\u00fcdlicheren Gefilden, doch zahlreiche V\u00f6gel trotzen unseren kalten Temperaturen oder ziehen sogar zu uns, weil es in ihrer Heimat noch viel k\u00e4lter ist und Nahrungsmangel herrscht.\" \/>\n<meta property=\"og:url\" content=\"https:\/\/www.naturparkmagazin.de\/vdn\/hiergeblieben-wintervoegel\/\" \/>\n<meta property=\"og:site_name\" content=\"Verband Deutscher Naturparke\" \/>\n<meta property=\"article:published_time\" content=\"2018-01-15T15:54:40+00:00\" \/>\n<meta property=\"article:modified_time\" content=\"2018-01-15T15:33:25+00:00\" \/>\n<meta property=\"og:image\" content=\"https:\/\/www.naturparkmagazin.de\/vdn\/wp-content\/uploads\/sites\/3\/img-5948-1024x909bf.jpg\" \/>\n\t<meta property=\"og:image:width\" content=\"200\" \/>\n\t<meta property=\"og:image:height\" content=\"200\" \/>\n\t<meta property=\"og:image:type\" content=\"image\/jpeg\" \/>\n<meta name=\"author\" content=\"manuelamerz\" \/>\n<meta name=\"twitter:label1\" content=\"Verfasst von\" \/>\n\t<meta name=\"twitter:data1\" content=\"manuelamerz\" \/>\n\t<meta name=\"twitter:label2\" content=\"Gesch\u00e4tzte Lesezeit\" \/>\n\t<meta name=\"twitter:data2\" content=\"1\u00a0Minute\" \/>\n<script type=\"application\/ld+json\" class=\"yoast-schema-graph\">{\"@context\":\"https:\/\/schema.org\",\"@graph\":[{\"@type\":\"WebPage\",\"@id\":\"https:\/\/www.naturparkmagazin.de\/vdn\/hiergeblieben-wintervoegel\/\",\"url\":\"https:\/\/www.naturparkmagazin.de\/vdn\/hiergeblieben-wintervoegel\/\",\"name\":\"Hiergeblieben \u2013 Winterv\u00f6gel\",\"isPartOf\":{\"@id\":\"https:\/\/www.naturparkmagazin.de\/vdn\/#website\"},\"datePublished\":\"2018-01-15T15:54:40+00:00\",\"dateModified\":\"2018-01-15T15:33:25+00:00\",\"author\":{\"@id\":\"https:\/\/www.naturparkmagazin.de\/vdn\/#\/schema\/person\/3cff9b8773ed55f0189255fa9adfd57c\"},\"description\":\"Viele unserer Singv\u00f6gel leben im Winter in s\u00fcdlicheren Gefilden, doch zahlreiche V\u00f6gel trotzen unseren kalten Temperaturen oder ziehen sogar zu uns, weil es in ihrer Heimat noch viel k\u00e4lter ist und Nahrungsmangel herrscht.\",\"breadcrumb\":{\"@id\":\"https:\/\/www.naturparkmagazin.de\/vdn\/hiergeblieben-wintervoegel\/#breadcrumb\"},\"inLanguage\":\"de\",\"potentialAction\":[{\"@type\":\"ReadAction\",\"target\":[\"https:\/\/www.naturparkmagazin.de\/vdn\/hiergeblieben-wintervoegel\/\"]}]},{\"@type\":\"BreadcrumbList\",\"@id\":\"https:\/\/www.naturparkmagazin.de\/vdn\/hiergeblieben-wintervoegel\/#breadcrumb\",\"itemListElement\":[{\"@type\":\"ListItem\",\"position\":1,\"name\":\"Home\",\"item\":\"https:\/\/www.naturparkmagazin.de\/vdn\/\"},{\"@type\":\"ListItem\",\"position\":2,\"name\":\"Hiergeblieben \u2013 Winterv\u00f6gel\"}]},{\"@type\":\"WebSite\",\"@id\":\"https:\/\/www.naturparkmagazin.de\/vdn\/#website\",\"url\":\"https:\/\/www.naturparkmagazin.de\/vdn\/\",\"name\":\"Verband Deutscher Naturparke\",\"description\":\"Eine weitere Naturparkmagazin.de Netzwerk Seite\",\"potentialAction\":[{\"@type\":\"SearchAction\",\"target\":{\"@type\":\"EntryPoint\",\"urlTemplate\":\"https:\/\/www.naturparkmagazin.de\/vdn\/?s={search_term_string}\"},\"query-input\":\"required name=search_term_string\"}],\"inLanguage\":\"de\"},{\"@type\":\"Person\",\"@id\":\"https:\/\/www.naturparkmagazin.de\/vdn\/#\/schema\/person\/3cff9b8773ed55f0189255fa9adfd57c\",\"name\":\"manuelamerz\",\"url\":\"https:\/\/www.naturparkmagazin.de\/vdn\/author\/manuelamerz\/\"}]}<\/script>\n<!-- \/ Yoast SEO plugin. -->","yoast_head_json":{"title":"Hiergeblieben \u2013 Winterv\u00f6gel","description":"Viele unserer Singv\u00f6gel leben im Winter in s\u00fcdlicheren Gefilden, doch zahlreiche V\u00f6gel trotzen unseren kalten Temperaturen oder ziehen sogar zu uns, weil es in ihrer Heimat noch viel k\u00e4lter ist und Nahrungsmangel herrscht.","robots":{"index":"index","follow":"follow","max-snippet":"max-snippet:-1","max-image-preview":"max-image-preview:large","max-video-preview":"max-video-preview:-1"},"canonical":"https:\/\/www.naturparkmagazin.de\/vdn\/hiergeblieben-wintervoegel\/","og_locale":"de_DE","og_type":"article","og_title":"Hiergeblieben \u2013 Winterv\u00f6gel","og_description":"Viele unserer Singv\u00f6gel leben im Winter in s\u00fcdlicheren Gefilden, doch zahlreiche V\u00f6gel trotzen unseren kalten Temperaturen oder ziehen sogar zu uns, weil es in ihrer Heimat noch viel k\u00e4lter ist und Nahrungsmangel herrscht.","og_url":"https:\/\/www.naturparkmagazin.de\/vdn\/hiergeblieben-wintervoegel\/","og_site_name":"Verband Deutscher Naturparke","article_published_time":"2018-01-15T15:54:40+00:00","article_modified_time":"2018-01-15T15:33:25+00:00","og_image":[{"width":200,"height":200,"url":"https:\/\/www.naturparkmagazin.de\/vdn\/wp-content\/uploads\/sites\/3\/img-5948-1024x909bf.jpg","type":"image\/jpeg"}],"author":"manuelamerz","twitter_misc":{"Verfasst von":"manuelamerz","Gesch\u00e4tzte Lesezeit":"1\u00a0Minute"},"schema":{"@context":"https:\/\/schema.org","@graph":[{"@type":"WebPage","@id":"https:\/\/www.naturparkmagazin.de\/vdn\/hiergeblieben-wintervoegel\/","url":"https:\/\/www.naturparkmagazin.de\/vdn\/hiergeblieben-wintervoegel\/","name":"Hiergeblieben \u2013 Winterv\u00f6gel","isPartOf":{"@id":"https:\/\/www.naturparkmagazin.de\/vdn\/#website"},"datePublished":"2018-01-15T15:54:40+00:00","dateModified":"2018-01-15T15:33:25+00:00","author":{"@id":"https:\/\/www.naturparkmagazin.de\/vdn\/#\/schema\/person\/3cff9b8773ed55f0189255fa9adfd57c"},"description":"Viele unserer Singv\u00f6gel leben im Winter in s\u00fcdlicheren Gefilden, doch zahlreiche V\u00f6gel trotzen unseren kalten Temperaturen oder ziehen sogar zu uns, weil es in ihrer Heimat noch viel k\u00e4lter ist und Nahrungsmangel herrscht.","breadcrumb":{"@id":"https:\/\/www.naturparkmagazin.de\/vdn\/hiergeblieben-wintervoegel\/#breadcrumb"},"inLanguage":"de","potentialAction":[{"@type":"ReadAction","target":["https:\/\/www.naturparkmagazin.de\/vdn\/hiergeblieben-wintervoegel\/"]}]},{"@type":"BreadcrumbList","@id":"https:\/\/www.naturparkmagazin.de\/vdn\/hiergeblieben-wintervoegel\/#breadcrumb","itemListElement":[{"@type":"ListItem","position":1,"name":"Home","item":"https:\/\/www.naturparkmagazin.de\/vdn\/"},{"@type":"ListItem","position":2,"name":"Hiergeblieben \u2013 Winterv\u00f6gel"}]},{"@type":"WebSite","@id":"https:\/\/www.naturparkmagazin.de\/vdn\/#website","url":"https:\/\/www.naturparkmagazin.de\/vdn\/","name":"Verband Deutscher Naturparke","description":"Eine weitere Naturparkmagazin.de Netzwerk Seite","potentialAction":[{"@type":"SearchAction","target":{"@type":"EntryPoint","urlTemplate":"https:\/\/www.naturparkmagazin.de\/vdn\/?s={search_term_string}"},"query-input":"required name=search_term_string"}],"inLanguage":"de"},{"@type":"Person","@id":"https:\/\/www.naturparkmagazin.de\/vdn\/#\/schema\/person\/3cff9b8773ed55f0189255fa9adfd57c","name":"manuelamerz","url":"https:\/\/www.naturparkmagazin.de\/vdn\/author\/manuelamerz\/"}]}},"_links":{"self":[{"href":"https:\/\/www.naturparkmagazin.de\/vdn\/wp-json\/wp\/v2\/posts\/9629"}],"collection":[{"href":"https:\/\/www.naturparkmagazin.de\/vdn\/wp-json\/wp\/v2\/posts"}],"about":[{"href":"https:\/\/www.naturparkmagazin.de\/vdn\/wp-json\/wp\/v2\/types\/post"}],"author":[{"embeddable":true,"href":"https:\/\/www.naturparkmagazin.de\/vdn\/wp-json\/wp\/v2\/users\/73"}],"replies":[{"embeddable":true,"href":"https:\/\/www.naturparkmagazin.de\/vdn\/wp-json\/wp\/v2\/comments?post=9629"}],"version-history":[{"count":2,"href":"https:\/\/www.naturparkmagazin.de\/vdn\/wp-json\/wp\/v2\/posts\/9629\/revisions"}],"predecessor-version":[{"id":9635,"href":"https:\/\/www.naturparkmagazin.de\/vdn\/wp-json\/wp\/v2\/posts\/9629\/revisions\/9635"}],"wp:featuredmedia":[{"embeddable":true,"href":"https:\/\/www.naturparkmagazin.de\/vdn\/wp-json\/wp\/v2\/media\/9633"}],"wp:attachment":[{"href":"https:\/\/www.naturparkmagazin.de\/vdn\/wp-json\/wp\/v2\/media?parent=9629"}],"wp:term":[{"taxonomy":"category","embeddable":true,"href":"https:\/\/www.naturparkmagazin.de\/vdn\/wp-json\/wp\/v2\/categories?post=9629"},{"taxonomy":"post_tag","embeddable":true,"href":"https:\/\/www.naturparkmagazin.de\/vdn\/wp-json\/wp\/v2\/tags?post=9629"}],"curies":[{"name":"wp","href":"https:\/\/api.w.org\/{rel}","templated":true}]}}