{"id":9640,"date":"2018-01-15T18:00:32","date_gmt":"2018-01-15T17:00:32","guid":{"rendered":"http:\/\/www.naturparkmagazin.de\/vdn\/?p=9640"},"modified":"2018-11-05T12:36:43","modified_gmt":"2018-11-05T11:36:43","slug":"lust-auf-land-gruene-woche-2018","status":"publish","type":"post","link":"https:\/\/www.naturparkmagazin.de\/vdn\/lust-auf-land-gruene-woche-2018\/","title":{"rendered":"\u201eGemeinsam f\u00fcr den l\u00e4ndlichen Raum\u201c &#8211; Gr\u00fcne Woche 2018"},"content":{"rendered":"<div id=\"attachment_9693\" style=\"width: 510px\" class=\"wp-caption aligncenter\"><a href=\"https:\/\/www.naturparkmagazin.de\/vdn\/wp-content\/uploads\/sites\/3\/IMG_7117_beitrag.jpg\"><img aria-describedby=\"caption-attachment-9693\" decoding=\"async\" loading=\"lazy\" class=\"size-full wp-image-9693\" src=\"https:\/\/www.naturparkmagazin.de\/vdn\/wp-content\/uploads\/sites\/3\/IMG_7117_beitrag.jpg\" alt=\"Ein buntes Sortiment an Informationsmaterial und das Streuobstwiesen-Gewinnspiel brachte der VDN mit auf die Gr\u00fcne Woche 2018 - Copyright: VDN\" width=\"500\" height=\"300\" srcset=\"https:\/\/www.naturparkmagazin.de\/vdn\/wp-content\/uploads\/sites\/3\/IMG_7117_beitrag.jpg 500w, https:\/\/www.naturparkmagazin.de\/vdn\/wp-content\/uploads\/sites\/3\/IMG_7117_beitrag-300x180.jpg 300w, https:\/\/www.naturparkmagazin.de\/vdn\/wp-content\/uploads\/sites\/3\/IMG_7117_beitrag-200x120.jpg 200w\" sizes=\"(max-width: 500px) 100vw, 500px\" \/><\/a><p id=\"caption-attachment-9693\" class=\"wp-caption-text\">Ein buntes Sortiment an Informationsmaterial und das Streuobstwiesen-Gewinnspiel brachte der VDN mit auf die Gr\u00fcne Woche 2018 &#8211; Copyright: VDN<\/p><\/div>\n<p>Auf der Internationalen Gr\u00fcnen Woche 2018 (IGW) in Berlin war der Verband Deutscher Naturparke (VDN) gemeinsam mit dem Bundesverband Deutsche Mittelgebirge e.V. Partner des Bundesministeriums f\u00fcr Ern\u00e4hrung und Landwirtschaft (BMEL) in der Halle 4.2, in der die Vielfalt l\u00e4ndlicher Regionen in der Sonderschau \u201eLust aufs Land\u201c vorgestellt wurde.<\/p>\n<div id=\"attachment_9677\" style=\"width: 510px\" class=\"wp-caption aligncenter\"><a href=\"https:\/\/www.naturparkmagazin.de\/vdn\/wp-content\/uploads\/sites\/3\/IMG_7070_beitrag.jpg\"><img aria-describedby=\"caption-attachment-9677\" decoding=\"async\" loading=\"lazy\" class=\"size-full wp-image-9677\" src=\"https:\/\/www.naturparkmagazin.de\/vdn\/wp-content\/uploads\/sites\/3\/IMG_7070_beitrag.jpg\" alt=\"VDN-Vorstandsmitglied Dr. Mario Schrumpf aus dem Naturpark Stechlin Ruppiner Land (links), Mathias Allg\u00e4uer, Gesch\u00e4ftsf\u00fchrer Naturpark Sch\u00f6nbuch (Mitte) und Michael Pfaff, Gesch\u00e4ftsf\u00fchrer  Bundesverband Deutsche Mittelgebirge e.V. (rechts) - Copyright: VDN\" width=\"500\" height=\"300\" srcset=\"https:\/\/www.naturparkmagazin.de\/vdn\/wp-content\/uploads\/sites\/3\/IMG_7070_beitrag.jpg 500w, https:\/\/www.naturparkmagazin.de\/vdn\/wp-content\/uploads\/sites\/3\/IMG_7070_beitrag-300x180.jpg 300w, https:\/\/www.naturparkmagazin.de\/vdn\/wp-content\/uploads\/sites\/3\/IMG_7070_beitrag-200x120.jpg 200w\" sizes=\"(max-width: 500px) 100vw, 500px\" \/><\/a><p id=\"caption-attachment-9677\" class=\"wp-caption-text\">VDN-Vorstandsmitglied Dr. Mario Schrumpf aus dem Naturpark Stechlin Ruppiner Land (links), Mathias Allg\u00e4uer, Gesch\u00e4ftsf\u00fchrer Naturpark Sch\u00f6nbuch (Mitte) und Michael Pfaff, Gesch\u00e4ftsf\u00fchrer Bundesverband Deutsche Mittelgebirge e.V. (rechts) &#8211; Copyright: VDN<\/p><\/div>\n<div id=\"attachment_9678\" style=\"width: 510px\" class=\"wp-caption aligncenter\"><a href=\"https:\/\/www.naturparkmagazin.de\/vdn\/wp-content\/uploads\/sites\/3\/IMG_7027_Beitrag.jpg\"><img aria-describedby=\"caption-attachment-9678\" decoding=\"async\" loading=\"lazy\" class=\"wp-image-9678 size-full\" src=\"https:\/\/www.naturparkmagazin.de\/vdn\/wp-content\/uploads\/sites\/3\/IMG_7027_Beitrag.jpg\" alt=\"Studenten der Humboldt-Universit\u00e4t, Berlin im Gespr\u00e4ch mit VDN-Mitarbeiterin Manuela Merz - Copyright: VDN\" width=\"500\" height=\"300\" srcset=\"https:\/\/www.naturparkmagazin.de\/vdn\/wp-content\/uploads\/sites\/3\/IMG_7027_Beitrag.jpg 500w, https:\/\/www.naturparkmagazin.de\/vdn\/wp-content\/uploads\/sites\/3\/IMG_7027_Beitrag-300x180.jpg 300w, https:\/\/www.naturparkmagazin.de\/vdn\/wp-content\/uploads\/sites\/3\/IMG_7027_Beitrag-200x120.jpg 200w\" sizes=\"(max-width: 500px) 100vw, 500px\" \/><\/a><p id=\"caption-attachment-9678\" class=\"wp-caption-text\">Studenten der Humboldt-Universit\u00e4t, Berlin im Gespr\u00e4ch mit VDN-Mitarbeiterin Manuela Merz &#8211; Copyright: VDN<\/p><\/div>\n<p>Unter dem Motto \u201eGemeinsam f\u00fcr den l\u00e4ndlichen Raum\u201c bot der VDN Interessenten die M\u00f6glichkeiten, sich am gemeinsamen Stand mit den Mittelgebirgen mit Experten z. B. \u00fcber das touristische Potenzial der Naturparke f\u00fcr Deutschlands l\u00e4ndliche Raume auszutauschen und aktuelle Entwicklungen und Zukunftsperspektiven f\u00fcr das Land zu diskutieren. Beim \u201eStreuobstwiesen-Gewinnspiel\u201c konnten Messebesucher Reisen und andere wertvolle Preise gewinnen.<\/p>\n<div id=\"attachment_9679\" style=\"width: 510px\" class=\"wp-caption aligncenter\"><a href=\"https:\/\/www.naturparkmagazin.de\/vdn\/wp-content\/uploads\/sites\/3\/IMG_7101_beitrag.jpg\"><img aria-describedby=\"caption-attachment-9679\" decoding=\"async\" loading=\"lazy\" class=\"wp-image-9679 size-full\" src=\"https:\/\/www.naturparkmagazin.de\/vdn\/wp-content\/uploads\/sites\/3\/IMG_7101_beitrag.jpg\" alt=\"Auf der Landschau diskutierte Naturpark-Gesch\u00e4ftsf\u00fchrer Dominik Hosters aus dem Naturpark Nordeifel mit Petra Schwarz - Copyright: VDN\" width=\"500\" height=\"300\" srcset=\"https:\/\/www.naturparkmagazin.de\/vdn\/wp-content\/uploads\/sites\/3\/IMG_7101_beitrag.jpg 500w, https:\/\/www.naturparkmagazin.de\/vdn\/wp-content\/uploads\/sites\/3\/IMG_7101_beitrag-300x180.jpg 300w, https:\/\/www.naturparkmagazin.de\/vdn\/wp-content\/uploads\/sites\/3\/IMG_7101_beitrag-200x120.jpg 200w\" sizes=\"(max-width: 500px) 100vw, 500px\" \/><\/a><p id=\"caption-attachment-9679\" class=\"wp-caption-text\">Auf der Landschau diskutierte Naturpark-Gesch\u00e4ftsf\u00fchrer Dominik Hosters aus dem Naturpark Nordeifel mit Petra Schwarz &#8211; Copyright: VDN<\/p><\/div>\n<p>Die \u201eLandTour L\u00e4ndliche Entwicklung\u201c, die vom BMEL f\u00fcr interessierte Messebesucher t\u00e4glich im Zeitraum von 11 bis 12 Uhr durchgef\u00fchrt wurde, machte auch am Stand des VDN Station. Projektbeispiele lieferten den Messeg\u00e4sten praxistaugliche Ideen, wie die Steigerung der Attraktivit\u00e4t von l\u00e4ndlichen Gebieten gelingen kann.<\/p>\n<div id=\"attachment_9694\" style=\"width: 510px\" class=\"wp-caption aligncenter\"><a href=\"https:\/\/www.naturparkmagazin.de\/vdn\/wp-content\/uploads\/sites\/3\/IMG_7146_beitrag.jpg\"><img aria-describedby=\"caption-attachment-9694\" decoding=\"async\" loading=\"lazy\" class=\"size-full wp-image-9694\" src=\"https:\/\/www.naturparkmagazin.de\/vdn\/wp-content\/uploads\/sites\/3\/IMG_7146_beitrag.jpg\" alt=\"Mit von der Partie war auch der Natur- und Geopark Vulkaneifel mit seinem Gesch\u00e4ftsf\u00fchrer Dr. Andreas Sch\u00fcller - Copyright: VDN\" width=\"500\" height=\"300\" srcset=\"https:\/\/www.naturparkmagazin.de\/vdn\/wp-content\/uploads\/sites\/3\/IMG_7146_beitrag.jpg 500w, https:\/\/www.naturparkmagazin.de\/vdn\/wp-content\/uploads\/sites\/3\/IMG_7146_beitrag-300x180.jpg 300w, https:\/\/www.naturparkmagazin.de\/vdn\/wp-content\/uploads\/sites\/3\/IMG_7146_beitrag-200x120.jpg 200w\" sizes=\"(max-width: 500px) 100vw, 500px\" \/><\/a><p id=\"caption-attachment-9694\" class=\"wp-caption-text\">Mit von der Partie war auch der Natur- und Geopark Vulkaneifel mit seinem Gesch\u00e4ftsf\u00fchrer Dr. Andreas Sch\u00fcller &#8211; Copyright: VDN<\/p><\/div>\n<p>Die deutschen Naturparke und Mittelgebirge sind Verb\u00fcndete f\u00fcr die Entwicklung des l\u00e4ndlichen Raums und unterst\u00fctzen diese mit vielen unterschiedlichen Ma\u00dfnahmen in Bereichen wie nachhaltige Tourismusentwicklung, regionale Produkte, Regionalmarken und Mobilit\u00e4t.<\/p>\n<div id=\"attachment_9692\" style=\"width: 510px\" class=\"wp-caption aligncenter\"><a href=\"https:\/\/www.naturparkmagazin.de\/vdn\/wp-content\/uploads\/sites\/3\/IMG_7056fbeitrag.jpg\"><img aria-describedby=\"caption-attachment-9692\" decoding=\"async\" loading=\"lazy\" class=\"size-full wp-image-9692\" src=\"https:\/\/www.naturparkmagazin.de\/vdn\/wp-content\/uploads\/sites\/3\/IMG_7056fbeitrag.jpg\" alt=\"Der Naturpark Sch\u00f6nbuch war mit seinem Gesch\u00e4ftsf\u00fchrer Mathias Allg\u00e4uer vertreten - Copyright: VDN\" width=\"500\" height=\"300\" srcset=\"https:\/\/www.naturparkmagazin.de\/vdn\/wp-content\/uploads\/sites\/3\/IMG_7056fbeitrag.jpg 500w, https:\/\/www.naturparkmagazin.de\/vdn\/wp-content\/uploads\/sites\/3\/IMG_7056fbeitrag-300x180.jpg 300w, https:\/\/www.naturparkmagazin.de\/vdn\/wp-content\/uploads\/sites\/3\/IMG_7056fbeitrag-200x120.jpg 200w\" sizes=\"(max-width: 500px) 100vw, 500px\" \/><\/a><p id=\"caption-attachment-9692\" class=\"wp-caption-text\">Der Naturpark Sch\u00f6nbuch war mit seinem Gesch\u00e4ftsf\u00fchrer Mathias Allg\u00e4uer vertreten &#8211; Copyright: VDN<\/p><\/div>\n<p>&nbsp;<\/p>\n<p>&nbsp;<\/p>\n<p>&gt;&gt; <a href=\"https:\/\/www.naturparke.de\/fileadmin\/files\/public\/Service\/PDF\/PM_01-2018-1_IGW__2018_final_.pdf\" target=\"_blank\">Hier k\u00f6nnen Sie die Pressemitteilung anschauen<\/a><\/p>\n<p><a href=\"https:\/\/www.naturparke.de\/service\/infothek.html?searchword=&amp;categories%5Bsingle%5D%5B20%5D=22&amp;categories%5Bmulti%5D%5B21%5D=&amp;categories%5Bmulti%5D%5B21%5D%5B%5D=28&amp;searchSubmit=Suchen\" target=\"_blank\">&gt;&gt; Hier k\u00f6nnen Sie einen Flyer zum Thema downloaden<\/a><\/p>\n<p>&nbsp;<\/p>\n","protected":false},"excerpt":{"rendered":"<p>Vom 19.-28. pr\u00e4sentierte sich der VDN gemeinsam mit dem Bundesverband Deutscher Mittelgebirge auf der Internationalen Gr\u00fcnen Woche 2018 in Berlin. <\/p>\n","protected":false},"author":73,"featured_media":9680,"comment_status":"open","ping_status":"open","sticky":false,"template":"","format":"standard","meta":{"_links_to":"","_links_to_target":""},"categories":[7],"tags":[],"yoast_head":"<!-- This site is optimized with the Yoast SEO plugin v19.10 - https:\/\/yoast.com\/wordpress\/plugins\/seo\/ -->\n<title>\u201eGemeinsam f\u00fcr den l\u00e4ndlichen Raum\u201c - Gr\u00fcne Woche 2018<\/title>\n<meta name=\"description\" content=\"Vom 19.-28. pr\u00e4sentierte sich der VDN gemeinsam mit dem Bundesverband Deutscher Mittelgebirge auf der Internationalen Gr\u00fcnen Woche 2018 in Berlin.\" \/>\n<meta name=\"robots\" content=\"index, follow, max-snippet:-1, max-image-preview:large, max-video-preview:-1\" \/>\n<link rel=\"canonical\" href=\"https:\/\/www.naturparkmagazin.de\/vdn\/lust-auf-land-gruene-woche-2018\/\" \/>\n<meta property=\"og:locale\" content=\"de_DE\" \/>\n<meta property=\"og:type\" content=\"article\" \/>\n<meta property=\"og:title\" content=\"\u201eGemeinsam f\u00fcr den l\u00e4ndlichen Raum\u201c - Gr\u00fcne Woche 2018\" \/>\n<meta property=\"og:description\" content=\"Vom 19.-28. pr\u00e4sentierte sich der VDN gemeinsam mit dem Bundesverband Deutscher Mittelgebirge auf der Internationalen Gr\u00fcnen Woche 2018 in Berlin.\" \/>\n<meta property=\"og:url\" content=\"https:\/\/www.naturparkmagazin.de\/vdn\/lust-auf-land-gruene-woche-2018\/\" \/>\n<meta property=\"og:site_name\" content=\"Verband Deutscher Naturparke\" \/>\n<meta property=\"article:published_time\" content=\"2018-01-15T17:00:32+00:00\" \/>\n<meta property=\"article:modified_time\" content=\"2018-11-05T11:36:43+00:00\" \/>\n<meta property=\"og:image\" content=\"https:\/\/www.naturparkmagazin.de\/vdn\/wp-content\/uploads\/sites\/3\/IMG_7022_beitrag.jpg\" \/>\n\t<meta property=\"og:image:width\" content=\"200\" \/>\n\t<meta property=\"og:image:height\" content=\"200\" \/>\n\t<meta property=\"og:image:type\" content=\"image\/jpeg\" \/>\n<meta name=\"author\" content=\"manuelamerz\" \/>\n<meta name=\"twitter:label1\" content=\"Verfasst von\" \/>\n\t<meta name=\"twitter:data1\" content=\"manuelamerz\" \/>\n\t<meta name=\"twitter:label2\" content=\"Gesch\u00e4tzte Lesezeit\" \/>\n\t<meta name=\"twitter:data2\" content=\"2\u00a0Minuten\" \/>\n<script type=\"application\/ld+json\" class=\"yoast-schema-graph\">{\"@context\":\"https:\/\/schema.org\",\"@graph\":[{\"@type\":\"WebPage\",\"@id\":\"https:\/\/www.naturparkmagazin.de\/vdn\/lust-auf-land-gruene-woche-2018\/\",\"url\":\"https:\/\/www.naturparkmagazin.de\/vdn\/lust-auf-land-gruene-woche-2018\/\",\"name\":\"\u201eGemeinsam f\u00fcr den l\u00e4ndlichen Raum\u201c - Gr\u00fcne Woche 2018\",\"isPartOf\":{\"@id\":\"https:\/\/www.naturparkmagazin.de\/vdn\/#website\"},\"datePublished\":\"2018-01-15T17:00:32+00:00\",\"dateModified\":\"2018-11-05T11:36:43+00:00\",\"author\":{\"@id\":\"https:\/\/www.naturparkmagazin.de\/vdn\/#\/schema\/person\/3cff9b8773ed55f0189255fa9adfd57c\"},\"description\":\"Vom 19.-28. pr\u00e4sentierte sich der VDN gemeinsam mit dem Bundesverband Deutscher Mittelgebirge auf der Internationalen Gr\u00fcnen Woche 2018 in Berlin.\",\"breadcrumb\":{\"@id\":\"https:\/\/www.naturparkmagazin.de\/vdn\/lust-auf-land-gruene-woche-2018\/#breadcrumb\"},\"inLanguage\":\"de\",\"potentialAction\":[{\"@type\":\"ReadAction\",\"target\":[\"https:\/\/www.naturparkmagazin.de\/vdn\/lust-auf-land-gruene-woche-2018\/\"]}]},{\"@type\":\"BreadcrumbList\",\"@id\":\"https:\/\/www.naturparkmagazin.de\/vdn\/lust-auf-land-gruene-woche-2018\/#breadcrumb\",\"itemListElement\":[{\"@type\":\"ListItem\",\"position\":1,\"name\":\"Home\",\"item\":\"https:\/\/www.naturparkmagazin.de\/vdn\/\"},{\"@type\":\"ListItem\",\"position\":2,\"name\":\"\u201eGemeinsam f\u00fcr den l\u00e4ndlichen Raum\u201c &#8211; Gr\u00fcne Woche 2018\"}]},{\"@type\":\"WebSite\",\"@id\":\"https:\/\/www.naturparkmagazin.de\/vdn\/#website\",\"url\":\"https:\/\/www.naturparkmagazin.de\/vdn\/\",\"name\":\"Verband Deutscher Naturparke\",\"description\":\"Eine weitere Naturparkmagazin.de Netzwerk Seite\",\"potentialAction\":[{\"@type\":\"SearchAction\",\"target\":{\"@type\":\"EntryPoint\",\"urlTemplate\":\"https:\/\/www.naturparkmagazin.de\/vdn\/?s={search_term_string}\"},\"query-input\":\"required name=search_term_string\"}],\"inLanguage\":\"de\"},{\"@type\":\"Person\",\"@id\":\"https:\/\/www.naturparkmagazin.de\/vdn\/#\/schema\/person\/3cff9b8773ed55f0189255fa9adfd57c\",\"name\":\"manuelamerz\",\"url\":\"https:\/\/www.naturparkmagazin.de\/vdn\/author\/manuelamerz\/\"}]}<\/script>\n<!-- \/ Yoast SEO plugin. -->","yoast_head_json":{"title":"\u201eGemeinsam f\u00fcr den l\u00e4ndlichen Raum\u201c - Gr\u00fcne Woche 2018","description":"Vom 19.-28. pr\u00e4sentierte sich der VDN gemeinsam mit dem Bundesverband Deutscher Mittelgebirge auf der Internationalen Gr\u00fcnen Woche 2018 in Berlin.","robots":{"index":"index","follow":"follow","max-snippet":"max-snippet:-1","max-image-preview":"max-image-preview:large","max-video-preview":"max-video-preview:-1"},"canonical":"https:\/\/www.naturparkmagazin.de\/vdn\/lust-auf-land-gruene-woche-2018\/","og_locale":"de_DE","og_type":"article","og_title":"\u201eGemeinsam f\u00fcr den l\u00e4ndlichen Raum\u201c - Gr\u00fcne Woche 2018","og_description":"Vom 19.-28. pr\u00e4sentierte sich der VDN gemeinsam mit dem Bundesverband Deutscher Mittelgebirge auf der Internationalen Gr\u00fcnen Woche 2018 in Berlin.","og_url":"https:\/\/www.naturparkmagazin.de\/vdn\/lust-auf-land-gruene-woche-2018\/","og_site_name":"Verband Deutscher Naturparke","article_published_time":"2018-01-15T17:00:32+00:00","article_modified_time":"2018-11-05T11:36:43+00:00","og_image":[{"width":200,"height":200,"url":"https:\/\/www.naturparkmagazin.de\/vdn\/wp-content\/uploads\/sites\/3\/IMG_7022_beitrag.jpg","type":"image\/jpeg"}],"author":"manuelamerz","twitter_misc":{"Verfasst von":"manuelamerz","Gesch\u00e4tzte Lesezeit":"2\u00a0Minuten"},"schema":{"@context":"https:\/\/schema.org","@graph":[{"@type":"WebPage","@id":"https:\/\/www.naturparkmagazin.de\/vdn\/lust-auf-land-gruene-woche-2018\/","url":"https:\/\/www.naturparkmagazin.de\/vdn\/lust-auf-land-gruene-woche-2018\/","name":"\u201eGemeinsam f\u00fcr den l\u00e4ndlichen Raum\u201c - Gr\u00fcne Woche 2018","isPartOf":{"@id":"https:\/\/www.naturparkmagazin.de\/vdn\/#website"},"datePublished":"2018-01-15T17:00:32+00:00","dateModified":"2018-11-05T11:36:43+00:00","author":{"@id":"https:\/\/www.naturparkmagazin.de\/vdn\/#\/schema\/person\/3cff9b8773ed55f0189255fa9adfd57c"},"description":"Vom 19.-28. pr\u00e4sentierte sich der VDN gemeinsam mit dem Bundesverband Deutscher Mittelgebirge auf der Internationalen Gr\u00fcnen Woche 2018 in Berlin.","breadcrumb":{"@id":"https:\/\/www.naturparkmagazin.de\/vdn\/lust-auf-land-gruene-woche-2018\/#breadcrumb"},"inLanguage":"de","potentialAction":[{"@type":"ReadAction","target":["https:\/\/www.naturparkmagazin.de\/vdn\/lust-auf-land-gruene-woche-2018\/"]}]},{"@type":"BreadcrumbList","@id":"https:\/\/www.naturparkmagazin.de\/vdn\/lust-auf-land-gruene-woche-2018\/#breadcrumb","itemListElement":[{"@type":"ListItem","position":1,"name":"Home","item":"https:\/\/www.naturparkmagazin.de\/vdn\/"},{"@type":"ListItem","position":2,"name":"\u201eGemeinsam f\u00fcr den l\u00e4ndlichen Raum\u201c &#8211; Gr\u00fcne Woche 2018"}]},{"@type":"WebSite","@id":"https:\/\/www.naturparkmagazin.de\/vdn\/#website","url":"https:\/\/www.naturparkmagazin.de\/vdn\/","name":"Verband Deutscher Naturparke","description":"Eine weitere Naturparkmagazin.de Netzwerk Seite","potentialAction":[{"@type":"SearchAction","target":{"@type":"EntryPoint","urlTemplate":"https:\/\/www.naturparkmagazin.de\/vdn\/?s={search_term_string}"},"query-input":"required name=search_term_string"}],"inLanguage":"de"},{"@type":"Person","@id":"https:\/\/www.naturparkmagazin.de\/vdn\/#\/schema\/person\/3cff9b8773ed55f0189255fa9adfd57c","name":"manuelamerz","url":"https:\/\/www.naturparkmagazin.de\/vdn\/author\/manuelamerz\/"}]}},"_links":{"self":[{"href":"https:\/\/www.naturparkmagazin.de\/vdn\/wp-json\/wp\/v2\/posts\/9640"}],"collection":[{"href":"https:\/\/www.naturparkmagazin.de\/vdn\/wp-json\/wp\/v2\/posts"}],"about":[{"href":"https:\/\/www.naturparkmagazin.de\/vdn\/wp-json\/wp\/v2\/types\/post"}],"author":[{"embeddable":true,"href":"https:\/\/www.naturparkmagazin.de\/vdn\/wp-json\/wp\/v2\/users\/73"}],"replies":[{"embeddable":true,"href":"https:\/\/www.naturparkmagazin.de\/vdn\/wp-json\/wp\/v2\/comments?post=9640"}],"version-history":[{"count":13,"href":"https:\/\/www.naturparkmagazin.de\/vdn\/wp-json\/wp\/v2\/posts\/9640\/revisions"}],"predecessor-version":[{"id":10745,"href":"https:\/\/www.naturparkmagazin.de\/vdn\/wp-json\/wp\/v2\/posts\/9640\/revisions\/10745"}],"wp:featuredmedia":[{"embeddable":true,"href":"https:\/\/www.naturparkmagazin.de\/vdn\/wp-json\/wp\/v2\/media\/9680"}],"wp:attachment":[{"href":"https:\/\/www.naturparkmagazin.de\/vdn\/wp-json\/wp\/v2\/media?parent=9640"}],"wp:term":[{"taxonomy":"category","embeddable":true,"href":"https:\/\/www.naturparkmagazin.de\/vdn\/wp-json\/wp\/v2\/categories?post=9640"},{"taxonomy":"post_tag","embeddable":true,"href":"https:\/\/www.naturparkmagazin.de\/vdn\/wp-json\/wp\/v2\/tags?post=9640"}],"curies":[{"name":"wp","href":"https:\/\/api.w.org\/{rel}","templated":true}]}}