{"id":9650,"date":"2018-01-15T14:00:46","date_gmt":"2018-01-15T13:00:46","guid":{"rendered":"http:\/\/www.naturparkmagazin.de\/vdn\/?p=9650"},"modified":"2018-02-06T12:16:18","modified_gmt":"2018-02-06T11:16:18","slug":"jetzt-online-natur-erleben-verbindet","status":"publish","type":"post","link":"https:\/\/www.naturparkmagazin.de\/vdn\/jetzt-online-natur-erleben-verbindet\/","title":{"rendered":"\u201eJetzt online\u201c &#8211; Natur erleben verbindet"},"content":{"rendered":"<div id=\"attachment_9651\" style=\"width: 510px\" class=\"wp-caption alignnone\"><a href=\"https:\/\/www.naturparkmagazin.de\/vdn\/wp-content\/uploads\/sites\/3\/Asylbewerber-posieren-stolz-mit-B\u00fcrgermeister-Bauer-Salomonb.jpg\"><img aria-describedby=\"caption-attachment-9651\" decoding=\"async\" loading=\"lazy\" class=\"size-full wp-image-9651\" src=\"https:\/\/www.naturparkmagazin.de\/vdn\/wp-content\/uploads\/sites\/3\/Asylbewerber-posieren-stolz-mit-B\u00fcrgermeister-Bauer-Salomonb.jpg\" alt=\"Fl\u00fcchtlinge mit dem Dammbacher B\u00fcrgermeister Bauer \u00a9 Salomon\" width=\"500\" height=\"300\" srcset=\"https:\/\/www.naturparkmagazin.de\/vdn\/wp-content\/uploads\/sites\/3\/Asylbewerber-posieren-stolz-mit-B\u00fcrgermeister-Bauer-Salomonb.jpg 500w, https:\/\/www.naturparkmagazin.de\/vdn\/wp-content\/uploads\/sites\/3\/Asylbewerber-posieren-stolz-mit-B\u00fcrgermeister-Bauer-Salomonb-300x180.jpg 300w, https:\/\/www.naturparkmagazin.de\/vdn\/wp-content\/uploads\/sites\/3\/Asylbewerber-posieren-stolz-mit-B\u00fcrgermeister-Bauer-Salomonb-200x120.jpg 200w\" sizes=\"(max-width: 500px) 100vw, 500px\" \/><\/a><p id=\"caption-attachment-9651\" class=\"wp-caption-text\">Fl\u00fcchtlinge mit dem Dammbacher B\u00fcrgermeister Bauer \u00a9 Salomon<\/p><\/div>\n<p>Mit dem Projekt \u201eNatur erleben verbindet\u201c sollen Menschen aus allen gesellschaftlichen Gruppen zu Naturerlebnissen, zu Umweltbildungsangeboten und zur aktiven Teilnahme an Naturschutzma\u00dfnahmen in die Naturparke eingeladen werden. Ziel des Projektes ist es, die Angebote der Naturparke f\u00fcr Zielgruppen zu \u00f6ffnen, die die bisherigen Angebote nur wenig nutzen. Dazu geh\u00f6ren Menschen aus sozial benachteiligten Schichten, Menschen mit Migrationshintergrund und Gefl\u00fcchtete.<\/p>\n<p>Durch das gemeinsame Naturerleben von Menschen aus verschiedenen Teilen der Bev\u00f6lkerung soll der Austausch und das gegenseitige Verst\u00e4ndnis gef\u00f6rdert und ein gemeinsames Engagement f\u00fcr Natur und Naturschutz unterst\u00fctzt werden.<\/p>\n<p>Alle Informationen zum Projekt k\u00f6nnen Sie ab sofort unter <a href=\"http:\/\/www.naturparke.de\/natur-erleben-verbindet\">www.naturparke.de\/natur-erleben-verbindet <\/a>aufrufen.<\/p>\n<p>Das Projekt wird gef\u00f6rdert vom Bundesamt f\u00fcr Naturschutz (BfN) mit Mitteln des Bundesministeriums f\u00fcr Umwelt, Naturschutz, Bau und Reaktorsicherheit (BMUB) und l\u00e4uft bis Oktober 2018.<\/p>\n<p>&nbsp;<\/p>\n<p>&nbsp;<\/p>\n","protected":false},"excerpt":{"rendered":"<p>Das Projekt &#8222;Natur erleben verbindet&#8220; l\u00e4dt Menschen aus allen gesellschaftlichen Gruppen zu Naturerlebnissen, zu Umweltbildungsangeboten und zur aktiven Teilnahme an Naturschutzma\u00dfnahmen in die Naturparke ein.<\/p>\n","protected":false},"author":73,"featured_media":9652,"comment_status":"open","ping_status":"open","sticky":false,"template":"","format":"standard","meta":{"_links_to":"","_links_to_target":""},"categories":[7],"tags":[],"yoast_head":"<!-- This site is optimized with the Yoast SEO plugin v19.10 - https:\/\/yoast.com\/wordpress\/plugins\/seo\/ -->\n<title>\u201eJetzt online\u201c - Natur erleben verbindet<\/title>\n<meta name=\"description\" content=\"Das Projekt &quot;Natur erleben verbindet&quot; l\u00e4dt Menschen aus allen gesellschaftlichen Gruppen zu Naturerlebnissen, zu Umweltbildungsangeboten und zur aktiven Teilnahme an Naturschutzma\u00dfnahmen in die Naturparke ein.\" \/>\n<meta name=\"robots\" content=\"index, follow, max-snippet:-1, max-image-preview:large, max-video-preview:-1\" \/>\n<link rel=\"canonical\" href=\"https:\/\/www.naturparkmagazin.de\/vdn\/jetzt-online-natur-erleben-verbindet\/\" \/>\n<meta property=\"og:locale\" content=\"de_DE\" \/>\n<meta property=\"og:type\" content=\"article\" \/>\n<meta property=\"og:title\" content=\"\u201eJetzt online\u201c - Natur erleben verbindet\" \/>\n<meta property=\"og:description\" content=\"Das Projekt &quot;Natur erleben verbindet&quot; l\u00e4dt Menschen aus allen gesellschaftlichen Gruppen zu Naturerlebnissen, zu Umweltbildungsangeboten und zur aktiven Teilnahme an Naturschutzma\u00dfnahmen in die Naturparke ein.\" \/>\n<meta property=\"og:url\" content=\"https:\/\/www.naturparkmagazin.de\/vdn\/jetzt-online-natur-erleben-verbindet\/\" \/>\n<meta property=\"og:site_name\" content=\"Verband Deutscher Naturparke\" \/>\n<meta property=\"article:published_time\" content=\"2018-01-15T13:00:46+00:00\" \/>\n<meta property=\"article:modified_time\" content=\"2018-02-06T11:16:18+00:00\" \/>\n<meta property=\"og:image\" content=\"https:\/\/www.naturparkmagazin.de\/vdn\/wp-content\/uploads\/sites\/3\/Asylbewerber-posieren-stolz-mit-B\u00fcrgermeister-Bauer-Salomonbf.jpg\" \/>\n\t<meta property=\"og:image:width\" content=\"200\" \/>\n\t<meta property=\"og:image:height\" content=\"200\" \/>\n\t<meta property=\"og:image:type\" content=\"image\/jpeg\" \/>\n<meta name=\"author\" content=\"manuelamerz\" \/>\n<meta name=\"twitter:label1\" content=\"Verfasst von\" \/>\n\t<meta name=\"twitter:data1\" content=\"manuelamerz\" \/>\n\t<meta name=\"twitter:label2\" content=\"Gesch\u00e4tzte Lesezeit\" \/>\n\t<meta name=\"twitter:data2\" content=\"1\u00a0Minute\" \/>\n<script type=\"application\/ld+json\" class=\"yoast-schema-graph\">{\"@context\":\"https:\/\/schema.org\",\"@graph\":[{\"@type\":\"WebPage\",\"@id\":\"https:\/\/www.naturparkmagazin.de\/vdn\/jetzt-online-natur-erleben-verbindet\/\",\"url\":\"https:\/\/www.naturparkmagazin.de\/vdn\/jetzt-online-natur-erleben-verbindet\/\",\"name\":\"\u201eJetzt online\u201c - Natur erleben verbindet\",\"isPartOf\":{\"@id\":\"https:\/\/www.naturparkmagazin.de\/vdn\/#website\"},\"datePublished\":\"2018-01-15T13:00:46+00:00\",\"dateModified\":\"2018-02-06T11:16:18+00:00\",\"author\":{\"@id\":\"https:\/\/www.naturparkmagazin.de\/vdn\/#\/schema\/person\/3cff9b8773ed55f0189255fa9adfd57c\"},\"description\":\"Das Projekt \\\"Natur erleben verbindet\\\" l\u00e4dt Menschen aus allen gesellschaftlichen Gruppen zu Naturerlebnissen, zu Umweltbildungsangeboten und zur aktiven Teilnahme an Naturschutzma\u00dfnahmen in die Naturparke ein.\",\"breadcrumb\":{\"@id\":\"https:\/\/www.naturparkmagazin.de\/vdn\/jetzt-online-natur-erleben-verbindet\/#breadcrumb\"},\"inLanguage\":\"de\",\"potentialAction\":[{\"@type\":\"ReadAction\",\"target\":[\"https:\/\/www.naturparkmagazin.de\/vdn\/jetzt-online-natur-erleben-verbindet\/\"]}]},{\"@type\":\"BreadcrumbList\",\"@id\":\"https:\/\/www.naturparkmagazin.de\/vdn\/jetzt-online-natur-erleben-verbindet\/#breadcrumb\",\"itemListElement\":[{\"@type\":\"ListItem\",\"position\":1,\"name\":\"Home\",\"item\":\"https:\/\/www.naturparkmagazin.de\/vdn\/\"},{\"@type\":\"ListItem\",\"position\":2,\"name\":\"\u201eJetzt online\u201c &#8211; Natur erleben verbindet\"}]},{\"@type\":\"WebSite\",\"@id\":\"https:\/\/www.naturparkmagazin.de\/vdn\/#website\",\"url\":\"https:\/\/www.naturparkmagazin.de\/vdn\/\",\"name\":\"Verband Deutscher Naturparke\",\"description\":\"Eine weitere Naturparkmagazin.de Netzwerk Seite\",\"potentialAction\":[{\"@type\":\"SearchAction\",\"target\":{\"@type\":\"EntryPoint\",\"urlTemplate\":\"https:\/\/www.naturparkmagazin.de\/vdn\/?s={search_term_string}\"},\"query-input\":\"required name=search_term_string\"}],\"inLanguage\":\"de\"},{\"@type\":\"Person\",\"@id\":\"https:\/\/www.naturparkmagazin.de\/vdn\/#\/schema\/person\/3cff9b8773ed55f0189255fa9adfd57c\",\"name\":\"manuelamerz\",\"url\":\"https:\/\/www.naturparkmagazin.de\/vdn\/author\/manuelamerz\/\"}]}<\/script>\n<!-- \/ Yoast SEO plugin. -->","yoast_head_json":{"title":"\u201eJetzt online\u201c - Natur erleben verbindet","description":"Das Projekt \"Natur erleben verbindet\" l\u00e4dt Menschen aus allen gesellschaftlichen Gruppen zu Naturerlebnissen, zu Umweltbildungsangeboten und zur aktiven Teilnahme an Naturschutzma\u00dfnahmen in die Naturparke ein.","robots":{"index":"index","follow":"follow","max-snippet":"max-snippet:-1","max-image-preview":"max-image-preview:large","max-video-preview":"max-video-preview:-1"},"canonical":"https:\/\/www.naturparkmagazin.de\/vdn\/jetzt-online-natur-erleben-verbindet\/","og_locale":"de_DE","og_type":"article","og_title":"\u201eJetzt online\u201c - Natur erleben verbindet","og_description":"Das Projekt \"Natur erleben verbindet\" l\u00e4dt Menschen aus allen gesellschaftlichen Gruppen zu Naturerlebnissen, zu Umweltbildungsangeboten und zur aktiven Teilnahme an Naturschutzma\u00dfnahmen in die Naturparke ein.","og_url":"https:\/\/www.naturparkmagazin.de\/vdn\/jetzt-online-natur-erleben-verbindet\/","og_site_name":"Verband Deutscher Naturparke","article_published_time":"2018-01-15T13:00:46+00:00","article_modified_time":"2018-02-06T11:16:18+00:00","og_image":[{"width":200,"height":200,"url":"https:\/\/www.naturparkmagazin.de\/vdn\/wp-content\/uploads\/sites\/3\/Asylbewerber-posieren-stolz-mit-B\u00fcrgermeister-Bauer-Salomonbf.jpg","type":"image\/jpeg"}],"author":"manuelamerz","twitter_misc":{"Verfasst von":"manuelamerz","Gesch\u00e4tzte Lesezeit":"1\u00a0Minute"},"schema":{"@context":"https:\/\/schema.org","@graph":[{"@type":"WebPage","@id":"https:\/\/www.naturparkmagazin.de\/vdn\/jetzt-online-natur-erleben-verbindet\/","url":"https:\/\/www.naturparkmagazin.de\/vdn\/jetzt-online-natur-erleben-verbindet\/","name":"\u201eJetzt online\u201c - Natur erleben verbindet","isPartOf":{"@id":"https:\/\/www.naturparkmagazin.de\/vdn\/#website"},"datePublished":"2018-01-15T13:00:46+00:00","dateModified":"2018-02-06T11:16:18+00:00","author":{"@id":"https:\/\/www.naturparkmagazin.de\/vdn\/#\/schema\/person\/3cff9b8773ed55f0189255fa9adfd57c"},"description":"Das Projekt \"Natur erleben verbindet\" l\u00e4dt Menschen aus allen gesellschaftlichen Gruppen zu Naturerlebnissen, zu Umweltbildungsangeboten und zur aktiven Teilnahme an Naturschutzma\u00dfnahmen in die Naturparke ein.","breadcrumb":{"@id":"https:\/\/www.naturparkmagazin.de\/vdn\/jetzt-online-natur-erleben-verbindet\/#breadcrumb"},"inLanguage":"de","potentialAction":[{"@type":"ReadAction","target":["https:\/\/www.naturparkmagazin.de\/vdn\/jetzt-online-natur-erleben-verbindet\/"]}]},{"@type":"BreadcrumbList","@id":"https:\/\/www.naturparkmagazin.de\/vdn\/jetzt-online-natur-erleben-verbindet\/#breadcrumb","itemListElement":[{"@type":"ListItem","position":1,"name":"Home","item":"https:\/\/www.naturparkmagazin.de\/vdn\/"},{"@type":"ListItem","position":2,"name":"\u201eJetzt online\u201c &#8211; Natur erleben verbindet"}]},{"@type":"WebSite","@id":"https:\/\/www.naturparkmagazin.de\/vdn\/#website","url":"https:\/\/www.naturparkmagazin.de\/vdn\/","name":"Verband Deutscher Naturparke","description":"Eine weitere Naturparkmagazin.de Netzwerk Seite","potentialAction":[{"@type":"SearchAction","target":{"@type":"EntryPoint","urlTemplate":"https:\/\/www.naturparkmagazin.de\/vdn\/?s={search_term_string}"},"query-input":"required name=search_term_string"}],"inLanguage":"de"},{"@type":"Person","@id":"https:\/\/www.naturparkmagazin.de\/vdn\/#\/schema\/person\/3cff9b8773ed55f0189255fa9adfd57c","name":"manuelamerz","url":"https:\/\/www.naturparkmagazin.de\/vdn\/author\/manuelamerz\/"}]}},"_links":{"self":[{"href":"https:\/\/www.naturparkmagazin.de\/vdn\/wp-json\/wp\/v2\/posts\/9650"}],"collection":[{"href":"https:\/\/www.naturparkmagazin.de\/vdn\/wp-json\/wp\/v2\/posts"}],"about":[{"href":"https:\/\/www.naturparkmagazin.de\/vdn\/wp-json\/wp\/v2\/types\/post"}],"author":[{"embeddable":true,"href":"https:\/\/www.naturparkmagazin.de\/vdn\/wp-json\/wp\/v2\/users\/73"}],"replies":[{"embeddable":true,"href":"https:\/\/www.naturparkmagazin.de\/vdn\/wp-json\/wp\/v2\/comments?post=9650"}],"version-history":[{"count":5,"href":"https:\/\/www.naturparkmagazin.de\/vdn\/wp-json\/wp\/v2\/posts\/9650\/revisions"}],"predecessor-version":[{"id":9707,"href":"https:\/\/www.naturparkmagazin.de\/vdn\/wp-json\/wp\/v2\/posts\/9650\/revisions\/9707"}],"wp:featuredmedia":[{"embeddable":true,"href":"https:\/\/www.naturparkmagazin.de\/vdn\/wp-json\/wp\/v2\/media\/9652"}],"wp:attachment":[{"href":"https:\/\/www.naturparkmagazin.de\/vdn\/wp-json\/wp\/v2\/media?parent=9650"}],"wp:term":[{"taxonomy":"category","embeddable":true,"href":"https:\/\/www.naturparkmagazin.de\/vdn\/wp-json\/wp\/v2\/categories?post=9650"},{"taxonomy":"post_tag","embeddable":true,"href":"https:\/\/www.naturparkmagazin.de\/vdn\/wp-json\/wp\/v2\/tags?post=9650"}],"curies":[{"name":"wp","href":"https:\/\/api.w.org\/{rel}","templated":true}]}}