{"id":9683,"date":"2018-01-15T16:00:12","date_gmt":"2018-01-15T15:00:12","guid":{"rendered":"http:\/\/www.naturparkmagazin.de\/vdn\/?p=9683"},"modified":"2018-01-30T10:36:09","modified_gmt":"2018-01-30T09:36:09","slug":"engagement-spendenaktion-zum-kaufland-jubilaeum","status":"publish","type":"post","link":"https:\/\/www.naturparkmagazin.de\/vdn\/engagement-spendenaktion-zum-kaufland-jubilaeum\/","title":{"rendered":"\u201eEngagement\u201c  &#8211; Spendenaktion zum Kaufland-Jubil\u00e4um"},"content":{"rendered":"<div id=\"attachment_9684\" style=\"width: 530px\" class=\"wp-caption aligncenter\"><a href=\"https:\/\/www.naturparkmagazin.de\/vdn\/wp-content\/uploads\/sites\/3\/2018_WW06_Vorstecker-Wobbler_Bundesland_beitrag.jpg\"><img aria-describedby=\"caption-attachment-9684\" decoding=\"async\" loading=\"lazy\" class=\"size-full wp-image-9684\" src=\"https:\/\/www.naturparkmagazin.de\/vdn\/wp-content\/uploads\/sites\/3\/2018_WW06_Vorstecker-Wobbler_Bundesland_beitrag.jpg\" alt=\"Copyright: Kaufland\" width=\"520\" height=\"300\" srcset=\"https:\/\/www.naturparkmagazin.de\/vdn\/wp-content\/uploads\/sites\/3\/2018_WW06_Vorstecker-Wobbler_Bundesland_beitrag.jpg 520w, https:\/\/www.naturparkmagazin.de\/vdn\/wp-content\/uploads\/sites\/3\/2018_WW06_Vorstecker-Wobbler_Bundesland_beitrag-300x173.jpg 300w, https:\/\/www.naturparkmagazin.de\/vdn\/wp-content\/uploads\/sites\/3\/2018_WW06_Vorstecker-Wobbler_Bundesland_beitrag-200x115.jpg 200w\" sizes=\"(max-width: 520px) 100vw, 520px\" \/><\/a><p id=\"caption-attachment-9684\" class=\"wp-caption-text\">Copyright: Kaufland<\/p><\/div>\n<p>Kaufland feiert in diesem Jahr sein 50. Jubil\u00e4um. Aus diesem Anlass m\u00f6chte das Unternehmen in Kooperation mit dem Verband Deutscher Naturparke Kindern aus einem st\u00e4dtischen Umfeld den Zugang zur heimischen Natur erm\u00f6glichen und Informationen \u00fcber regionale Lebensmittel sowie eine ausgewogene Ern\u00e4hrung erlebnisorientiert vermitteln. Laut Studien haben Kinder aus einem st\u00e4dtischen Umfeld h\u00e4ufig vergleichsweise wenig Naturerfahrung. Sch\u00fclerinnen und Sch\u00fcler von bis zu 50 Schulklassen bundesweit k\u00f6nnen an einer professionell betreuten, zweit\u00e4gigen Naturentdecker-Klassenfahrt in benachbarte Naturparke teilnehmen. Kaufland f\u00fchrt hierzu vom 8. bis 14. Februar 2018 eine Aktionswoche in seinen Filialen durch. Wie wertvoll solch eine Naturentdecker-Klassenfahrt ist, hat sich gezeigt, als das beschriebene Konzept \u00a0bei einem Klassenausflug im Mai 2017 im Naturpark Rheinland erprobt wurde.<\/p>\n<p>&gt;&gt; <a href=\"https:\/\/www.naturparke.de\/fileadmin\/files\/public\/Service\/Pressemitteilungen_pdf\/PM_07-2017-01_Natur_erleben_Tafeln.pdf\" target=\"_blank\">Hier k\u00f6nnen Sie die Pressemitteilung zum Pilotprojekt downloaden<\/a><\/p>\n<p>&gt;&gt; <a href=\"https:\/\/unternehmen.kaufland.de\/mensch-und-umwelt\/gesellschaftliches-engagement\/naturparke-deutschland.html#spendenaktion-jubilaeum\" target=\"_blank\">Hier erhalten Sie weitere Informationen<\/a><\/p>\n<p>&nbsp;<\/p>\n","protected":false},"excerpt":{"rendered":"<p>Zum 50. Jubil\u00e4um erm\u00f6glicht Kaufland Sch\u00fclerinnen und Sch\u00fclern von bis zu 50 Schulklassen bundesweit eine zweit\u00e4gige Naturentdecker-Klassenfahrt in benachbarte Naturparke.<\/p>\n","protected":false},"author":51,"featured_media":9696,"comment_status":"open","ping_status":"open","sticky":false,"template":"","format":"standard","meta":{"_links_to":"","_links_to_target":""},"categories":[7],"tags":[],"yoast_head":"<!-- This site is optimized with the Yoast SEO plugin v19.10 - https:\/\/yoast.com\/wordpress\/plugins\/seo\/ -->\n<title>\u201eEngagement\u201c - Spendenaktion zum Kaufland-Jubil\u00e4um<\/title>\n<meta name=\"description\" content=\"Zum 50. Jubil\u00e4um erm\u00f6glicht Kaufland Sch\u00fclerinnen und Sch\u00fclern von bis zu 50 Schulklassen bundesweit eine zweit\u00e4gige Naturentdecker-Klassenfahrt in benachbarte Naturparke.\" \/>\n<meta name=\"robots\" content=\"index, follow, max-snippet:-1, max-image-preview:large, max-video-preview:-1\" \/>\n<link rel=\"canonical\" href=\"https:\/\/www.naturparkmagazin.de\/vdn\/engagement-spendenaktion-zum-kaufland-jubilaeum\/\" \/>\n<meta property=\"og:locale\" content=\"de_DE\" \/>\n<meta property=\"og:type\" content=\"article\" \/>\n<meta property=\"og:title\" content=\"\u201eEngagement\u201c - Spendenaktion zum Kaufland-Jubil\u00e4um\" \/>\n<meta property=\"og:description\" content=\"Zum 50. Jubil\u00e4um erm\u00f6glicht Kaufland Sch\u00fclerinnen und Sch\u00fclern von bis zu 50 Schulklassen bundesweit eine zweit\u00e4gige Naturentdecker-Klassenfahrt in benachbarte Naturparke.\" \/>\n<meta property=\"og:url\" content=\"https:\/\/www.naturparkmagazin.de\/vdn\/engagement-spendenaktion-zum-kaufland-jubilaeum\/\" \/>\n<meta property=\"og:site_name\" content=\"Verband Deutscher Naturparke\" \/>\n<meta property=\"article:published_time\" content=\"2018-01-15T15:00:12+00:00\" \/>\n<meta property=\"article:modified_time\" content=\"2018-01-30T09:36:09+00:00\" \/>\n<meta property=\"og:image\" content=\"https:\/\/www.naturparkmagazin.de\/vdn\/wp-content\/uploads\/sites\/3\/spendenaktion_beitragsbild.jpg\" \/>\n\t<meta property=\"og:image:width\" content=\"200\" \/>\n\t<meta property=\"og:image:height\" content=\"200\" \/>\n\t<meta property=\"og:image:type\" content=\"image\/jpeg\" \/>\n<meta name=\"author\" content=\"beatrixlosem\" \/>\n<meta name=\"twitter:label1\" content=\"Verfasst von\" \/>\n\t<meta name=\"twitter:data1\" content=\"beatrixlosem\" \/>\n\t<meta name=\"twitter:label2\" content=\"Gesch\u00e4tzte Lesezeit\" \/>\n\t<meta name=\"twitter:data2\" content=\"1\u00a0Minute\" \/>\n<script type=\"application\/ld+json\" class=\"yoast-schema-graph\">{\"@context\":\"https:\/\/schema.org\",\"@graph\":[{\"@type\":\"WebPage\",\"@id\":\"https:\/\/www.naturparkmagazin.de\/vdn\/engagement-spendenaktion-zum-kaufland-jubilaeum\/\",\"url\":\"https:\/\/www.naturparkmagazin.de\/vdn\/engagement-spendenaktion-zum-kaufland-jubilaeum\/\",\"name\":\"\u201eEngagement\u201c - Spendenaktion zum Kaufland-Jubil\u00e4um\",\"isPartOf\":{\"@id\":\"https:\/\/www.naturparkmagazin.de\/vdn\/#website\"},\"datePublished\":\"2018-01-15T15:00:12+00:00\",\"dateModified\":\"2018-01-30T09:36:09+00:00\",\"author\":{\"@id\":\"https:\/\/www.naturparkmagazin.de\/vdn\/#\/schema\/person\/d71357578c318b6db03be60b1f60396b\"},\"description\":\"Zum 50. Jubil\u00e4um erm\u00f6glicht Kaufland Sch\u00fclerinnen und Sch\u00fclern von bis zu 50 Schulklassen bundesweit eine zweit\u00e4gige Naturentdecker-Klassenfahrt in benachbarte Naturparke.\",\"breadcrumb\":{\"@id\":\"https:\/\/www.naturparkmagazin.de\/vdn\/engagement-spendenaktion-zum-kaufland-jubilaeum\/#breadcrumb\"},\"inLanguage\":\"de\",\"potentialAction\":[{\"@type\":\"ReadAction\",\"target\":[\"https:\/\/www.naturparkmagazin.de\/vdn\/engagement-spendenaktion-zum-kaufland-jubilaeum\/\"]}]},{\"@type\":\"BreadcrumbList\",\"@id\":\"https:\/\/www.naturparkmagazin.de\/vdn\/engagement-spendenaktion-zum-kaufland-jubilaeum\/#breadcrumb\",\"itemListElement\":[{\"@type\":\"ListItem\",\"position\":1,\"name\":\"Home\",\"item\":\"https:\/\/www.naturparkmagazin.de\/vdn\/\"},{\"@type\":\"ListItem\",\"position\":2,\"name\":\"\u201eEngagement\u201c &#8211; Spendenaktion zum Kaufland-Jubil\u00e4um\"}]},{\"@type\":\"WebSite\",\"@id\":\"https:\/\/www.naturparkmagazin.de\/vdn\/#website\",\"url\":\"https:\/\/www.naturparkmagazin.de\/vdn\/\",\"name\":\"Verband Deutscher Naturparke\",\"description\":\"Eine weitere Naturparkmagazin.de Netzwerk Seite\",\"potentialAction\":[{\"@type\":\"SearchAction\",\"target\":{\"@type\":\"EntryPoint\",\"urlTemplate\":\"https:\/\/www.naturparkmagazin.de\/vdn\/?s={search_term_string}\"},\"query-input\":\"required name=search_term_string\"}],\"inLanguage\":\"de\"},{\"@type\":\"Person\",\"@id\":\"https:\/\/www.naturparkmagazin.de\/vdn\/#\/schema\/person\/d71357578c318b6db03be60b1f60396b\",\"name\":\"beatrixlosem\",\"url\":\"https:\/\/www.naturparkmagazin.de\/vdn\/author\/beatrixlosem\/\"}]}<\/script>\n<!-- \/ Yoast SEO plugin. -->","yoast_head_json":{"title":"\u201eEngagement\u201c - Spendenaktion zum Kaufland-Jubil\u00e4um","description":"Zum 50. Jubil\u00e4um erm\u00f6glicht Kaufland Sch\u00fclerinnen und Sch\u00fclern von bis zu 50 Schulklassen bundesweit eine zweit\u00e4gige Naturentdecker-Klassenfahrt in benachbarte Naturparke.","robots":{"index":"index","follow":"follow","max-snippet":"max-snippet:-1","max-image-preview":"max-image-preview:large","max-video-preview":"max-video-preview:-1"},"canonical":"https:\/\/www.naturparkmagazin.de\/vdn\/engagement-spendenaktion-zum-kaufland-jubilaeum\/","og_locale":"de_DE","og_type":"article","og_title":"\u201eEngagement\u201c - Spendenaktion zum Kaufland-Jubil\u00e4um","og_description":"Zum 50. Jubil\u00e4um erm\u00f6glicht Kaufland Sch\u00fclerinnen und Sch\u00fclern von bis zu 50 Schulklassen bundesweit eine zweit\u00e4gige Naturentdecker-Klassenfahrt in benachbarte Naturparke.","og_url":"https:\/\/www.naturparkmagazin.de\/vdn\/engagement-spendenaktion-zum-kaufland-jubilaeum\/","og_site_name":"Verband Deutscher Naturparke","article_published_time":"2018-01-15T15:00:12+00:00","article_modified_time":"2018-01-30T09:36:09+00:00","og_image":[{"width":200,"height":200,"url":"https:\/\/www.naturparkmagazin.de\/vdn\/wp-content\/uploads\/sites\/3\/spendenaktion_beitragsbild.jpg","type":"image\/jpeg"}],"author":"beatrixlosem","twitter_misc":{"Verfasst von":"beatrixlosem","Gesch\u00e4tzte Lesezeit":"1\u00a0Minute"},"schema":{"@context":"https:\/\/schema.org","@graph":[{"@type":"WebPage","@id":"https:\/\/www.naturparkmagazin.de\/vdn\/engagement-spendenaktion-zum-kaufland-jubilaeum\/","url":"https:\/\/www.naturparkmagazin.de\/vdn\/engagement-spendenaktion-zum-kaufland-jubilaeum\/","name":"\u201eEngagement\u201c - Spendenaktion zum Kaufland-Jubil\u00e4um","isPartOf":{"@id":"https:\/\/www.naturparkmagazin.de\/vdn\/#website"},"datePublished":"2018-01-15T15:00:12+00:00","dateModified":"2018-01-30T09:36:09+00:00","author":{"@id":"https:\/\/www.naturparkmagazin.de\/vdn\/#\/schema\/person\/d71357578c318b6db03be60b1f60396b"},"description":"Zum 50. Jubil\u00e4um erm\u00f6glicht Kaufland Sch\u00fclerinnen und Sch\u00fclern von bis zu 50 Schulklassen bundesweit eine zweit\u00e4gige Naturentdecker-Klassenfahrt in benachbarte Naturparke.","breadcrumb":{"@id":"https:\/\/www.naturparkmagazin.de\/vdn\/engagement-spendenaktion-zum-kaufland-jubilaeum\/#breadcrumb"},"inLanguage":"de","potentialAction":[{"@type":"ReadAction","target":["https:\/\/www.naturparkmagazin.de\/vdn\/engagement-spendenaktion-zum-kaufland-jubilaeum\/"]}]},{"@type":"BreadcrumbList","@id":"https:\/\/www.naturparkmagazin.de\/vdn\/engagement-spendenaktion-zum-kaufland-jubilaeum\/#breadcrumb","itemListElement":[{"@type":"ListItem","position":1,"name":"Home","item":"https:\/\/www.naturparkmagazin.de\/vdn\/"},{"@type":"ListItem","position":2,"name":"\u201eEngagement\u201c &#8211; Spendenaktion zum Kaufland-Jubil\u00e4um"}]},{"@type":"WebSite","@id":"https:\/\/www.naturparkmagazin.de\/vdn\/#website","url":"https:\/\/www.naturparkmagazin.de\/vdn\/","name":"Verband Deutscher Naturparke","description":"Eine weitere Naturparkmagazin.de Netzwerk Seite","potentialAction":[{"@type":"SearchAction","target":{"@type":"EntryPoint","urlTemplate":"https:\/\/www.naturparkmagazin.de\/vdn\/?s={search_term_string}"},"query-input":"required name=search_term_string"}],"inLanguage":"de"},{"@type":"Person","@id":"https:\/\/www.naturparkmagazin.de\/vdn\/#\/schema\/person\/d71357578c318b6db03be60b1f60396b","name":"beatrixlosem","url":"https:\/\/www.naturparkmagazin.de\/vdn\/author\/beatrixlosem\/"}]}},"_links":{"self":[{"href":"https:\/\/www.naturparkmagazin.de\/vdn\/wp-json\/wp\/v2\/posts\/9683"}],"collection":[{"href":"https:\/\/www.naturparkmagazin.de\/vdn\/wp-json\/wp\/v2\/posts"}],"about":[{"href":"https:\/\/www.naturparkmagazin.de\/vdn\/wp-json\/wp\/v2\/types\/post"}],"author":[{"embeddable":true,"href":"https:\/\/www.naturparkmagazin.de\/vdn\/wp-json\/wp\/v2\/users\/51"}],"replies":[{"embeddable":true,"href":"https:\/\/www.naturparkmagazin.de\/vdn\/wp-json\/wp\/v2\/comments?post=9683"}],"version-history":[{"count":4,"href":"https:\/\/www.naturparkmagazin.de\/vdn\/wp-json\/wp\/v2\/posts\/9683\/revisions"}],"predecessor-version":[{"id":9704,"href":"https:\/\/www.naturparkmagazin.de\/vdn\/wp-json\/wp\/v2\/posts\/9683\/revisions\/9704"}],"wp:featuredmedia":[{"embeddable":true,"href":"https:\/\/www.naturparkmagazin.de\/vdn\/wp-json\/wp\/v2\/media\/9696"}],"wp:attachment":[{"href":"https:\/\/www.naturparkmagazin.de\/vdn\/wp-json\/wp\/v2\/media?parent=9683"}],"wp:term":[{"taxonomy":"category","embeddable":true,"href":"https:\/\/www.naturparkmagazin.de\/vdn\/wp-json\/wp\/v2\/categories?post=9683"},{"taxonomy":"post_tag","embeddable":true,"href":"https:\/\/www.naturparkmagazin.de\/vdn\/wp-json\/wp\/v2\/tags?post=9683"}],"curies":[{"name":"wp","href":"https:\/\/api.w.org\/{rel}","templated":true}]}}