{"id":9724,"date":"2018-02-13T18:55:02","date_gmt":"2018-02-13T17:55:02","guid":{"rendered":"http:\/\/www.naturparkmagazin.de\/vdn\/?p=9724"},"modified":"2018-02-09T12:01:41","modified_gmt":"2018-02-09T11:01:41","slug":"fruehlingsmarkt","status":"publish","type":"post","link":"https:\/\/www.naturparkmagazin.de\/vdn\/fruehlingsmarkt\/","title":{"rendered":"Fr\u00fchlingsmarkt"},"content":{"rendered":"<div id=\"attachment_9725\" style=\"width: 510px\" class=\"wp-caption alignnone\"><a href=\"https:\/\/www.naturparkmagazin.de\/vdn\/wp-content\/uploads\/sites\/3\/K\u00fcchenschellen_DSC1628b.jpg\"><img aria-describedby=\"caption-attachment-9725\" decoding=\"async\" loading=\"lazy\" class=\"size-full wp-image-9725\" src=\"https:\/\/www.naturparkmagazin.de\/vdn\/wp-content\/uploads\/sites\/3\/K\u00fcchenschellen_DSC1628b.jpg\" alt=\"K\u00fcchenschellen \u00a9 Naturpark Sch\u00f6nbuch\" width=\"500\" height=\"300\" srcset=\"https:\/\/www.naturparkmagazin.de\/vdn\/wp-content\/uploads\/sites\/3\/K\u00fcchenschellen_DSC1628b.jpg 500w, https:\/\/www.naturparkmagazin.de\/vdn\/wp-content\/uploads\/sites\/3\/K\u00fcchenschellen_DSC1628b-300x180.jpg 300w, https:\/\/www.naturparkmagazin.de\/vdn\/wp-content\/uploads\/sites\/3\/K\u00fcchenschellen_DSC1628b-200x120.jpg 200w\" sizes=\"(max-width: 500px) 100vw, 500px\" \/><\/a><p id=\"caption-attachment-9725\" class=\"wp-caption-text\">K\u00fcchenschellen \u00a9 Naturpark Sch\u00f6nbuch<\/p><\/div>\n<p><strong>18. M\u00e4rz 2018, 11:00 bis 18:00 Uhr<\/strong><\/p>\n<p>\u00dcber 100 H\u00e4ndler und Erzeuger bieten in diesem Jahr wieder Kunstgewerbe, Blumen, regionale und mediterrane Produkte auf T\u00fcbingens Pl\u00e4tzen und Gassen an. Erstmalig mit vielen St\u00e4nden um das Thema Holz. Mit dem Angebot zum Schauen, zum Probieren und zum Kaufen regional-typischer und qualitativ hochwertiger Produkte wird ein breites, \u00fcber T\u00fcbingen hinausgehendes Publikum angesprochen. An vielen St\u00e4nden k\u00f6nnen Sie sich mit Essen und Getr\u00e4nken st\u00e4rken. F\u00fcr Kinder bietet das Stadtmuseum in der Zeit von 11 bis 17 Uhr ein Kinderprogramm mit Vorlesesofa, Bastelmappen und Trickfilmtisch an.<\/p>\n<p><strong>Schwerpunkt: Alles aus Holz<\/strong><\/p>\n<p>Mehr als 30 regionale Aussteller zeigen die Vielfalt des nachwachsenden Rohstoffs Holz und was alles daraus entstehen kann \u2013 M\u00f6bel aus alten Weinf\u00e4ssern, Drechselarbeiten, Baumskulpturen, Upcycling aus Rest- und Altholz und vieles mehr. Am Sonntag um 13 und 15 Uhr spielen die \u201eHolzw\u00fcrmer\u201c, die Holzinstrumentengruppe der T\u00fcbinger Musikschule auf dem Marktplatz.\nNat\u00fcrlich sind auch der Naturpark Sch\u00f6nbuch und die Forstverwaltung T\u00fcbingen mit vertreten. An dem gemeinsamen Informationsstand k\u00f6nnen die Besucher allerhand \u00fcber Forstwirtschaft in einem Gro\u00dfschutzgebiet wie dem Naturpark erfahren.<\/p>\n","protected":false},"excerpt":{"rendered":"<p>Langsam wird es w\u00e4rmer und fr\u00fchlingshaft. Gleich zwei M\u00e4rkte und ein verkaufsoffener Sonntag locken Mitte M\u00e4rz in die malerische T\u00fcbinger Altstadt.<\/p>\n","protected":false},"author":73,"featured_media":9726,"comment_status":"open","ping_status":"open","sticky":false,"template":"","format":"standard","meta":{"_links_to":"","_links_to_target":""},"categories":[617],"tags":[1082,1081,1083],"yoast_head":"<!-- This site is optimized with the Yoast SEO plugin v19.10 - https:\/\/yoast.com\/wordpress\/plugins\/seo\/ -->\n<title>Fr\u00fchlingsmarkt<\/title>\n<meta name=\"description\" content=\"Langsam wird es w\u00e4rmer und fr\u00fchlingshaft. Gleich zwei M\u00e4rkte und ein verkaufsoffener Sonntag locken Mitte M\u00e4rz in die malerische T\u00fcbinger Altstadt.\" \/>\n<meta name=\"robots\" content=\"index, follow, max-snippet:-1, max-image-preview:large, max-video-preview:-1\" \/>\n<link rel=\"canonical\" href=\"https:\/\/www.naturparkmagazin.de\/vdn\/fruehlingsmarkt\/\" \/>\n<meta property=\"og:locale\" content=\"de_DE\" \/>\n<meta property=\"og:type\" content=\"article\" \/>\n<meta property=\"og:title\" content=\"Fr\u00fchlingsmarkt\" \/>\n<meta property=\"og:description\" content=\"Langsam wird es w\u00e4rmer und fr\u00fchlingshaft. Gleich zwei M\u00e4rkte und ein verkaufsoffener Sonntag locken Mitte M\u00e4rz in die malerische T\u00fcbinger Altstadt.\" \/>\n<meta property=\"og:url\" content=\"https:\/\/www.naturparkmagazin.de\/vdn\/fruehlingsmarkt\/\" \/>\n<meta property=\"og:site_name\" content=\"Verband Deutscher Naturparke\" \/>\n<meta property=\"article:published_time\" content=\"2018-02-13T17:55:02+00:00\" \/>\n<meta property=\"article:modified_time\" content=\"2018-02-09T11:01:41+00:00\" \/>\n<meta property=\"og:image\" content=\"https:\/\/www.naturparkmagazin.de\/vdn\/wp-content\/uploads\/sites\/3\/K\u00fcchenschellen_DSC1628bf.jpg\" \/>\n\t<meta property=\"og:image:width\" content=\"200\" \/>\n\t<meta property=\"og:image:height\" content=\"200\" \/>\n\t<meta property=\"og:image:type\" content=\"image\/jpeg\" \/>\n<meta name=\"author\" content=\"manuelamerz\" \/>\n<meta name=\"twitter:label1\" content=\"Verfasst von\" \/>\n\t<meta name=\"twitter:data1\" content=\"manuelamerz\" \/>\n\t<meta name=\"twitter:label2\" content=\"Gesch\u00e4tzte Lesezeit\" \/>\n\t<meta name=\"twitter:data2\" content=\"1\u00a0Minute\" \/>\n<script type=\"application\/ld+json\" class=\"yoast-schema-graph\">{\"@context\":\"https:\/\/schema.org\",\"@graph\":[{\"@type\":\"WebPage\",\"@id\":\"https:\/\/www.naturparkmagazin.de\/vdn\/fruehlingsmarkt\/\",\"url\":\"https:\/\/www.naturparkmagazin.de\/vdn\/fruehlingsmarkt\/\",\"name\":\"Fr\u00fchlingsmarkt\",\"isPartOf\":{\"@id\":\"https:\/\/www.naturparkmagazin.de\/vdn\/#website\"},\"datePublished\":\"2018-02-13T17:55:02+00:00\",\"dateModified\":\"2018-02-09T11:01:41+00:00\",\"author\":{\"@id\":\"https:\/\/www.naturparkmagazin.de\/vdn\/#\/schema\/person\/3cff9b8773ed55f0189255fa9adfd57c\"},\"description\":\"Langsam wird es w\u00e4rmer und fr\u00fchlingshaft. Gleich zwei M\u00e4rkte und ein verkaufsoffener Sonntag locken Mitte M\u00e4rz in die malerische T\u00fcbinger Altstadt.\",\"breadcrumb\":{\"@id\":\"https:\/\/www.naturparkmagazin.de\/vdn\/fruehlingsmarkt\/#breadcrumb\"},\"inLanguage\":\"de\",\"potentialAction\":[{\"@type\":\"ReadAction\",\"target\":[\"https:\/\/www.naturparkmagazin.de\/vdn\/fruehlingsmarkt\/\"]}]},{\"@type\":\"BreadcrumbList\",\"@id\":\"https:\/\/www.naturparkmagazin.de\/vdn\/fruehlingsmarkt\/#breadcrumb\",\"itemListElement\":[{\"@type\":\"ListItem\",\"position\":1,\"name\":\"Home\",\"item\":\"https:\/\/www.naturparkmagazin.de\/vdn\/\"},{\"@type\":\"ListItem\",\"position\":2,\"name\":\"Fr\u00fchlingsmarkt\"}]},{\"@type\":\"WebSite\",\"@id\":\"https:\/\/www.naturparkmagazin.de\/vdn\/#website\",\"url\":\"https:\/\/www.naturparkmagazin.de\/vdn\/\",\"name\":\"Verband Deutscher Naturparke\",\"description\":\"Eine weitere Naturparkmagazin.de Netzwerk Seite\",\"potentialAction\":[{\"@type\":\"SearchAction\",\"target\":{\"@type\":\"EntryPoint\",\"urlTemplate\":\"https:\/\/www.naturparkmagazin.de\/vdn\/?s={search_term_string}\"},\"query-input\":\"required name=search_term_string\"}],\"inLanguage\":\"de\"},{\"@type\":\"Person\",\"@id\":\"https:\/\/www.naturparkmagazin.de\/vdn\/#\/schema\/person\/3cff9b8773ed55f0189255fa9adfd57c\",\"name\":\"manuelamerz\",\"url\":\"https:\/\/www.naturparkmagazin.de\/vdn\/author\/manuelamerz\/\"}]}<\/script>\n<!-- \/ Yoast SEO plugin. -->","yoast_head_json":{"title":"Fr\u00fchlingsmarkt","description":"Langsam wird es w\u00e4rmer und fr\u00fchlingshaft. Gleich zwei M\u00e4rkte und ein verkaufsoffener Sonntag locken Mitte M\u00e4rz in die malerische T\u00fcbinger Altstadt.","robots":{"index":"index","follow":"follow","max-snippet":"max-snippet:-1","max-image-preview":"max-image-preview:large","max-video-preview":"max-video-preview:-1"},"canonical":"https:\/\/www.naturparkmagazin.de\/vdn\/fruehlingsmarkt\/","og_locale":"de_DE","og_type":"article","og_title":"Fr\u00fchlingsmarkt","og_description":"Langsam wird es w\u00e4rmer und fr\u00fchlingshaft. Gleich zwei M\u00e4rkte und ein verkaufsoffener Sonntag locken Mitte M\u00e4rz in die malerische T\u00fcbinger Altstadt.","og_url":"https:\/\/www.naturparkmagazin.de\/vdn\/fruehlingsmarkt\/","og_site_name":"Verband Deutscher Naturparke","article_published_time":"2018-02-13T17:55:02+00:00","article_modified_time":"2018-02-09T11:01:41+00:00","og_image":[{"width":200,"height":200,"url":"https:\/\/www.naturparkmagazin.de\/vdn\/wp-content\/uploads\/sites\/3\/K\u00fcchenschellen_DSC1628bf.jpg","type":"image\/jpeg"}],"author":"manuelamerz","twitter_misc":{"Verfasst von":"manuelamerz","Gesch\u00e4tzte Lesezeit":"1\u00a0Minute"},"schema":{"@context":"https:\/\/schema.org","@graph":[{"@type":"WebPage","@id":"https:\/\/www.naturparkmagazin.de\/vdn\/fruehlingsmarkt\/","url":"https:\/\/www.naturparkmagazin.de\/vdn\/fruehlingsmarkt\/","name":"Fr\u00fchlingsmarkt","isPartOf":{"@id":"https:\/\/www.naturparkmagazin.de\/vdn\/#website"},"datePublished":"2018-02-13T17:55:02+00:00","dateModified":"2018-02-09T11:01:41+00:00","author":{"@id":"https:\/\/www.naturparkmagazin.de\/vdn\/#\/schema\/person\/3cff9b8773ed55f0189255fa9adfd57c"},"description":"Langsam wird es w\u00e4rmer und fr\u00fchlingshaft. Gleich zwei M\u00e4rkte und ein verkaufsoffener Sonntag locken Mitte M\u00e4rz in die malerische T\u00fcbinger Altstadt.","breadcrumb":{"@id":"https:\/\/www.naturparkmagazin.de\/vdn\/fruehlingsmarkt\/#breadcrumb"},"inLanguage":"de","potentialAction":[{"@type":"ReadAction","target":["https:\/\/www.naturparkmagazin.de\/vdn\/fruehlingsmarkt\/"]}]},{"@type":"BreadcrumbList","@id":"https:\/\/www.naturparkmagazin.de\/vdn\/fruehlingsmarkt\/#breadcrumb","itemListElement":[{"@type":"ListItem","position":1,"name":"Home","item":"https:\/\/www.naturparkmagazin.de\/vdn\/"},{"@type":"ListItem","position":2,"name":"Fr\u00fchlingsmarkt"}]},{"@type":"WebSite","@id":"https:\/\/www.naturparkmagazin.de\/vdn\/#website","url":"https:\/\/www.naturparkmagazin.de\/vdn\/","name":"Verband Deutscher Naturparke","description":"Eine weitere Naturparkmagazin.de Netzwerk Seite","potentialAction":[{"@type":"SearchAction","target":{"@type":"EntryPoint","urlTemplate":"https:\/\/www.naturparkmagazin.de\/vdn\/?s={search_term_string}"},"query-input":"required name=search_term_string"}],"inLanguage":"de"},{"@type":"Person","@id":"https:\/\/www.naturparkmagazin.de\/vdn\/#\/schema\/person\/3cff9b8773ed55f0189255fa9adfd57c","name":"manuelamerz","url":"https:\/\/www.naturparkmagazin.de\/vdn\/author\/manuelamerz\/"}]}},"_links":{"self":[{"href":"https:\/\/www.naturparkmagazin.de\/vdn\/wp-json\/wp\/v2\/posts\/9724"}],"collection":[{"href":"https:\/\/www.naturparkmagazin.de\/vdn\/wp-json\/wp\/v2\/posts"}],"about":[{"href":"https:\/\/www.naturparkmagazin.de\/vdn\/wp-json\/wp\/v2\/types\/post"}],"author":[{"embeddable":true,"href":"https:\/\/www.naturparkmagazin.de\/vdn\/wp-json\/wp\/v2\/users\/73"}],"replies":[{"embeddable":true,"href":"https:\/\/www.naturparkmagazin.de\/vdn\/wp-json\/wp\/v2\/comments?post=9724"}],"version-history":[{"count":1,"href":"https:\/\/www.naturparkmagazin.de\/vdn\/wp-json\/wp\/v2\/posts\/9724\/revisions"}],"predecessor-version":[{"id":9727,"href":"https:\/\/www.naturparkmagazin.de\/vdn\/wp-json\/wp\/v2\/posts\/9724\/revisions\/9727"}],"wp:featuredmedia":[{"embeddable":true,"href":"https:\/\/www.naturparkmagazin.de\/vdn\/wp-json\/wp\/v2\/media\/9726"}],"wp:attachment":[{"href":"https:\/\/www.naturparkmagazin.de\/vdn\/wp-json\/wp\/v2\/media?parent=9724"}],"wp:term":[{"taxonomy":"category","embeddable":true,"href":"https:\/\/www.naturparkmagazin.de\/vdn\/wp-json\/wp\/v2\/categories?post=9724"},{"taxonomy":"post_tag","embeddable":true,"href":"https:\/\/www.naturparkmagazin.de\/vdn\/wp-json\/wp\/v2\/tags?post=9724"}],"curies":[{"name":"wp","href":"https:\/\/api.w.org\/{rel}","templated":true}]}}