{"id":9743,"date":"2018-02-13T19:25:42","date_gmt":"2018-02-13T18:25:42","guid":{"rendered":"http:\/\/www.naturparkmagazin.de\/vdn\/?p=9743"},"modified":"2018-02-09T13:30:45","modified_gmt":"2018-02-09T12:30:45","slug":"professor-dr-ewald-mueller","status":"publish","type":"post","link":"https:\/\/www.naturparkmagazin.de\/vdn\/professor-dr-ewald-mueller\/","title":{"rendered":"Professor Dr. Ewald M\u00fcller"},"content":{"rendered":"<div id=\"attachment_9744\" style=\"width: 310px\" class=\"wp-caption alignnone\"><a href=\"https:\/\/www.naturparkmagazin.de\/vdn\/wp-content\/uploads\/sites\/3\/P1060089-Kopieb.jpg\"><img aria-describedby=\"caption-attachment-9744\" decoding=\"async\" loading=\"lazy\" class=\"size-full wp-image-9744\" src=\"https:\/\/www.naturparkmagazin.de\/vdn\/wp-content\/uploads\/sites\/3\/P1060089-Kopieb.jpg\" alt=\"\u00a9 Professor Dr. Ewald M\u00fcller\" width=\"300\" height=\"500\" srcset=\"https:\/\/www.naturparkmagazin.de\/vdn\/wp-content\/uploads\/sites\/3\/P1060089-Kopieb.jpg 300w, https:\/\/www.naturparkmagazin.de\/vdn\/wp-content\/uploads\/sites\/3\/P1060089-Kopieb-200x333.jpg 200w\" sizes=\"(max-width: 300px) 100vw, 300px\" \/><\/a><p id=\"caption-attachment-9744\" class=\"wp-caption-text\">\u00a9 Professor Dr. Ewald M\u00fcller<\/p><\/div>\n<p>&nbsp;<\/p>\n<p>Herr M\u00fcller leitete u.a. von 1993-2000 Jahre die Abteilung Physiologische \u00d6kologie der Tiere an der Universit\u00e4t T\u00fcbingen. Bereits w\u00e4hrend seines Berufslebens war er \u00fcber viele Jahre Gesch\u00e4ftsf\u00fchrer und Vorsitzender der AG Fledermausschutz Baden-W\u00fcrttemberg, f\u00fcr die er nach wie vor aktiv ist.<\/p>\n<p>Der Naturpark Sch\u00f6nbuch profitiert auf vielen Ebenen von seinem umfassenden Wissen. Dabei ist Prof. M\u00fcller immer sehr zuverl\u00e4ssig, akribisch in der Vorbereitung und stets freundlich. Allj\u00e4hrlich h\u00e4lt er zahlreiche Vortr\u00e4ge zu Pilzen, Pflanzen und Tieren, hier v.a. \u00fcber Flederm\u00e4use, im Sch\u00f6nbuch. Mehrere Naturparkflyer stammen zus\u00e4tzlich aus seiner Feder. In diesem Jahr wird eine umfangreiche Brosch\u00fcre \u00fcber Pilze erscheinen. Wer sich etwas n\u00e4her mit den kleinen und gro\u00dfen Besonderheiten im Sch\u00f6nbuch besch\u00e4ftigen m\u00f6chte, dem sei die Rubrik \u201eUnter die Lupe genommen\u201c von Prof. M\u00fcller auf der Homepage des Naturparks w\u00e4rmstens empfohlen: http:\/\/naturpark-schoenbuch.de\/de\/wissen\/naturerlebnis\/unter-die-lupe-genommen\/<\/p>\n<p>Die Naturparkverwaltung bedankt sich sehr herzlich bei Professor M\u00fcller f\u00fcr seine wertvolle Unterst\u00fctzung und sein gro\u00dfes Engagement.<\/p>\n","protected":false},"excerpt":{"rendered":"<p>Professor M\u00fcller &#8211; ein Gl\u00fccksfall f\u00fcr den Naturpark Sch\u00f6nbuch! Die Naturparkverwaltung bedankt sich sehr herzlich f\u00fcr seine wertvolle Unterst\u00fctzung und sein gro\u00dfes Engagement.<\/p>\n","protected":false},"author":73,"featured_media":9745,"comment_status":"open","ping_status":"open","sticky":false,"template":"","format":"standard","meta":{"_links_to":"","_links_to_target":""},"categories":[8],"tags":[1081,1086],"yoast_head":"<!-- This site is optimized with the Yoast SEO plugin v19.10 - https:\/\/yoast.com\/wordpress\/plugins\/seo\/ -->\n<title>Professor Dr. Ewald M\u00fcller<\/title>\n<meta name=\"description\" content=\"Professor M\u00fcller - ein Gl\u00fccksfall f\u00fcr den Naturpark Sch\u00f6nbuch! Die Naturparkverwaltung bedankt sich sehr herzlich f\u00fcr seine wertvolle Unterst\u00fctzung und sein gro\u00dfes Engagement.\" \/>\n<meta name=\"robots\" content=\"index, follow, max-snippet:-1, max-image-preview:large, max-video-preview:-1\" \/>\n<link rel=\"canonical\" href=\"https:\/\/www.naturparkmagazin.de\/vdn\/professor-dr-ewald-mueller\/\" \/>\n<meta property=\"og:locale\" content=\"de_DE\" \/>\n<meta property=\"og:type\" content=\"article\" \/>\n<meta property=\"og:title\" content=\"Professor Dr. Ewald M\u00fcller\" \/>\n<meta property=\"og:description\" content=\"Professor M\u00fcller - ein Gl\u00fccksfall f\u00fcr den Naturpark Sch\u00f6nbuch! Die Naturparkverwaltung bedankt sich sehr herzlich f\u00fcr seine wertvolle Unterst\u00fctzung und sein gro\u00dfes Engagement.\" \/>\n<meta property=\"og:url\" content=\"https:\/\/www.naturparkmagazin.de\/vdn\/professor-dr-ewald-mueller\/\" \/>\n<meta property=\"og:site_name\" content=\"Verband Deutscher Naturparke\" \/>\n<meta property=\"article:published_time\" content=\"2018-02-13T18:25:42+00:00\" \/>\n<meta property=\"article:modified_time\" content=\"2018-02-09T12:30:45+00:00\" \/>\n<meta property=\"og:image\" content=\"https:\/\/www.naturparkmagazin.de\/vdn\/wp-content\/uploads\/sites\/3\/P1060089-Kopiebf.jpg\" \/>\n\t<meta property=\"og:image:width\" content=\"200\" \/>\n\t<meta property=\"og:image:height\" content=\"200\" \/>\n\t<meta property=\"og:image:type\" content=\"image\/jpeg\" \/>\n<meta name=\"author\" content=\"manuelamerz\" \/>\n<meta name=\"twitter:label1\" content=\"Verfasst von\" \/>\n\t<meta name=\"twitter:data1\" content=\"manuelamerz\" \/>\n\t<meta name=\"twitter:label2\" content=\"Gesch\u00e4tzte Lesezeit\" \/>\n\t<meta name=\"twitter:data2\" content=\"1\u00a0Minute\" \/>\n<script type=\"application\/ld+json\" class=\"yoast-schema-graph\">{\"@context\":\"https:\/\/schema.org\",\"@graph\":[{\"@type\":\"WebPage\",\"@id\":\"https:\/\/www.naturparkmagazin.de\/vdn\/professor-dr-ewald-mueller\/\",\"url\":\"https:\/\/www.naturparkmagazin.de\/vdn\/professor-dr-ewald-mueller\/\",\"name\":\"Professor Dr. Ewald M\u00fcller\",\"isPartOf\":{\"@id\":\"https:\/\/www.naturparkmagazin.de\/vdn\/#website\"},\"datePublished\":\"2018-02-13T18:25:42+00:00\",\"dateModified\":\"2018-02-09T12:30:45+00:00\",\"author\":{\"@id\":\"https:\/\/www.naturparkmagazin.de\/vdn\/#\/schema\/person\/3cff9b8773ed55f0189255fa9adfd57c\"},\"description\":\"Professor M\u00fcller - ein Gl\u00fccksfall f\u00fcr den Naturpark Sch\u00f6nbuch! Die Naturparkverwaltung bedankt sich sehr herzlich f\u00fcr seine wertvolle Unterst\u00fctzung und sein gro\u00dfes Engagement.\",\"breadcrumb\":{\"@id\":\"https:\/\/www.naturparkmagazin.de\/vdn\/professor-dr-ewald-mueller\/#breadcrumb\"},\"inLanguage\":\"de\",\"potentialAction\":[{\"@type\":\"ReadAction\",\"target\":[\"https:\/\/www.naturparkmagazin.de\/vdn\/professor-dr-ewald-mueller\/\"]}]},{\"@type\":\"BreadcrumbList\",\"@id\":\"https:\/\/www.naturparkmagazin.de\/vdn\/professor-dr-ewald-mueller\/#breadcrumb\",\"itemListElement\":[{\"@type\":\"ListItem\",\"position\":1,\"name\":\"Home\",\"item\":\"https:\/\/www.naturparkmagazin.de\/vdn\/\"},{\"@type\":\"ListItem\",\"position\":2,\"name\":\"Professor Dr. Ewald M\u00fcller\"}]},{\"@type\":\"WebSite\",\"@id\":\"https:\/\/www.naturparkmagazin.de\/vdn\/#website\",\"url\":\"https:\/\/www.naturparkmagazin.de\/vdn\/\",\"name\":\"Verband Deutscher Naturparke\",\"description\":\"Eine weitere Naturparkmagazin.de Netzwerk Seite\",\"potentialAction\":[{\"@type\":\"SearchAction\",\"target\":{\"@type\":\"EntryPoint\",\"urlTemplate\":\"https:\/\/www.naturparkmagazin.de\/vdn\/?s={search_term_string}\"},\"query-input\":\"required name=search_term_string\"}],\"inLanguage\":\"de\"},{\"@type\":\"Person\",\"@id\":\"https:\/\/www.naturparkmagazin.de\/vdn\/#\/schema\/person\/3cff9b8773ed55f0189255fa9adfd57c\",\"name\":\"manuelamerz\",\"url\":\"https:\/\/www.naturparkmagazin.de\/vdn\/author\/manuelamerz\/\"}]}<\/script>\n<!-- \/ Yoast SEO plugin. -->","yoast_head_json":{"title":"Professor Dr. Ewald M\u00fcller","description":"Professor M\u00fcller - ein Gl\u00fccksfall f\u00fcr den Naturpark Sch\u00f6nbuch! Die Naturparkverwaltung bedankt sich sehr herzlich f\u00fcr seine wertvolle Unterst\u00fctzung und sein gro\u00dfes Engagement.","robots":{"index":"index","follow":"follow","max-snippet":"max-snippet:-1","max-image-preview":"max-image-preview:large","max-video-preview":"max-video-preview:-1"},"canonical":"https:\/\/www.naturparkmagazin.de\/vdn\/professor-dr-ewald-mueller\/","og_locale":"de_DE","og_type":"article","og_title":"Professor Dr. Ewald M\u00fcller","og_description":"Professor M\u00fcller - ein Gl\u00fccksfall f\u00fcr den Naturpark Sch\u00f6nbuch! Die Naturparkverwaltung bedankt sich sehr herzlich f\u00fcr seine wertvolle Unterst\u00fctzung und sein gro\u00dfes Engagement.","og_url":"https:\/\/www.naturparkmagazin.de\/vdn\/professor-dr-ewald-mueller\/","og_site_name":"Verband Deutscher Naturparke","article_published_time":"2018-02-13T18:25:42+00:00","article_modified_time":"2018-02-09T12:30:45+00:00","og_image":[{"width":200,"height":200,"url":"https:\/\/www.naturparkmagazin.de\/vdn\/wp-content\/uploads\/sites\/3\/P1060089-Kopiebf.jpg","type":"image\/jpeg"}],"author":"manuelamerz","twitter_misc":{"Verfasst von":"manuelamerz","Gesch\u00e4tzte Lesezeit":"1\u00a0Minute"},"schema":{"@context":"https:\/\/schema.org","@graph":[{"@type":"WebPage","@id":"https:\/\/www.naturparkmagazin.de\/vdn\/professor-dr-ewald-mueller\/","url":"https:\/\/www.naturparkmagazin.de\/vdn\/professor-dr-ewald-mueller\/","name":"Professor Dr. Ewald M\u00fcller","isPartOf":{"@id":"https:\/\/www.naturparkmagazin.de\/vdn\/#website"},"datePublished":"2018-02-13T18:25:42+00:00","dateModified":"2018-02-09T12:30:45+00:00","author":{"@id":"https:\/\/www.naturparkmagazin.de\/vdn\/#\/schema\/person\/3cff9b8773ed55f0189255fa9adfd57c"},"description":"Professor M\u00fcller - ein Gl\u00fccksfall f\u00fcr den Naturpark Sch\u00f6nbuch! Die Naturparkverwaltung bedankt sich sehr herzlich f\u00fcr seine wertvolle Unterst\u00fctzung und sein gro\u00dfes Engagement.","breadcrumb":{"@id":"https:\/\/www.naturparkmagazin.de\/vdn\/professor-dr-ewald-mueller\/#breadcrumb"},"inLanguage":"de","potentialAction":[{"@type":"ReadAction","target":["https:\/\/www.naturparkmagazin.de\/vdn\/professor-dr-ewald-mueller\/"]}]},{"@type":"BreadcrumbList","@id":"https:\/\/www.naturparkmagazin.de\/vdn\/professor-dr-ewald-mueller\/#breadcrumb","itemListElement":[{"@type":"ListItem","position":1,"name":"Home","item":"https:\/\/www.naturparkmagazin.de\/vdn\/"},{"@type":"ListItem","position":2,"name":"Professor Dr. Ewald M\u00fcller"}]},{"@type":"WebSite","@id":"https:\/\/www.naturparkmagazin.de\/vdn\/#website","url":"https:\/\/www.naturparkmagazin.de\/vdn\/","name":"Verband Deutscher Naturparke","description":"Eine weitere Naturparkmagazin.de Netzwerk Seite","potentialAction":[{"@type":"SearchAction","target":{"@type":"EntryPoint","urlTemplate":"https:\/\/www.naturparkmagazin.de\/vdn\/?s={search_term_string}"},"query-input":"required name=search_term_string"}],"inLanguage":"de"},{"@type":"Person","@id":"https:\/\/www.naturparkmagazin.de\/vdn\/#\/schema\/person\/3cff9b8773ed55f0189255fa9adfd57c","name":"manuelamerz","url":"https:\/\/www.naturparkmagazin.de\/vdn\/author\/manuelamerz\/"}]}},"_links":{"self":[{"href":"https:\/\/www.naturparkmagazin.de\/vdn\/wp-json\/wp\/v2\/posts\/9743"}],"collection":[{"href":"https:\/\/www.naturparkmagazin.de\/vdn\/wp-json\/wp\/v2\/posts"}],"about":[{"href":"https:\/\/www.naturparkmagazin.de\/vdn\/wp-json\/wp\/v2\/types\/post"}],"author":[{"embeddable":true,"href":"https:\/\/www.naturparkmagazin.de\/vdn\/wp-json\/wp\/v2\/users\/73"}],"replies":[{"embeddable":true,"href":"https:\/\/www.naturparkmagazin.de\/vdn\/wp-json\/wp\/v2\/comments?post=9743"}],"version-history":[{"count":1,"href":"https:\/\/www.naturparkmagazin.de\/vdn\/wp-json\/wp\/v2\/posts\/9743\/revisions"}],"predecessor-version":[{"id":9746,"href":"https:\/\/www.naturparkmagazin.de\/vdn\/wp-json\/wp\/v2\/posts\/9743\/revisions\/9746"}],"wp:featuredmedia":[{"embeddable":true,"href":"https:\/\/www.naturparkmagazin.de\/vdn\/wp-json\/wp\/v2\/media\/9745"}],"wp:attachment":[{"href":"https:\/\/www.naturparkmagazin.de\/vdn\/wp-json\/wp\/v2\/media?parent=9743"}],"wp:term":[{"taxonomy":"category","embeddable":true,"href":"https:\/\/www.naturparkmagazin.de\/vdn\/wp-json\/wp\/v2\/categories?post=9743"},{"taxonomy":"post_tag","embeddable":true,"href":"https:\/\/www.naturparkmagazin.de\/vdn\/wp-json\/wp\/v2\/tags?post=9743"}],"curies":[{"name":"wp","href":"https:\/\/api.w.org\/{rel}","templated":true}]}}