{"id":9754,"date":"2018-02-14T07:48:47","date_gmt":"2018-02-14T06:48:47","guid":{"rendered":"http:\/\/www.naturparkmagazin.de\/vdn\/?p=9754"},"modified":"2018-02-14T11:36:48","modified_gmt":"2018-02-14T10:36:48","slug":"ergebnisse-broschuere-zum-europaeischen-projekt","status":"publish","type":"post","link":"https:\/\/www.naturparkmagazin.de\/vdn\/ergebnisse-broschuere-zum-europaeischen-projekt\/","title":{"rendered":"\u201eErgebnisse\u201c &#8211; Brosch\u00fcre zum europ\u00e4ischen Projekt"},"content":{"rendered":"<p><a href=\"https:\/\/www.naturparkmagazin.de\/vdn\/wp-content\/uploads\/sites\/3\/Unbenanntb5.jpg\"><img decoding=\"async\" loading=\"lazy\" class=\"alignnone size-full wp-image-9756\" src=\"https:\/\/www.naturparkmagazin.de\/vdn\/wp-content\/uploads\/sites\/3\/Unbenanntb5.jpg\" alt=\"\u00a9 VDN\" width=\"320\" height=\"450\" srcset=\"https:\/\/www.naturparkmagazin.de\/vdn\/wp-content\/uploads\/sites\/3\/Unbenanntb5.jpg 320w, https:\/\/www.naturparkmagazin.de\/vdn\/wp-content\/uploads\/sites\/3\/Unbenanntb5-300x422.jpg 300w, https:\/\/www.naturparkmagazin.de\/vdn\/wp-content\/uploads\/sites\/3\/Unbenanntb5-200x281.jpg 200w\" sizes=\"(max-width: 320px) 100vw, 320px\" \/><\/a><\/p>\n<p>Der Verband Deutscher Naturparke f\u00fchrte zwischen Oktober 2014 und November 2017 in Kooperation mit Europarc Federation eine Studie zu den Naturparken Europas durch. Im dem vom BfN und BMUB gef\u00f6rderten Projekt wurde erstmalig eine Gruppe \u201eNaturparke\u201c in der Vielzahl an Schutzgebieten in den europ\u00e4ischen Staaten identifiziert, die es bisher als eigene Kategorie nicht gab. Sie besitzen in ihren Aufgaben und Arbeitsweisen in zentralen Punkten verbindende Gemeinsamkeiten und erbringen wertvolle Leistungen f\u00fcr die einzelnen Staaten, die Regionen, die Menschen vor Ort und f\u00fcr Europa als Ganzes.<\/p>\n<p>Nach dem im Juni 2017 erschienen Buch \u00fcber europ\u00e4ische Naturparke wurde nun auch eine Ergebnisbrosch\u00fcre zum Projekt ver\u00f6ffentlich, die den Fokus auf die erforderlichen Rahmenbedingungen f\u00fcr erfolgreiche Naturparkarbeit legt. In der Brosch\u00fcre findet sich au\u00dferdem ein Abdruck der am 21. Juni 2017 in Br\u00fcssel von Naturparkvertretern aus 20 europ\u00e4ischen Staaten unterzeichneten \u201eErkl\u00e4rung der Europ\u00e4ischen Naturparke\u201c.<\/p>\n<p>&nbsp;<\/p>\n<p>Die Ergebnisbrosch\u00fcre \u201eLandschaften voller Leben\u201c kann in der <a href=\"https:\/\/www.naturparke.de\/service\/infothek.html\">Infothek des Verbands Deutscher Naturparke<\/a> heruntergeladen werden. Deutsche Ausgaben der Brosch\u00fcre k\u00f6nnen auch \u00fcber <a href=\"mailto:info@naturparke.de\">info@naturparke.de<\/a> bestellt werden.<\/p>\n<p>Weitergehende Infos zum Projekt gibt es auf <a href=\"https:\/\/www.naturparke.de\/naturparke\/europa.html\">https:\/\/www.naturparke.de\/naturparke\/europa.html<\/a><\/p>\n<p>&nbsp;<\/p>\n","protected":false},"excerpt":{"rendered":"<p>Die Ergebnisbrosch\u00fcre zum Projekt \u201eEurope\u2019s Nature, Regional and Landscape Parks\u201c fasst die wichtigsten Erkenntnisse des Projekts zusammen und zeigt die Rahmenbedingungen f\u00fcr erfolgreiche Naturparkarbeit auf.<\/p>\n","protected":false},"author":73,"featured_media":9755,"comment_status":"open","ping_status":"open","sticky":false,"template":"","format":"standard","meta":{"_links_to":"","_links_to_target":""},"categories":[7],"tags":[],"yoast_head":"<!-- This site is optimized with the Yoast SEO plugin v19.10 - https:\/\/yoast.com\/wordpress\/plugins\/seo\/ -->\n<title>\u201eErgebnisse\u201c - Brosch\u00fcre zum europ\u00e4ischen Projekt<\/title>\n<meta name=\"description\" content=\"Die Ergebnisbrosch\u00fcre zum Projekt \u201eEurope\u2019s Nature, Regional and Landscape Parks\u201c fasst die wichtigsten Erkenntnisse des Projekts zusammen und zeigt die Rahmenbedingungen f\u00fcr erfolgreiche Naturparkarbeit auf.\" \/>\n<meta name=\"robots\" content=\"index, follow, max-snippet:-1, max-image-preview:large, max-video-preview:-1\" \/>\n<link rel=\"canonical\" href=\"https:\/\/www.naturparkmagazin.de\/vdn\/ergebnisse-broschuere-zum-europaeischen-projekt\/\" \/>\n<meta property=\"og:locale\" content=\"de_DE\" \/>\n<meta property=\"og:type\" content=\"article\" \/>\n<meta property=\"og:title\" content=\"\u201eErgebnisse\u201c - Brosch\u00fcre zum europ\u00e4ischen Projekt\" \/>\n<meta property=\"og:description\" content=\"Die Ergebnisbrosch\u00fcre zum Projekt \u201eEurope\u2019s Nature, Regional and Landscape Parks\u201c fasst die wichtigsten Erkenntnisse des Projekts zusammen und zeigt die Rahmenbedingungen f\u00fcr erfolgreiche Naturparkarbeit auf.\" \/>\n<meta property=\"og:url\" content=\"https:\/\/www.naturparkmagazin.de\/vdn\/ergebnisse-broschuere-zum-europaeischen-projekt\/\" \/>\n<meta property=\"og:site_name\" content=\"Verband Deutscher Naturparke\" \/>\n<meta property=\"article:published_time\" content=\"2018-02-14T06:48:47+00:00\" \/>\n<meta property=\"article:modified_time\" content=\"2018-02-14T10:36:48+00:00\" \/>\n<meta property=\"og:image\" content=\"https:\/\/www.naturparkmagazin.de\/vdn\/wp-content\/uploads\/sites\/3\/17-1130-VDN-DE-28-4-2.jpg\" \/>\n\t<meta property=\"og:image:width\" content=\"200\" \/>\n\t<meta property=\"og:image:height\" content=\"200\" \/>\n\t<meta property=\"og:image:type\" content=\"image\/jpeg\" \/>\n<meta name=\"author\" content=\"manuelamerz\" \/>\n<meta name=\"twitter:label1\" content=\"Verfasst von\" \/>\n\t<meta name=\"twitter:data1\" content=\"manuelamerz\" \/>\n\t<meta name=\"twitter:label2\" content=\"Gesch\u00e4tzte Lesezeit\" \/>\n\t<meta name=\"twitter:data2\" content=\"1\u00a0Minute\" \/>\n<script type=\"application\/ld+json\" class=\"yoast-schema-graph\">{\"@context\":\"https:\/\/schema.org\",\"@graph\":[{\"@type\":\"WebPage\",\"@id\":\"https:\/\/www.naturparkmagazin.de\/vdn\/ergebnisse-broschuere-zum-europaeischen-projekt\/\",\"url\":\"https:\/\/www.naturparkmagazin.de\/vdn\/ergebnisse-broschuere-zum-europaeischen-projekt\/\",\"name\":\"\u201eErgebnisse\u201c - Brosch\u00fcre zum europ\u00e4ischen Projekt\",\"isPartOf\":{\"@id\":\"https:\/\/www.naturparkmagazin.de\/vdn\/#website\"},\"datePublished\":\"2018-02-14T06:48:47+00:00\",\"dateModified\":\"2018-02-14T10:36:48+00:00\",\"author\":{\"@id\":\"https:\/\/www.naturparkmagazin.de\/vdn\/#\/schema\/person\/3cff9b8773ed55f0189255fa9adfd57c\"},\"description\":\"Die Ergebnisbrosch\u00fcre zum Projekt \u201eEurope\u2019s Nature, Regional and Landscape Parks\u201c fasst die wichtigsten Erkenntnisse des Projekts zusammen und zeigt die Rahmenbedingungen f\u00fcr erfolgreiche Naturparkarbeit auf.\",\"breadcrumb\":{\"@id\":\"https:\/\/www.naturparkmagazin.de\/vdn\/ergebnisse-broschuere-zum-europaeischen-projekt\/#breadcrumb\"},\"inLanguage\":\"de\",\"potentialAction\":[{\"@type\":\"ReadAction\",\"target\":[\"https:\/\/www.naturparkmagazin.de\/vdn\/ergebnisse-broschuere-zum-europaeischen-projekt\/\"]}]},{\"@type\":\"BreadcrumbList\",\"@id\":\"https:\/\/www.naturparkmagazin.de\/vdn\/ergebnisse-broschuere-zum-europaeischen-projekt\/#breadcrumb\",\"itemListElement\":[{\"@type\":\"ListItem\",\"position\":1,\"name\":\"Home\",\"item\":\"https:\/\/www.naturparkmagazin.de\/vdn\/\"},{\"@type\":\"ListItem\",\"position\":2,\"name\":\"\u201eErgebnisse\u201c &#8211; Brosch\u00fcre zum europ\u00e4ischen Projekt\"}]},{\"@type\":\"WebSite\",\"@id\":\"https:\/\/www.naturparkmagazin.de\/vdn\/#website\",\"url\":\"https:\/\/www.naturparkmagazin.de\/vdn\/\",\"name\":\"Verband Deutscher Naturparke\",\"description\":\"Eine weitere Naturparkmagazin.de Netzwerk Seite\",\"potentialAction\":[{\"@type\":\"SearchAction\",\"target\":{\"@type\":\"EntryPoint\",\"urlTemplate\":\"https:\/\/www.naturparkmagazin.de\/vdn\/?s={search_term_string}\"},\"query-input\":\"required name=search_term_string\"}],\"inLanguage\":\"de\"},{\"@type\":\"Person\",\"@id\":\"https:\/\/www.naturparkmagazin.de\/vdn\/#\/schema\/person\/3cff9b8773ed55f0189255fa9adfd57c\",\"name\":\"manuelamerz\",\"url\":\"https:\/\/www.naturparkmagazin.de\/vdn\/author\/manuelamerz\/\"}]}<\/script>\n<!-- \/ Yoast SEO plugin. -->","yoast_head_json":{"title":"\u201eErgebnisse\u201c - Brosch\u00fcre zum europ\u00e4ischen Projekt","description":"Die Ergebnisbrosch\u00fcre zum Projekt \u201eEurope\u2019s Nature, Regional and Landscape Parks\u201c fasst die wichtigsten Erkenntnisse des Projekts zusammen und zeigt die Rahmenbedingungen f\u00fcr erfolgreiche Naturparkarbeit auf.","robots":{"index":"index","follow":"follow","max-snippet":"max-snippet:-1","max-image-preview":"max-image-preview:large","max-video-preview":"max-video-preview:-1"},"canonical":"https:\/\/www.naturparkmagazin.de\/vdn\/ergebnisse-broschuere-zum-europaeischen-projekt\/","og_locale":"de_DE","og_type":"article","og_title":"\u201eErgebnisse\u201c - Brosch\u00fcre zum europ\u00e4ischen Projekt","og_description":"Die Ergebnisbrosch\u00fcre zum Projekt \u201eEurope\u2019s Nature, Regional and Landscape Parks\u201c fasst die wichtigsten Erkenntnisse des Projekts zusammen und zeigt die Rahmenbedingungen f\u00fcr erfolgreiche Naturparkarbeit auf.","og_url":"https:\/\/www.naturparkmagazin.de\/vdn\/ergebnisse-broschuere-zum-europaeischen-projekt\/","og_site_name":"Verband Deutscher Naturparke","article_published_time":"2018-02-14T06:48:47+00:00","article_modified_time":"2018-02-14T10:36:48+00:00","og_image":[{"width":200,"height":200,"url":"https:\/\/www.naturparkmagazin.de\/vdn\/wp-content\/uploads\/sites\/3\/17-1130-VDN-DE-28-4-2.jpg","type":"image\/jpeg"}],"author":"manuelamerz","twitter_misc":{"Verfasst von":"manuelamerz","Gesch\u00e4tzte Lesezeit":"1\u00a0Minute"},"schema":{"@context":"https:\/\/schema.org","@graph":[{"@type":"WebPage","@id":"https:\/\/www.naturparkmagazin.de\/vdn\/ergebnisse-broschuere-zum-europaeischen-projekt\/","url":"https:\/\/www.naturparkmagazin.de\/vdn\/ergebnisse-broschuere-zum-europaeischen-projekt\/","name":"\u201eErgebnisse\u201c - Brosch\u00fcre zum europ\u00e4ischen Projekt","isPartOf":{"@id":"https:\/\/www.naturparkmagazin.de\/vdn\/#website"},"datePublished":"2018-02-14T06:48:47+00:00","dateModified":"2018-02-14T10:36:48+00:00","author":{"@id":"https:\/\/www.naturparkmagazin.de\/vdn\/#\/schema\/person\/3cff9b8773ed55f0189255fa9adfd57c"},"description":"Die Ergebnisbrosch\u00fcre zum Projekt \u201eEurope\u2019s Nature, Regional and Landscape Parks\u201c fasst die wichtigsten Erkenntnisse des Projekts zusammen und zeigt die Rahmenbedingungen f\u00fcr erfolgreiche Naturparkarbeit auf.","breadcrumb":{"@id":"https:\/\/www.naturparkmagazin.de\/vdn\/ergebnisse-broschuere-zum-europaeischen-projekt\/#breadcrumb"},"inLanguage":"de","potentialAction":[{"@type":"ReadAction","target":["https:\/\/www.naturparkmagazin.de\/vdn\/ergebnisse-broschuere-zum-europaeischen-projekt\/"]}]},{"@type":"BreadcrumbList","@id":"https:\/\/www.naturparkmagazin.de\/vdn\/ergebnisse-broschuere-zum-europaeischen-projekt\/#breadcrumb","itemListElement":[{"@type":"ListItem","position":1,"name":"Home","item":"https:\/\/www.naturparkmagazin.de\/vdn\/"},{"@type":"ListItem","position":2,"name":"\u201eErgebnisse\u201c &#8211; Brosch\u00fcre zum europ\u00e4ischen Projekt"}]},{"@type":"WebSite","@id":"https:\/\/www.naturparkmagazin.de\/vdn\/#website","url":"https:\/\/www.naturparkmagazin.de\/vdn\/","name":"Verband Deutscher Naturparke","description":"Eine weitere Naturparkmagazin.de Netzwerk Seite","potentialAction":[{"@type":"SearchAction","target":{"@type":"EntryPoint","urlTemplate":"https:\/\/www.naturparkmagazin.de\/vdn\/?s={search_term_string}"},"query-input":"required name=search_term_string"}],"inLanguage":"de"},{"@type":"Person","@id":"https:\/\/www.naturparkmagazin.de\/vdn\/#\/schema\/person\/3cff9b8773ed55f0189255fa9adfd57c","name":"manuelamerz","url":"https:\/\/www.naturparkmagazin.de\/vdn\/author\/manuelamerz\/"}]}},"_links":{"self":[{"href":"https:\/\/www.naturparkmagazin.de\/vdn\/wp-json\/wp\/v2\/posts\/9754"}],"collection":[{"href":"https:\/\/www.naturparkmagazin.de\/vdn\/wp-json\/wp\/v2\/posts"}],"about":[{"href":"https:\/\/www.naturparkmagazin.de\/vdn\/wp-json\/wp\/v2\/types\/post"}],"author":[{"embeddable":true,"href":"https:\/\/www.naturparkmagazin.de\/vdn\/wp-json\/wp\/v2\/users\/73"}],"replies":[{"embeddable":true,"href":"https:\/\/www.naturparkmagazin.de\/vdn\/wp-json\/wp\/v2\/comments?post=9754"}],"version-history":[{"count":4,"href":"https:\/\/www.naturparkmagazin.de\/vdn\/wp-json\/wp\/v2\/posts\/9754\/revisions"}],"predecessor-version":[{"id":9792,"href":"https:\/\/www.naturparkmagazin.de\/vdn\/wp-json\/wp\/v2\/posts\/9754\/revisions\/9792"}],"wp:featuredmedia":[{"embeddable":true,"href":"https:\/\/www.naturparkmagazin.de\/vdn\/wp-json\/wp\/v2\/media\/9755"}],"wp:attachment":[{"href":"https:\/\/www.naturparkmagazin.de\/vdn\/wp-json\/wp\/v2\/media?parent=9754"}],"wp:term":[{"taxonomy":"category","embeddable":true,"href":"https:\/\/www.naturparkmagazin.de\/vdn\/wp-json\/wp\/v2\/categories?post=9754"},{"taxonomy":"post_tag","embeddable":true,"href":"https:\/\/www.naturparkmagazin.de\/vdn\/wp-json\/wp\/v2\/tags?post=9754"}],"curies":[{"name":"wp","href":"https:\/\/api.w.org\/{rel}","templated":true}]}}