{"id":9759,"date":"2018-02-14T09:51:56","date_gmt":"2018-02-14T08:51:56","guid":{"rendered":"http:\/\/www.naturparkmagazin.de\/vdn\/?p=9759"},"modified":"2018-02-21T15:54:46","modified_gmt":"2018-02-21T14:54:46","slug":"augenblick-natur-fotowettbewerb-2018","status":"publish","type":"post","link":"https:\/\/www.naturparkmagazin.de\/vdn\/augenblick-natur-fotowettbewerb-2018\/","title":{"rendered":"\u201eAugenblick Natur!\u201c &#8211; Fotowettbewerb 2018"},"content":{"rendered":"<p><a href=\"https:\/\/www.naturparkmagazin.de\/vdn\/wp-content\/uploads\/sites\/3\/Unbenanntb6.jpg\"><img decoding=\"async\" loading=\"lazy\" class=\"alignnone size-full wp-image-9761\" src=\"https:\/\/www.naturparkmagazin.de\/vdn\/wp-content\/uploads\/sites\/3\/Unbenanntb6.jpg\" alt=\"\u00a9 VDN\" width=\"500\" height=\"300\" srcset=\"https:\/\/www.naturparkmagazin.de\/vdn\/wp-content\/uploads\/sites\/3\/Unbenanntb6.jpg 500w, https:\/\/www.naturparkmagazin.de\/vdn\/wp-content\/uploads\/sites\/3\/Unbenanntb6-300x180.jpg 300w, https:\/\/www.naturparkmagazin.de\/vdn\/wp-content\/uploads\/sites\/3\/Unbenanntb6-200x120.jpg 200w\" sizes=\"(max-width: 500px) 100vw, 500px\" \/><\/a><\/p>\n<p>Ein Jungfuchs wirbt in diesem Jahr als Sympathietr\u00e4ger f\u00fcr den Fotowettbewerb der Naturparke Deutschlands \u201eAugenblick Natur!\u201c. Seit 2007 l\u00e4dt der Verband Deutscher Naturparke e. V. (VDN) Amateur- und Profi-Fotografen zur Teilnahme an diesem Fotowettbewerb ein. Gesucht werden ausdrucksstarke Motive aus allen Naturparken Deutschlands \u2013 aufgenommen aus der ganz pers\u00f6nlichen Perspektive der Besucher. Der diesj\u00e4hrige Wettbewerb startet am 01. April und l\u00e4uft bis zum 31. Oktober 2018. Die sch\u00f6nsten Motive werden von den Besuchern des Portals bewertet und die Monatssieger mit attraktiven Gewinnen pr\u00e4miert:<\/p>\n<p>Als Monatssieger erhalten Sie ein Jahresabonnement der Zeitschrift &#8222;NaturFoto\u201c; der Jahressieger erh\u00e4lt auch 2018 einen Fotoworkshop mit dem Fotojournalisten und Naturfotografen Hans-Peter Schaub.<\/p>\n<p>Alle Infos zum aktuellen Wettbewerb finden Sie unter <a href=\"http:\/\/www.naturparkfotos.de\" target=\"_blank\">www.naturparkfotos.de<\/a>.<\/p>\n<p>&nbsp;<\/p>\n","protected":false},"excerpt":{"rendered":"<p>Am 1. April 2018 startet die neue Runde des VDN-Fotowettbewerbs &#8222;Augenblick Natur!&#8220;. <\/p>\n","protected":false},"author":73,"featured_media":9760,"comment_status":"open","ping_status":"open","sticky":false,"template":"","format":"standard","meta":{"_links_to":"","_links_to_target":""},"categories":[7],"tags":[88,1088,41,501],"yoast_head":"<!-- This site is optimized with the Yoast SEO plugin v19.10 - https:\/\/yoast.com\/wordpress\/plugins\/seo\/ -->\n<title>\u201eAugenblick Natur!\u201c - Fotowettbewerb 2018<\/title>\n<meta name=\"description\" content=\"Am 1. April 2018 startet die neue Runde des VDN-Fotowettbewerbs &quot;Augenblick Natur!&quot;.\" \/>\n<meta name=\"robots\" content=\"index, follow, max-snippet:-1, max-image-preview:large, max-video-preview:-1\" \/>\n<link rel=\"canonical\" href=\"https:\/\/www.naturparkmagazin.de\/vdn\/augenblick-natur-fotowettbewerb-2018\/\" \/>\n<meta property=\"og:locale\" content=\"de_DE\" \/>\n<meta property=\"og:type\" content=\"article\" \/>\n<meta property=\"og:title\" content=\"\u201eAugenblick Natur!\u201c - Fotowettbewerb 2018\" \/>\n<meta property=\"og:description\" content=\"Am 1. April 2018 startet die neue Runde des VDN-Fotowettbewerbs &quot;Augenblick Natur!&quot;.\" \/>\n<meta property=\"og:url\" content=\"https:\/\/www.naturparkmagazin.de\/vdn\/augenblick-natur-fotowettbewerb-2018\/\" \/>\n<meta property=\"og:site_name\" content=\"Verband Deutscher Naturparke\" \/>\n<meta property=\"article:published_time\" content=\"2018-02-14T08:51:56+00:00\" \/>\n<meta property=\"article:modified_time\" content=\"2018-02-21T14:54:46+00:00\" \/>\n<meta property=\"og:image\" content=\"https:\/\/www.naturparkmagazin.de\/vdn\/wp-content\/uploads\/sites\/3\/Unbenanntbf4.jpg\" \/>\n\t<meta property=\"og:image:width\" content=\"200\" \/>\n\t<meta property=\"og:image:height\" content=\"200\" \/>\n\t<meta property=\"og:image:type\" content=\"image\/jpeg\" \/>\n<meta name=\"author\" content=\"manuelamerz\" \/>\n<meta name=\"twitter:label1\" content=\"Verfasst von\" \/>\n\t<meta name=\"twitter:data1\" content=\"manuelamerz\" \/>\n\t<meta name=\"twitter:label2\" content=\"Gesch\u00e4tzte Lesezeit\" \/>\n\t<meta name=\"twitter:data2\" content=\"1\u00a0Minute\" \/>\n<script type=\"application\/ld+json\" class=\"yoast-schema-graph\">{\"@context\":\"https:\/\/schema.org\",\"@graph\":[{\"@type\":\"WebPage\",\"@id\":\"https:\/\/www.naturparkmagazin.de\/vdn\/augenblick-natur-fotowettbewerb-2018\/\",\"url\":\"https:\/\/www.naturparkmagazin.de\/vdn\/augenblick-natur-fotowettbewerb-2018\/\",\"name\":\"\u201eAugenblick Natur!\u201c - Fotowettbewerb 2018\",\"isPartOf\":{\"@id\":\"https:\/\/www.naturparkmagazin.de\/vdn\/#website\"},\"datePublished\":\"2018-02-14T08:51:56+00:00\",\"dateModified\":\"2018-02-21T14:54:46+00:00\",\"author\":{\"@id\":\"https:\/\/www.naturparkmagazin.de\/vdn\/#\/schema\/person\/3cff9b8773ed55f0189255fa9adfd57c\"},\"description\":\"Am 1. April 2018 startet die neue Runde des VDN-Fotowettbewerbs \\\"Augenblick Natur!\\\".\",\"breadcrumb\":{\"@id\":\"https:\/\/www.naturparkmagazin.de\/vdn\/augenblick-natur-fotowettbewerb-2018\/#breadcrumb\"},\"inLanguage\":\"de\",\"potentialAction\":[{\"@type\":\"ReadAction\",\"target\":[\"https:\/\/www.naturparkmagazin.de\/vdn\/augenblick-natur-fotowettbewerb-2018\/\"]}]},{\"@type\":\"BreadcrumbList\",\"@id\":\"https:\/\/www.naturparkmagazin.de\/vdn\/augenblick-natur-fotowettbewerb-2018\/#breadcrumb\",\"itemListElement\":[{\"@type\":\"ListItem\",\"position\":1,\"name\":\"Home\",\"item\":\"https:\/\/www.naturparkmagazin.de\/vdn\/\"},{\"@type\":\"ListItem\",\"position\":2,\"name\":\"\u201eAugenblick Natur!\u201c &#8211; Fotowettbewerb 2018\"}]},{\"@type\":\"WebSite\",\"@id\":\"https:\/\/www.naturparkmagazin.de\/vdn\/#website\",\"url\":\"https:\/\/www.naturparkmagazin.de\/vdn\/\",\"name\":\"Verband Deutscher Naturparke\",\"description\":\"Eine weitere Naturparkmagazin.de Netzwerk Seite\",\"potentialAction\":[{\"@type\":\"SearchAction\",\"target\":{\"@type\":\"EntryPoint\",\"urlTemplate\":\"https:\/\/www.naturparkmagazin.de\/vdn\/?s={search_term_string}\"},\"query-input\":\"required name=search_term_string\"}],\"inLanguage\":\"de\"},{\"@type\":\"Person\",\"@id\":\"https:\/\/www.naturparkmagazin.de\/vdn\/#\/schema\/person\/3cff9b8773ed55f0189255fa9adfd57c\",\"name\":\"manuelamerz\",\"url\":\"https:\/\/www.naturparkmagazin.de\/vdn\/author\/manuelamerz\/\"}]}<\/script>\n<!-- \/ Yoast SEO plugin. -->","yoast_head_json":{"title":"\u201eAugenblick Natur!\u201c - Fotowettbewerb 2018","description":"Am 1. April 2018 startet die neue Runde des VDN-Fotowettbewerbs \"Augenblick Natur!\".","robots":{"index":"index","follow":"follow","max-snippet":"max-snippet:-1","max-image-preview":"max-image-preview:large","max-video-preview":"max-video-preview:-1"},"canonical":"https:\/\/www.naturparkmagazin.de\/vdn\/augenblick-natur-fotowettbewerb-2018\/","og_locale":"de_DE","og_type":"article","og_title":"\u201eAugenblick Natur!\u201c - Fotowettbewerb 2018","og_description":"Am 1. April 2018 startet die neue Runde des VDN-Fotowettbewerbs \"Augenblick Natur!\".","og_url":"https:\/\/www.naturparkmagazin.de\/vdn\/augenblick-natur-fotowettbewerb-2018\/","og_site_name":"Verband Deutscher Naturparke","article_published_time":"2018-02-14T08:51:56+00:00","article_modified_time":"2018-02-21T14:54:46+00:00","og_image":[{"width":200,"height":200,"url":"https:\/\/www.naturparkmagazin.de\/vdn\/wp-content\/uploads\/sites\/3\/Unbenanntbf4.jpg","type":"image\/jpeg"}],"author":"manuelamerz","twitter_misc":{"Verfasst von":"manuelamerz","Gesch\u00e4tzte Lesezeit":"1\u00a0Minute"},"schema":{"@context":"https:\/\/schema.org","@graph":[{"@type":"WebPage","@id":"https:\/\/www.naturparkmagazin.de\/vdn\/augenblick-natur-fotowettbewerb-2018\/","url":"https:\/\/www.naturparkmagazin.de\/vdn\/augenblick-natur-fotowettbewerb-2018\/","name":"\u201eAugenblick Natur!\u201c - Fotowettbewerb 2018","isPartOf":{"@id":"https:\/\/www.naturparkmagazin.de\/vdn\/#website"},"datePublished":"2018-02-14T08:51:56+00:00","dateModified":"2018-02-21T14:54:46+00:00","author":{"@id":"https:\/\/www.naturparkmagazin.de\/vdn\/#\/schema\/person\/3cff9b8773ed55f0189255fa9adfd57c"},"description":"Am 1. April 2018 startet die neue Runde des VDN-Fotowettbewerbs \"Augenblick Natur!\".","breadcrumb":{"@id":"https:\/\/www.naturparkmagazin.de\/vdn\/augenblick-natur-fotowettbewerb-2018\/#breadcrumb"},"inLanguage":"de","potentialAction":[{"@type":"ReadAction","target":["https:\/\/www.naturparkmagazin.de\/vdn\/augenblick-natur-fotowettbewerb-2018\/"]}]},{"@type":"BreadcrumbList","@id":"https:\/\/www.naturparkmagazin.de\/vdn\/augenblick-natur-fotowettbewerb-2018\/#breadcrumb","itemListElement":[{"@type":"ListItem","position":1,"name":"Home","item":"https:\/\/www.naturparkmagazin.de\/vdn\/"},{"@type":"ListItem","position":2,"name":"\u201eAugenblick Natur!\u201c &#8211; Fotowettbewerb 2018"}]},{"@type":"WebSite","@id":"https:\/\/www.naturparkmagazin.de\/vdn\/#website","url":"https:\/\/www.naturparkmagazin.de\/vdn\/","name":"Verband Deutscher Naturparke","description":"Eine weitere Naturparkmagazin.de Netzwerk Seite","potentialAction":[{"@type":"SearchAction","target":{"@type":"EntryPoint","urlTemplate":"https:\/\/www.naturparkmagazin.de\/vdn\/?s={search_term_string}"},"query-input":"required name=search_term_string"}],"inLanguage":"de"},{"@type":"Person","@id":"https:\/\/www.naturparkmagazin.de\/vdn\/#\/schema\/person\/3cff9b8773ed55f0189255fa9adfd57c","name":"manuelamerz","url":"https:\/\/www.naturparkmagazin.de\/vdn\/author\/manuelamerz\/"}]}},"_links":{"self":[{"href":"https:\/\/www.naturparkmagazin.de\/vdn\/wp-json\/wp\/v2\/posts\/9759"}],"collection":[{"href":"https:\/\/www.naturparkmagazin.de\/vdn\/wp-json\/wp\/v2\/posts"}],"about":[{"href":"https:\/\/www.naturparkmagazin.de\/vdn\/wp-json\/wp\/v2\/types\/post"}],"author":[{"embeddable":true,"href":"https:\/\/www.naturparkmagazin.de\/vdn\/wp-json\/wp\/v2\/users\/73"}],"replies":[{"embeddable":true,"href":"https:\/\/www.naturparkmagazin.de\/vdn\/wp-json\/wp\/v2\/comments?post=9759"}],"version-history":[{"count":4,"href":"https:\/\/www.naturparkmagazin.de\/vdn\/wp-json\/wp\/v2\/posts\/9759\/revisions"}],"predecessor-version":[{"id":9804,"href":"https:\/\/www.naturparkmagazin.de\/vdn\/wp-json\/wp\/v2\/posts\/9759\/revisions\/9804"}],"wp:featuredmedia":[{"embeddable":true,"href":"https:\/\/www.naturparkmagazin.de\/vdn\/wp-json\/wp\/v2\/media\/9760"}],"wp:attachment":[{"href":"https:\/\/www.naturparkmagazin.de\/vdn\/wp-json\/wp\/v2\/media?parent=9759"}],"wp:term":[{"taxonomy":"category","embeddable":true,"href":"https:\/\/www.naturparkmagazin.de\/vdn\/wp-json\/wp\/v2\/categories?post=9759"},{"taxonomy":"post_tag","embeddable":true,"href":"https:\/\/www.naturparkmagazin.de\/vdn\/wp-json\/wp\/v2\/tags?post=9759"}],"curies":[{"name":"wp","href":"https:\/\/api.w.org\/{rel}","templated":true}]}}