{"id":9768,"date":"2018-02-14T04:57:15","date_gmt":"2018-02-14T03:57:15","guid":{"rendered":"http:\/\/www.naturparkmagazin.de\/vdn\/?p=9768"},"modified":"2018-02-14T10:26:35","modified_gmt":"2018-02-14T09:26:35","slug":"un-dekade-biologische-vielfalt","status":"publish","type":"post","link":"https:\/\/www.naturparkmagazin.de\/vdn\/un-dekade-biologische-vielfalt\/","title":{"rendered":"\u201eUN-Dekade biologische Vielfalt\u201c"},"content":{"rendered":"<div id=\"attachment_9769\" style=\"width: 510px\" class=\"wp-caption alignnone\"><a href=\"https:\/\/www.naturparkmagazin.de\/vdn\/wp-content\/uploads\/sites\/3\/2018-02-06_Naturpark-Schule_Auszeichnung-UN-Dekadeb.jpg\"><img aria-describedby=\"caption-attachment-9769\" decoding=\"async\" loading=\"lazy\" class=\"size-full wp-image-9769\" src=\"https:\/\/www.naturparkmagazin.de\/vdn\/wp-content\/uploads\/sites\/3\/2018-02-06_Naturpark-Schule_Auszeichnung-UN-Dekadeb.jpg\" alt=\"\u00a9 Naturpark S\u00fcdschwarzwald\" width=\"500\" height=\"300\" srcset=\"https:\/\/www.naturparkmagazin.de\/vdn\/wp-content\/uploads\/sites\/3\/2018-02-06_Naturpark-Schule_Auszeichnung-UN-Dekadeb.jpg 500w, https:\/\/www.naturparkmagazin.de\/vdn\/wp-content\/uploads\/sites\/3\/2018-02-06_Naturpark-Schule_Auszeichnung-UN-Dekadeb-300x180.jpg 300w, https:\/\/www.naturparkmagazin.de\/vdn\/wp-content\/uploads\/sites\/3\/2018-02-06_Naturpark-Schule_Auszeichnung-UN-Dekadeb-200x120.jpg 200w\" sizes=\"(max-width: 500px) 100vw, 500px\" \/><\/a><p id=\"caption-attachment-9769\" class=\"wp-caption-text\">\u00a9 Naturpark S\u00fcdschwarzwald<\/p><\/div>\n<p>Das Programm \u201eNaturpark-Schule\u201c des Naturparks S\u00fcdschwarzwald wurde am 6. Februar 2018 als offizielles Projekt der UN-Dekade Biologische Vielfalt ausgezeichnet. Die Auszeichnung wird an Projekte verliehen, die sich in vorbildlicher Weise f\u00fcr die Erhaltung der biologischen Vielfalt einsetzen. So wird das Engagement des Naturparks S\u00fcdschwarzwald f\u00fcr seinen Beitrag zur Bildung f\u00fcr nachhaltige Entwicklung gew\u00fcrdigt.<\/p>\n<p>Mit der Naturpark-Schule konnte der Naturpark seit 2011 im Rahmen des bundesweiten VDN-Projektes \u201eNetzwerk Naturpark-Schulen\u201c ein gut entwickeltes Kooperations- und Bildungsprogramm etablieren. Bei der Themenwahl soll den jeweiligen \u00f6rtlichen Besonderheiten, den Prinzipien der \u201eBildung f\u00fcr nachhaltige Entwicklung\u201c und dem Gedanken der Nachhaltigkeit besonderes Gewicht zukommen. Die Module stehen immer im Bezug zum jeweiligen regionalen Umfeld. Um diesen Bezug und die Regionalit\u00e4t authentisch zu vermitteln, muss jedes Modul mindestens einen au\u00dferschulischen Partner, einen Experten vor Ort, miteinbeziehen.<\/p>\n<p>Mittlerweile z\u00e4hlen 22 Schulen in 19 St\u00e4dten und Gemeinden zum Netzwerk der Naturpark-Schulen im Naturpark S\u00fcdschwarzwald. Das Programm \u201eNaturpark-Schule\u201c wird stetig weiterentwickelt. Dabei steht sowohl die Ausweitung auf die gesamte Naturparkkulisse als auch die Pflege eines Netzwerks von Schulen, Gemeinden, lokalen Projektkoordinatoren und weiteren relevanten Akteuren im Vordergrund. Die \u00d6ffnung des Projekts f\u00fcr alle weiterf\u00fchrenden Schulen im Naturpark S\u00fcdschwarzwald ist f\u00fcr das Schuljahr 2019\/2020 geplant.<\/p>\n<p>&nbsp;<\/p>\n","protected":false},"excerpt":{"rendered":"<p>Das Programm \u201eNaturpark-Schule\u201c des Naturparks S\u00fcdschwarzwald wurde als offizielles Projekt der UN-Dekade Biologische Vielfalt ausgezeichnet.<\/p>\n","protected":false},"author":73,"featured_media":9770,"comment_status":"open","ping_status":"open","sticky":false,"template":"","format":"standard","meta":{"_links_to":"","_links_to_target":""},"categories":[7],"tags":[87,1095,1094,1057],"yoast_head":"<!-- This site is optimized with the Yoast SEO plugin v19.10 - https:\/\/yoast.com\/wordpress\/plugins\/seo\/ -->\n<title>\u201eUN-Dekade biologische Vielfalt\u201c<\/title>\n<meta name=\"description\" content=\"Das Programm \u201eNaturpark-Schule\u201c des Naturparks S\u00fcdschwarzwald wurde als offizielles Projekt der UN-Dekade Biologische Vielfalt ausgezeichnet.\" \/>\n<meta name=\"robots\" content=\"index, follow, max-snippet:-1, max-image-preview:large, max-video-preview:-1\" \/>\n<link rel=\"canonical\" href=\"https:\/\/www.naturparkmagazin.de\/vdn\/un-dekade-biologische-vielfalt\/\" \/>\n<meta property=\"og:locale\" content=\"de_DE\" \/>\n<meta property=\"og:type\" content=\"article\" \/>\n<meta property=\"og:title\" content=\"\u201eUN-Dekade biologische Vielfalt\u201c\" \/>\n<meta property=\"og:description\" content=\"Das Programm \u201eNaturpark-Schule\u201c des Naturparks S\u00fcdschwarzwald wurde als offizielles Projekt der UN-Dekade Biologische Vielfalt ausgezeichnet.\" \/>\n<meta property=\"og:url\" content=\"https:\/\/www.naturparkmagazin.de\/vdn\/un-dekade-biologische-vielfalt\/\" \/>\n<meta property=\"og:site_name\" content=\"Verband Deutscher Naturparke\" \/>\n<meta property=\"article:published_time\" content=\"2018-02-14T03:57:15+00:00\" \/>\n<meta property=\"article:modified_time\" content=\"2018-02-14T09:26:35+00:00\" \/>\n<meta property=\"og:image\" content=\"https:\/\/www.naturparkmagazin.de\/vdn\/wp-content\/uploads\/sites\/3\/2018-02-06_Naturpark-Schule_Auszeichnung-UN-Dekadebf.jpg\" \/>\n\t<meta property=\"og:image:width\" content=\"200\" \/>\n\t<meta property=\"og:image:height\" content=\"200\" \/>\n\t<meta property=\"og:image:type\" content=\"image\/jpeg\" \/>\n<meta name=\"author\" content=\"manuelamerz\" \/>\n<meta name=\"twitter:label1\" content=\"Verfasst von\" \/>\n\t<meta name=\"twitter:data1\" content=\"manuelamerz\" \/>\n\t<meta name=\"twitter:label2\" content=\"Gesch\u00e4tzte Lesezeit\" \/>\n\t<meta name=\"twitter:data2\" content=\"1\u00a0Minute\" \/>\n<script type=\"application\/ld+json\" class=\"yoast-schema-graph\">{\"@context\":\"https:\/\/schema.org\",\"@graph\":[{\"@type\":\"WebPage\",\"@id\":\"https:\/\/www.naturparkmagazin.de\/vdn\/un-dekade-biologische-vielfalt\/\",\"url\":\"https:\/\/www.naturparkmagazin.de\/vdn\/un-dekade-biologische-vielfalt\/\",\"name\":\"\u201eUN-Dekade biologische Vielfalt\u201c\",\"isPartOf\":{\"@id\":\"https:\/\/www.naturparkmagazin.de\/vdn\/#website\"},\"datePublished\":\"2018-02-14T03:57:15+00:00\",\"dateModified\":\"2018-02-14T09:26:35+00:00\",\"author\":{\"@id\":\"https:\/\/www.naturparkmagazin.de\/vdn\/#\/schema\/person\/3cff9b8773ed55f0189255fa9adfd57c\"},\"description\":\"Das Programm \u201eNaturpark-Schule\u201c des Naturparks S\u00fcdschwarzwald wurde als offizielles Projekt der UN-Dekade Biologische Vielfalt ausgezeichnet.\",\"breadcrumb\":{\"@id\":\"https:\/\/www.naturparkmagazin.de\/vdn\/un-dekade-biologische-vielfalt\/#breadcrumb\"},\"inLanguage\":\"de\",\"potentialAction\":[{\"@type\":\"ReadAction\",\"target\":[\"https:\/\/www.naturparkmagazin.de\/vdn\/un-dekade-biologische-vielfalt\/\"]}]},{\"@type\":\"BreadcrumbList\",\"@id\":\"https:\/\/www.naturparkmagazin.de\/vdn\/un-dekade-biologische-vielfalt\/#breadcrumb\",\"itemListElement\":[{\"@type\":\"ListItem\",\"position\":1,\"name\":\"Home\",\"item\":\"https:\/\/www.naturparkmagazin.de\/vdn\/\"},{\"@type\":\"ListItem\",\"position\":2,\"name\":\"\u201eUN-Dekade biologische Vielfalt\u201c\"}]},{\"@type\":\"WebSite\",\"@id\":\"https:\/\/www.naturparkmagazin.de\/vdn\/#website\",\"url\":\"https:\/\/www.naturparkmagazin.de\/vdn\/\",\"name\":\"Verband Deutscher Naturparke\",\"description\":\"Eine weitere Naturparkmagazin.de Netzwerk Seite\",\"potentialAction\":[{\"@type\":\"SearchAction\",\"target\":{\"@type\":\"EntryPoint\",\"urlTemplate\":\"https:\/\/www.naturparkmagazin.de\/vdn\/?s={search_term_string}\"},\"query-input\":\"required name=search_term_string\"}],\"inLanguage\":\"de\"},{\"@type\":\"Person\",\"@id\":\"https:\/\/www.naturparkmagazin.de\/vdn\/#\/schema\/person\/3cff9b8773ed55f0189255fa9adfd57c\",\"name\":\"manuelamerz\",\"url\":\"https:\/\/www.naturparkmagazin.de\/vdn\/author\/manuelamerz\/\"}]}<\/script>\n<!-- \/ Yoast SEO plugin. -->","yoast_head_json":{"title":"\u201eUN-Dekade biologische Vielfalt\u201c","description":"Das Programm \u201eNaturpark-Schule\u201c des Naturparks S\u00fcdschwarzwald wurde als offizielles Projekt der UN-Dekade Biologische Vielfalt ausgezeichnet.","robots":{"index":"index","follow":"follow","max-snippet":"max-snippet:-1","max-image-preview":"max-image-preview:large","max-video-preview":"max-video-preview:-1"},"canonical":"https:\/\/www.naturparkmagazin.de\/vdn\/un-dekade-biologische-vielfalt\/","og_locale":"de_DE","og_type":"article","og_title":"\u201eUN-Dekade biologische Vielfalt\u201c","og_description":"Das Programm \u201eNaturpark-Schule\u201c des Naturparks S\u00fcdschwarzwald wurde als offizielles Projekt der UN-Dekade Biologische Vielfalt ausgezeichnet.","og_url":"https:\/\/www.naturparkmagazin.de\/vdn\/un-dekade-biologische-vielfalt\/","og_site_name":"Verband Deutscher Naturparke","article_published_time":"2018-02-14T03:57:15+00:00","article_modified_time":"2018-02-14T09:26:35+00:00","og_image":[{"width":200,"height":200,"url":"https:\/\/www.naturparkmagazin.de\/vdn\/wp-content\/uploads\/sites\/3\/2018-02-06_Naturpark-Schule_Auszeichnung-UN-Dekadebf.jpg","type":"image\/jpeg"}],"author":"manuelamerz","twitter_misc":{"Verfasst von":"manuelamerz","Gesch\u00e4tzte Lesezeit":"1\u00a0Minute"},"schema":{"@context":"https:\/\/schema.org","@graph":[{"@type":"WebPage","@id":"https:\/\/www.naturparkmagazin.de\/vdn\/un-dekade-biologische-vielfalt\/","url":"https:\/\/www.naturparkmagazin.de\/vdn\/un-dekade-biologische-vielfalt\/","name":"\u201eUN-Dekade biologische Vielfalt\u201c","isPartOf":{"@id":"https:\/\/www.naturparkmagazin.de\/vdn\/#website"},"datePublished":"2018-02-14T03:57:15+00:00","dateModified":"2018-02-14T09:26:35+00:00","author":{"@id":"https:\/\/www.naturparkmagazin.de\/vdn\/#\/schema\/person\/3cff9b8773ed55f0189255fa9adfd57c"},"description":"Das Programm \u201eNaturpark-Schule\u201c des Naturparks S\u00fcdschwarzwald wurde als offizielles Projekt der UN-Dekade Biologische Vielfalt ausgezeichnet.","breadcrumb":{"@id":"https:\/\/www.naturparkmagazin.de\/vdn\/un-dekade-biologische-vielfalt\/#breadcrumb"},"inLanguage":"de","potentialAction":[{"@type":"ReadAction","target":["https:\/\/www.naturparkmagazin.de\/vdn\/un-dekade-biologische-vielfalt\/"]}]},{"@type":"BreadcrumbList","@id":"https:\/\/www.naturparkmagazin.de\/vdn\/un-dekade-biologische-vielfalt\/#breadcrumb","itemListElement":[{"@type":"ListItem","position":1,"name":"Home","item":"https:\/\/www.naturparkmagazin.de\/vdn\/"},{"@type":"ListItem","position":2,"name":"\u201eUN-Dekade biologische Vielfalt\u201c"}]},{"@type":"WebSite","@id":"https:\/\/www.naturparkmagazin.de\/vdn\/#website","url":"https:\/\/www.naturparkmagazin.de\/vdn\/","name":"Verband Deutscher Naturparke","description":"Eine weitere Naturparkmagazin.de Netzwerk Seite","potentialAction":[{"@type":"SearchAction","target":{"@type":"EntryPoint","urlTemplate":"https:\/\/www.naturparkmagazin.de\/vdn\/?s={search_term_string}"},"query-input":"required name=search_term_string"}],"inLanguage":"de"},{"@type":"Person","@id":"https:\/\/www.naturparkmagazin.de\/vdn\/#\/schema\/person\/3cff9b8773ed55f0189255fa9adfd57c","name":"manuelamerz","url":"https:\/\/www.naturparkmagazin.de\/vdn\/author\/manuelamerz\/"}]}},"_links":{"self":[{"href":"https:\/\/www.naturparkmagazin.de\/vdn\/wp-json\/wp\/v2\/posts\/9768"}],"collection":[{"href":"https:\/\/www.naturparkmagazin.de\/vdn\/wp-json\/wp\/v2\/posts"}],"about":[{"href":"https:\/\/www.naturparkmagazin.de\/vdn\/wp-json\/wp\/v2\/types\/post"}],"author":[{"embeddable":true,"href":"https:\/\/www.naturparkmagazin.de\/vdn\/wp-json\/wp\/v2\/users\/73"}],"replies":[{"embeddable":true,"href":"https:\/\/www.naturparkmagazin.de\/vdn\/wp-json\/wp\/v2\/comments?post=9768"}],"version-history":[{"count":4,"href":"https:\/\/www.naturparkmagazin.de\/vdn\/wp-json\/wp\/v2\/posts\/9768\/revisions"}],"predecessor-version":[{"id":9789,"href":"https:\/\/www.naturparkmagazin.de\/vdn\/wp-json\/wp\/v2\/posts\/9768\/revisions\/9789"}],"wp:featuredmedia":[{"embeddable":true,"href":"https:\/\/www.naturparkmagazin.de\/vdn\/wp-json\/wp\/v2\/media\/9770"}],"wp:attachment":[{"href":"https:\/\/www.naturparkmagazin.de\/vdn\/wp-json\/wp\/v2\/media?parent=9768"}],"wp:term":[{"taxonomy":"category","embeddable":true,"href":"https:\/\/www.naturparkmagazin.de\/vdn\/wp-json\/wp\/v2\/categories?post=9768"},{"taxonomy":"post_tag","embeddable":true,"href":"https:\/\/www.naturparkmagazin.de\/vdn\/wp-json\/wp\/v2\/tags?post=9768"}],"curies":[{"name":"wp","href":"https:\/\/api.w.org\/{rel}","templated":true}]}}