{"id":9776,"date":"2018-02-13T15:30:49","date_gmt":"2018-02-13T14:30:49","guid":{"rendered":"http:\/\/www.naturparkmagazin.de\/vdn\/?p=9776"},"modified":"2018-02-13T15:31:27","modified_gmt":"2018-02-13T14:31:27","slug":"gemeinsam-und-verbindend-europaeisches-kulturerbejahr-2018","status":"publish","type":"post","link":"https:\/\/www.naturparkmagazin.de\/vdn\/gemeinsam-und-verbindend-europaeisches-kulturerbejahr-2018\/","title":{"rendered":"Gemeinsam und verbindend \u2013 Europ\u00e4isches Kulturerbejahr 2018"},"content":{"rendered":"<div id=\"attachment_9778\" style=\"width: 510px\" class=\"wp-caption aligncenter\"><a href=\"https:\/\/www.naturparkmagazin.de\/vdn\/wp-content\/uploads\/sites\/3\/Logo_Beitrag1.jpg\"><img aria-describedby=\"caption-attachment-9778\" decoding=\"async\" loading=\"lazy\" class=\"size-full wp-image-9778\" src=\"https:\/\/www.naturparkmagazin.de\/vdn\/wp-content\/uploads\/sites\/3\/Logo_Beitrag1.jpg\" alt=\"Logo &quot;Europ\u00e4isches Kulturerbejahr 2018&quot; - Copyright: Deutschen Nationalkomitee f\u00fcr Denkmalschutz \" width=\"500\" height=\"300\" srcset=\"https:\/\/www.naturparkmagazin.de\/vdn\/wp-content\/uploads\/sites\/3\/Logo_Beitrag1.jpg 500w, https:\/\/www.naturparkmagazin.de\/vdn\/wp-content\/uploads\/sites\/3\/Logo_Beitrag1-300x180.jpg 300w, https:\/\/www.naturparkmagazin.de\/vdn\/wp-content\/uploads\/sites\/3\/Logo_Beitrag1-200x120.jpg 200w\" sizes=\"(max-width: 500px) 100vw, 500px\" \/><\/a><p id=\"caption-attachment-9778\" class=\"wp-caption-text\">Logo &#8222;Europ\u00e4isches Kulturerbejahr 2018&#8220; &#8211; Copyright: Deutschen Nationalkomitee f\u00fcr Denkmalschutz<\/p><\/div>\n<p>Am 8. Januar wurde in Hamburg das Europ\u00e4ische Kulturerbejahr 2018 unter dem Motto \u201eSHARING HERITAGE\u201c er\u00f6ffnet. Das Europ\u00e4ische Jahr des Kulturerbes stellt das reiche Kulturerbe Europas in den Fokus und zeigt auf, wie wichtig das Kulturerbe f\u00fcr die F\u00f6rderung eines gemeinsamen Identit\u00e4tsgef\u00fchls und f\u00fcr die Gestaltung der Zukunft Europas ist.<\/p>\n<p>Der f\u00fcr Bildung, Kultur, Jugend und Sport zust\u00e4ndige EU-Kommissar Tibor Navracsics, der das Europ\u00e4ische Jahr des Kulturerbes heute offiziell einl\u00e4utete, erkl\u00e4rte: \u201eDas Kulturerbe ist das Kernst\u00fcck der europ\u00e4ischen Art zu leben. Es definiert, wer wir sind, und schafft ein Gef\u00fchl der Zugeh\u00f6rigkeit. Zum Kulturerbe geh\u00f6ren nicht nur Literatur, Kunst und Gegenst\u00e4nde \u2013 wir begegnen ihm auch in dem Handwerk, das wir erlernen, den Geschichten, die wir erz\u00e4hlen, dem Essen, das wir genie\u00dfen und den Filmen, die wir uns ansehen. Wir m\u00fcssen unser kulturelles Erbe sch\u00fctzen und f\u00fcr die kommenden Generationen bewahren. Die Feierlichkeiten dieses Jahres bieten eine wunderbare Gelegenheit, die Menschen, besonders die jungen, zu ermuntern, Europas reiche kulturelle Vielfalt zu erkunden und \u00fcber den Stellenwert nachzudenken, den das Kulturerbe in unserem Leben einnimmt. Es erm\u00f6glicht uns, die Vergangenheit zu verstehen und unsere Zukunft zu gestalten.\u201c<\/p>\n<p>St\u00e4dte, Gemeinden und Regionen sind im Europ\u00e4ischen Kulturerbejahr aufgerufen, Europas kulturellen Reichtum und das gemeinsame europ\u00e4ische Erbe ins Licht der \u00d6ffentlichkeit zu setzen und diesen Reichtum an kultureller Vielfalt allen B\u00fcrgern zug\u00e4nglich zu machen. Insbesondere Kindern und Jugendlichen und Menschen, die nur selten mit Kultur in Ber\u00fchrung kommen, soll dieser Zugang erm\u00f6glicht werden.<\/p>\n<p>Tausende Initiativen und Veranstaltungen in ganz Europa werden M\u00f6glichkeiten bieten, das Verbindende unserer gemeinsamen kulturellen Wurzeln und zugleich die kulturelle Vielfalt Europas kennen zu lernen.<\/p>\n<p><a href=\"https:\/\/sharingheritage.de\" target=\"_blank\">&gt;&gt; Hier erfahren Sie mehr \u00fcber das Europ\u00e4ische Kulturerbejahr 2018<\/a><\/p>\n<p>&nbsp;<\/p>\n","protected":false},"excerpt":{"rendered":"<p>Das Europ\u00e4ische Jahr des Kulturerbes zeigt auf, wie wichtig das Kulturerbe f\u00fcr die F\u00f6rderung eines gemeinsamen Identit\u00e4tsgef\u00fchls und die Gestaltung der Zukunft Europas ist.<\/p>\n","protected":false},"author":51,"featured_media":9779,"comment_status":"open","ping_status":"open","sticky":false,"template":"","format":"standard","meta":{"_links_to":"","_links_to_target":""},"categories":[51],"tags":[],"yoast_head":"<!-- This site is optimized with the Yoast SEO plugin v19.10 - https:\/\/yoast.com\/wordpress\/plugins\/seo\/ -->\n<title>Gemeinsam und verbindend \u2013 Europ\u00e4isches Kulturerbejahr 2018<\/title>\n<meta name=\"description\" content=\"Das Europ\u00e4ische Jahr des Kulturerbes zeigt auf, wie wichtig das Kulturerbe f\u00fcr die F\u00f6rderung eines gemeinsamen Identit\u00e4tsgef\u00fchls und die Gestaltung der Zukunft Europas ist.\" \/>\n<meta name=\"robots\" content=\"index, follow, max-snippet:-1, max-image-preview:large, max-video-preview:-1\" \/>\n<link rel=\"canonical\" href=\"https:\/\/www.naturparkmagazin.de\/vdn\/gemeinsam-und-verbindend-europaeisches-kulturerbejahr-2018\/\" \/>\n<meta property=\"og:locale\" content=\"de_DE\" \/>\n<meta property=\"og:type\" content=\"article\" \/>\n<meta property=\"og:title\" content=\"Gemeinsam und verbindend \u2013 Europ\u00e4isches Kulturerbejahr 2018\" \/>\n<meta property=\"og:description\" content=\"Das Europ\u00e4ische Jahr des Kulturerbes zeigt auf, wie wichtig das Kulturerbe f\u00fcr die F\u00f6rderung eines gemeinsamen Identit\u00e4tsgef\u00fchls und die Gestaltung der Zukunft Europas ist.\" \/>\n<meta property=\"og:url\" content=\"https:\/\/www.naturparkmagazin.de\/vdn\/gemeinsam-und-verbindend-europaeisches-kulturerbejahr-2018\/\" \/>\n<meta property=\"og:site_name\" content=\"Verband Deutscher Naturparke\" \/>\n<meta property=\"article:published_time\" content=\"2018-02-13T14:30:49+00:00\" \/>\n<meta property=\"article:modified_time\" content=\"2018-02-13T14:31:27+00:00\" \/>\n<meta property=\"og:image\" content=\"https:\/\/www.naturparkmagazin.de\/vdn\/wp-content\/uploads\/sites\/3\/Logo_Beitragsbild.jpg\" \/>\n\t<meta property=\"og:image:width\" content=\"200\" \/>\n\t<meta property=\"og:image:height\" content=\"200\" \/>\n\t<meta property=\"og:image:type\" content=\"image\/jpeg\" \/>\n<meta name=\"author\" content=\"beatrixlosem\" \/>\n<meta name=\"twitter:label1\" content=\"Verfasst von\" \/>\n\t<meta name=\"twitter:data1\" content=\"beatrixlosem\" \/>\n\t<meta name=\"twitter:label2\" content=\"Gesch\u00e4tzte Lesezeit\" \/>\n\t<meta name=\"twitter:data2\" content=\"2\u00a0Minuten\" \/>\n<script type=\"application\/ld+json\" class=\"yoast-schema-graph\">{\"@context\":\"https:\/\/schema.org\",\"@graph\":[{\"@type\":\"WebPage\",\"@id\":\"https:\/\/www.naturparkmagazin.de\/vdn\/gemeinsam-und-verbindend-europaeisches-kulturerbejahr-2018\/\",\"url\":\"https:\/\/www.naturparkmagazin.de\/vdn\/gemeinsam-und-verbindend-europaeisches-kulturerbejahr-2018\/\",\"name\":\"Gemeinsam und verbindend \u2013 Europ\u00e4isches Kulturerbejahr 2018\",\"isPartOf\":{\"@id\":\"https:\/\/www.naturparkmagazin.de\/vdn\/#website\"},\"datePublished\":\"2018-02-13T14:30:49+00:00\",\"dateModified\":\"2018-02-13T14:31:27+00:00\",\"author\":{\"@id\":\"https:\/\/www.naturparkmagazin.de\/vdn\/#\/schema\/person\/d71357578c318b6db03be60b1f60396b\"},\"description\":\"Das Europ\u00e4ische Jahr des Kulturerbes zeigt auf, wie wichtig das Kulturerbe f\u00fcr die F\u00f6rderung eines gemeinsamen Identit\u00e4tsgef\u00fchls und die Gestaltung der Zukunft Europas ist.\",\"breadcrumb\":{\"@id\":\"https:\/\/www.naturparkmagazin.de\/vdn\/gemeinsam-und-verbindend-europaeisches-kulturerbejahr-2018\/#breadcrumb\"},\"inLanguage\":\"de\",\"potentialAction\":[{\"@type\":\"ReadAction\",\"target\":[\"https:\/\/www.naturparkmagazin.de\/vdn\/gemeinsam-und-verbindend-europaeisches-kulturerbejahr-2018\/\"]}]},{\"@type\":\"BreadcrumbList\",\"@id\":\"https:\/\/www.naturparkmagazin.de\/vdn\/gemeinsam-und-verbindend-europaeisches-kulturerbejahr-2018\/#breadcrumb\",\"itemListElement\":[{\"@type\":\"ListItem\",\"position\":1,\"name\":\"Home\",\"item\":\"https:\/\/www.naturparkmagazin.de\/vdn\/\"},{\"@type\":\"ListItem\",\"position\":2,\"name\":\"Gemeinsam und verbindend \u2013 Europ\u00e4isches Kulturerbejahr 2018\"}]},{\"@type\":\"WebSite\",\"@id\":\"https:\/\/www.naturparkmagazin.de\/vdn\/#website\",\"url\":\"https:\/\/www.naturparkmagazin.de\/vdn\/\",\"name\":\"Verband Deutscher Naturparke\",\"description\":\"Eine weitere Naturparkmagazin.de Netzwerk Seite\",\"potentialAction\":[{\"@type\":\"SearchAction\",\"target\":{\"@type\":\"EntryPoint\",\"urlTemplate\":\"https:\/\/www.naturparkmagazin.de\/vdn\/?s={search_term_string}\"},\"query-input\":\"required name=search_term_string\"}],\"inLanguage\":\"de\"},{\"@type\":\"Person\",\"@id\":\"https:\/\/www.naturparkmagazin.de\/vdn\/#\/schema\/person\/d71357578c318b6db03be60b1f60396b\",\"name\":\"beatrixlosem\",\"url\":\"https:\/\/www.naturparkmagazin.de\/vdn\/author\/beatrixlosem\/\"}]}<\/script>\n<!-- \/ Yoast SEO plugin. -->","yoast_head_json":{"title":"Gemeinsam und verbindend \u2013 Europ\u00e4isches Kulturerbejahr 2018","description":"Das Europ\u00e4ische Jahr des Kulturerbes zeigt auf, wie wichtig das Kulturerbe f\u00fcr die F\u00f6rderung eines gemeinsamen Identit\u00e4tsgef\u00fchls und die Gestaltung der Zukunft Europas ist.","robots":{"index":"index","follow":"follow","max-snippet":"max-snippet:-1","max-image-preview":"max-image-preview:large","max-video-preview":"max-video-preview:-1"},"canonical":"https:\/\/www.naturparkmagazin.de\/vdn\/gemeinsam-und-verbindend-europaeisches-kulturerbejahr-2018\/","og_locale":"de_DE","og_type":"article","og_title":"Gemeinsam und verbindend \u2013 Europ\u00e4isches Kulturerbejahr 2018","og_description":"Das Europ\u00e4ische Jahr des Kulturerbes zeigt auf, wie wichtig das Kulturerbe f\u00fcr die F\u00f6rderung eines gemeinsamen Identit\u00e4tsgef\u00fchls und die Gestaltung der Zukunft Europas ist.","og_url":"https:\/\/www.naturparkmagazin.de\/vdn\/gemeinsam-und-verbindend-europaeisches-kulturerbejahr-2018\/","og_site_name":"Verband Deutscher Naturparke","article_published_time":"2018-02-13T14:30:49+00:00","article_modified_time":"2018-02-13T14:31:27+00:00","og_image":[{"width":200,"height":200,"url":"https:\/\/www.naturparkmagazin.de\/vdn\/wp-content\/uploads\/sites\/3\/Logo_Beitragsbild.jpg","type":"image\/jpeg"}],"author":"beatrixlosem","twitter_misc":{"Verfasst von":"beatrixlosem","Gesch\u00e4tzte Lesezeit":"2\u00a0Minuten"},"schema":{"@context":"https:\/\/schema.org","@graph":[{"@type":"WebPage","@id":"https:\/\/www.naturparkmagazin.de\/vdn\/gemeinsam-und-verbindend-europaeisches-kulturerbejahr-2018\/","url":"https:\/\/www.naturparkmagazin.de\/vdn\/gemeinsam-und-verbindend-europaeisches-kulturerbejahr-2018\/","name":"Gemeinsam und verbindend \u2013 Europ\u00e4isches Kulturerbejahr 2018","isPartOf":{"@id":"https:\/\/www.naturparkmagazin.de\/vdn\/#website"},"datePublished":"2018-02-13T14:30:49+00:00","dateModified":"2018-02-13T14:31:27+00:00","author":{"@id":"https:\/\/www.naturparkmagazin.de\/vdn\/#\/schema\/person\/d71357578c318b6db03be60b1f60396b"},"description":"Das Europ\u00e4ische Jahr des Kulturerbes zeigt auf, wie wichtig das Kulturerbe f\u00fcr die F\u00f6rderung eines gemeinsamen Identit\u00e4tsgef\u00fchls und die Gestaltung der Zukunft Europas ist.","breadcrumb":{"@id":"https:\/\/www.naturparkmagazin.de\/vdn\/gemeinsam-und-verbindend-europaeisches-kulturerbejahr-2018\/#breadcrumb"},"inLanguage":"de","potentialAction":[{"@type":"ReadAction","target":["https:\/\/www.naturparkmagazin.de\/vdn\/gemeinsam-und-verbindend-europaeisches-kulturerbejahr-2018\/"]}]},{"@type":"BreadcrumbList","@id":"https:\/\/www.naturparkmagazin.de\/vdn\/gemeinsam-und-verbindend-europaeisches-kulturerbejahr-2018\/#breadcrumb","itemListElement":[{"@type":"ListItem","position":1,"name":"Home","item":"https:\/\/www.naturparkmagazin.de\/vdn\/"},{"@type":"ListItem","position":2,"name":"Gemeinsam und verbindend \u2013 Europ\u00e4isches Kulturerbejahr 2018"}]},{"@type":"WebSite","@id":"https:\/\/www.naturparkmagazin.de\/vdn\/#website","url":"https:\/\/www.naturparkmagazin.de\/vdn\/","name":"Verband Deutscher Naturparke","description":"Eine weitere Naturparkmagazin.de Netzwerk Seite","potentialAction":[{"@type":"SearchAction","target":{"@type":"EntryPoint","urlTemplate":"https:\/\/www.naturparkmagazin.de\/vdn\/?s={search_term_string}"},"query-input":"required name=search_term_string"}],"inLanguage":"de"},{"@type":"Person","@id":"https:\/\/www.naturparkmagazin.de\/vdn\/#\/schema\/person\/d71357578c318b6db03be60b1f60396b","name":"beatrixlosem","url":"https:\/\/www.naturparkmagazin.de\/vdn\/author\/beatrixlosem\/"}]}},"_links":{"self":[{"href":"https:\/\/www.naturparkmagazin.de\/vdn\/wp-json\/wp\/v2\/posts\/9776"}],"collection":[{"href":"https:\/\/www.naturparkmagazin.de\/vdn\/wp-json\/wp\/v2\/posts"}],"about":[{"href":"https:\/\/www.naturparkmagazin.de\/vdn\/wp-json\/wp\/v2\/types\/post"}],"author":[{"embeddable":true,"href":"https:\/\/www.naturparkmagazin.de\/vdn\/wp-json\/wp\/v2\/users\/51"}],"replies":[{"embeddable":true,"href":"https:\/\/www.naturparkmagazin.de\/vdn\/wp-json\/wp\/v2\/comments?post=9776"}],"version-history":[{"count":3,"href":"https:\/\/www.naturparkmagazin.de\/vdn\/wp-json\/wp\/v2\/posts\/9776\/revisions"}],"predecessor-version":[{"id":9782,"href":"https:\/\/www.naturparkmagazin.de\/vdn\/wp-json\/wp\/v2\/posts\/9776\/revisions\/9782"}],"wp:featuredmedia":[{"embeddable":true,"href":"https:\/\/www.naturparkmagazin.de\/vdn\/wp-json\/wp\/v2\/media\/9779"}],"wp:attachment":[{"href":"https:\/\/www.naturparkmagazin.de\/vdn\/wp-json\/wp\/v2\/media?parent=9776"}],"wp:term":[{"taxonomy":"category","embeddable":true,"href":"https:\/\/www.naturparkmagazin.de\/vdn\/wp-json\/wp\/v2\/categories?post=9776"},{"taxonomy":"post_tag","embeddable":true,"href":"https:\/\/www.naturparkmagazin.de\/vdn\/wp-json\/wp\/v2\/tags?post=9776"}],"curies":[{"name":"wp","href":"https:\/\/api.w.org\/{rel}","templated":true}]}}