{"id":9832,"date":"2018-03-11T19:30:04","date_gmt":"2018-03-11T18:30:04","guid":{"rendered":"http:\/\/www.naturparkmagazin.de\/vdn\/?p=9832"},"modified":"2018-03-27T12:13:18","modified_gmt":"2018-03-27T10:13:18","slug":"geo-naturpark-bergstrasse-odenwald","status":"publish","type":"post","link":"https:\/\/www.naturparkmagazin.de\/vdn\/geo-naturpark-bergstrasse-odenwald\/","title":{"rendered":"Geo-Naturpark Bergstra\u00dfe-Odenwald"},"content":{"rendered":"<div id=\"attachment_9833\" style=\"width: 310px\" class=\"wp-caption alignnone\"><a href=\"https:\/\/www.naturparkmagazin.de\/vdn\/wp-content\/uploads\/sites\/3\/mg-3637b.jpg\"><img aria-describedby=\"caption-attachment-9833\" decoding=\"async\" loading=\"lazy\" class=\"size-full wp-image-9833\" src=\"https:\/\/www.naturparkmagazin.de\/vdn\/wp-content\/uploads\/sites\/3\/mg-3637b.jpg\" alt=\"Blick \u00fcber Heppenheim zum Odenwald \u00a9 VDN\/Hartmut Eckstein\" width=\"300\" height=\"500\" srcset=\"https:\/\/www.naturparkmagazin.de\/vdn\/wp-content\/uploads\/sites\/3\/mg-3637b.jpg 300w, https:\/\/www.naturparkmagazin.de\/vdn\/wp-content\/uploads\/sites\/3\/mg-3637b-200x333.jpg 200w\" sizes=\"(max-width: 300px) 100vw, 300px\" \/><\/a><p id=\"caption-attachment-9833\" class=\"wp-caption-text\">Blick \u00fcber Heppenheim zum Odenwald \u00a9 VDN\/Hartmut Eckstein<\/p><\/div>\n<p><strong>Erdgeschichte, Natur und Kultur erleben im Geo-Naturpark Bergstra\u00dfe-Odenwald <\/strong><\/p>\n<p><strong>(UNESCO Global Geopark)<\/strong><\/p>\n<p>&nbsp;<\/p>\n<p><strong>Weltklasse &#8211; der Geo-Naturpark ist UNESCO Global Geopark <\/strong><\/p>\n<p>Am 17. November 2015 hat die UNESCO-Generalversammlung in Paris eine wegweisende Entscheidung getroffen. Zum ersten Mal seit 40 Jahren hat sie eine neue Fl\u00e4chenkategorie von Weltrang geschaffen &#8211; das \u201eInternational Geoscience &amp; Geoparks Programme\u201c (IGGP) mit dem Siegel \u201eUNESCO Global Geopark\u201c. Damit wurde der Geo-Naturpark Bergstra\u00dfe-Odenwald gemeinsam mit weltweit mittlerweile 127 Global Geoparks in seiner Wertigkeit den UNESCO-Welterbest\u00e4tten und UNESCO-Biosph\u00e4renreservaten gleichgestellt.<\/p>\n<p>Bereits seit mehr als 15 Jahren bietet der Geo-Naturpark Bergstra\u00dfe-Odenwald auf hohem Niveau au\u00dfergew\u00f6hnliche Einblicke in unsere Erdgeschichte, Natur und Kultur. Hierzu hat er eine Vielzahl von Angeboten zur Umweltbildung und zur nachhaltigen Entwicklung der Region geschaffen. Das Besondere daran ist \u2013 die Umsetzung aller Vorhaben geschieht zusammen mit den Menschen vor Ort, die ihre Kompetenzen einbringen k\u00f6nnen und so gemeinsam eine regionale Identit\u00e4t schaffen. Das Erfolgsrezept dabei hei\u00dft: Kontinuit\u00e4t, Kooperation, Kreativit\u00e4t und gemeinsame Weiterentwicklung der vielf\u00e4ltigen Potenziale.<\/p>\n<p>&nbsp;<\/p>\n<div id=\"attachment_9835\" style=\"width: 510px\" class=\"wp-caption alignnone\"><a href=\"https:\/\/www.naturparkmagazin.de\/vdn\/wp-content\/uploads\/sites\/3\/2-morgennebel-ber-denm-weschnitztalb.jpg\"><img aria-describedby=\"caption-attachment-9835\" decoding=\"async\" loading=\"lazy\" class=\"size-full wp-image-9835\" src=\"https:\/\/www.naturparkmagazin.de\/vdn\/wp-content\/uploads\/sites\/3\/2-morgennebel-ber-denm-weschnitztalb.jpg\" alt=\"Morgennebel \u00fcber dem Weschnitztal \u00a9 VDN\/Uwe Liebe\" width=\"500\" height=\"300\" srcset=\"https:\/\/www.naturparkmagazin.de\/vdn\/wp-content\/uploads\/sites\/3\/2-morgennebel-ber-denm-weschnitztalb.jpg 500w, https:\/\/www.naturparkmagazin.de\/vdn\/wp-content\/uploads\/sites\/3\/2-morgennebel-ber-denm-weschnitztalb-300x180.jpg 300w, https:\/\/www.naturparkmagazin.de\/vdn\/wp-content\/uploads\/sites\/3\/2-morgennebel-ber-denm-weschnitztalb-200x120.jpg 200w\" sizes=\"(max-width: 500px) 100vw, 500px\" \/><\/a><p id=\"caption-attachment-9835\" class=\"wp-caption-text\">Morgennebel \u00fcber dem Weschnitztal \u00a9 VDN\/Uwe Liebe<\/p><\/div>\n<p><strong>\u00a0<\/strong><\/p>\n<p><strong>Die Region des Geo-Naturparks<\/strong><\/p>\n<p>Der Geo-Naturpark Bergstra\u00dfe-Odenwald vereint einen reizvollen Natur- und Kulturraum, der sich auf einer Fl\u00e4che von 3500 Quadratkilometern vom Rheintal im Westen \u00fcber den Odenwald bis hin zum Maintal im Osten und dem Neckartal im S\u00fcden erstreckt.<\/p>\n<p>Er greift \u00fcber 3 Bundesl\u00e4nder (Hessen, Baden-W\u00fcrttemberg und Bayern) mit 102 Mitgliedskommunen in 7 Landkreisen sowie den St\u00e4dten Darmstadt und Heidelberg.<\/p>\n<p>Die urbanen Regionen gew\u00e4hren besondere Einblicke in Geschichte und Kultur und sind gleichzeitig beliebte Wohn- und Arbeitsstandorte f\u00fcr die Menschen der Region.<\/p>\n<div id=\"attachment_9916\" style=\"width: 510px\" class=\"wp-caption alignnone\"><a href=\"https:\/\/www.naturparkmagazin.de\/vdn\/wp-content\/uploads\/sites\/3\/P1010110_beitrag.jpg\"><img aria-describedby=\"caption-attachment-9916\" decoding=\"async\" loading=\"lazy\" class=\"size-full wp-image-9916\" src=\"https:\/\/www.naturparkmagazin.de\/vdn\/wp-content\/uploads\/sites\/3\/P1010110_beitrag.jpg\" alt=\"\u00a9 Geo- Naturpark Bergstra\u00dfe-Odenwald\" width=\"500\" height=\"300\" srcset=\"https:\/\/www.naturparkmagazin.de\/vdn\/wp-content\/uploads\/sites\/3\/P1010110_beitrag.jpg 500w, https:\/\/www.naturparkmagazin.de\/vdn\/wp-content\/uploads\/sites\/3\/P1010110_beitrag-300x180.jpg 300w, https:\/\/www.naturparkmagazin.de\/vdn\/wp-content\/uploads\/sites\/3\/P1010110_beitrag-200x120.jpg 200w\" sizes=\"(max-width: 500px) 100vw, 500px\" \/><\/a><p id=\"caption-attachment-9916\" class=\"wp-caption-text\">\u00a9 Geo- Naturpark Bergstra\u00dfe-Odenwald<\/p><\/div>\n<p>Der l\u00e4ndliche Raum besticht durch seine Urspr\u00fcnglichkeit, eine abwechslungsreiche Landschaft, idyllische D\u00f6rfer, Burgen und Schl\u00f6sser, besondere Traditionen und regionaltypische Gaumenfreuden.<\/p>\n<p>In der Region des Geo-Naturparks befinden sich gleich drei UNESCO-Welterbest\u00e4tten: Die Grube Messel im Norden, das Kloster Lorsch im Westen sowie der r\u00f6mische Limes im Osten. Daneben laden besondere Orte, wie etwa das Felsenmeer im Lautertal oder die Tropfsteinh\u00f6hle in Buchen-Eberstadt sowie die Highlights der mehr als 100 Mitgliedskommunen dazu ein, die Region immer wieder neu zu entdecken.<\/p>\n<div id=\"attachment_9913\" style=\"width: 510px\" class=\"wp-caption alignnone\"><a href=\"https:\/\/www.naturparkmagazin.de\/vdn\/wp-content\/uploads\/sites\/3\/Das-Felsenmeer-im-UNESCO-Geopark-Bergstra\u00dfe-Odenwald_beitrag.jpg\"><img aria-describedby=\"caption-attachment-9913\" decoding=\"async\" loading=\"lazy\" class=\"size-full wp-image-9913\" src=\"https:\/\/www.naturparkmagazin.de\/vdn\/wp-content\/uploads\/sites\/3\/Das-Felsenmeer-im-UNESCO-Geopark-Bergstra\u00dfe-Odenwald_beitrag.jpg\" alt=\"Das Felsenmeer im UNESCO-Geopark \u00a9 Geo- Naturpark Bergstra\u00dfe-Odenwald\" width=\"500\" height=\"300\" srcset=\"https:\/\/www.naturparkmagazin.de\/vdn\/wp-content\/uploads\/sites\/3\/Das-Felsenmeer-im-UNESCO-Geopark-Bergstra\u00dfe-Odenwald_beitrag.jpg 500w, https:\/\/www.naturparkmagazin.de\/vdn\/wp-content\/uploads\/sites\/3\/Das-Felsenmeer-im-UNESCO-Geopark-Bergstra\u00dfe-Odenwald_beitrag-300x180.jpg 300w, https:\/\/www.naturparkmagazin.de\/vdn\/wp-content\/uploads\/sites\/3\/Das-Felsenmeer-im-UNESCO-Geopark-Bergstra\u00dfe-Odenwald_beitrag-200x120.jpg 200w\" sizes=\"(max-width: 500px) 100vw, 500px\" \/><\/a><p id=\"caption-attachment-9913\" class=\"wp-caption-text\">Das Felsenmeer im UNESCO-Geopark \u00a9 Geo- Naturpark Bergstra\u00dfe-Odenwald<\/p><\/div>\n<p>Bereits im Jahr 2000 hat der Geo-Naturpark damit begonnen, ein regionales Netzwerk zu schaffen, das Bewohnern und Besuchern gleicherma\u00dfen neue Perspektiven des Landschaftserlebens bietet.<\/p>\n<p>Mit ganzheitlichem Blick auf die Region verkn\u00fcpft er ein Themenspektrum, das von der Millionen Jahre alten Erdgeschichte \u00fcber die Natur und die Kultur bis hin zu uns Menschen reicht.<\/p>\n<p>In diesem Zusammenhang arbeitet er mit vielen Partnern zusammen, die heimische Produkte herstellen, f\u00f6rdern und vermarkten und damit dem Besucher authentisch die Vielfalt der Region nahe bringen. Tourismus, Landwirtschaft und Gastronomie legen dabei besonderen Wert auf die regionale Identit\u00e4t, die sich in K\u00fcche und Keller wieder findet und den Besucher willkommen hei\u00dft.<\/p>\n<p>&nbsp;<\/p>\n<div id=\"attachment_9836\" style=\"width: 510px\" class=\"wp-caption alignnone\"><a href=\"https:\/\/www.naturparkmagazin.de\/vdn\/wp-content\/uploads\/sites\/3\/mg-1505-cb.jpg\"><img aria-describedby=\"caption-attachment-9836\" decoding=\"async\" loading=\"lazy\" class=\"size-full wp-image-9836\" src=\"https:\/\/www.naturparkmagazin.de\/vdn\/wp-content\/uploads\/sites\/3\/mg-1505-cb.jpg\" alt=\"Fr\u00fchling am Jochimsee \u00a9 VDN\/Hartmut Eckstein\" width=\"500\" height=\"300\" srcset=\"https:\/\/www.naturparkmagazin.de\/vdn\/wp-content\/uploads\/sites\/3\/mg-1505-cb.jpg 500w, https:\/\/www.naturparkmagazin.de\/vdn\/wp-content\/uploads\/sites\/3\/mg-1505-cb-300x180.jpg 300w, https:\/\/www.naturparkmagazin.de\/vdn\/wp-content\/uploads\/sites\/3\/mg-1505-cb-200x120.jpg 200w\" sizes=\"(max-width: 500px) 100vw, 500px\" \/><\/a><p id=\"caption-attachment-9836\" class=\"wp-caption-text\">Fr\u00fchling am Jochimsee \u00a9 VDN\/Hartmut Eckstein<\/p><\/div>\n<p><strong>Natur mit dem Profi<\/strong><\/p>\n<p>Wissen Sie noch, wie sich Erde anf\u00fchlt? Erleben Sie gerne die Stille und Erhabenheit des Waldes? Entdecken Sie gerne die faszinierenden Geschichten, die Steine, Pflanzen und Wasser \u00fcber unsere Landschaft erz\u00e4hlen k\u00f6nnen? M\u00f6chten Sie wissen, wo das Urpferdchen gelebt hat?<\/p>\n<p>Ob Eintauchen in die Vergangenheit, Ruhe genie\u00dfen, Landschaft erleben oder kulinarische Gaumenfreuden \u2013 das abwechslungsreiches Programm des Geo-Naturparks bietet besondere Einblicke in die Region.<\/p>\n<p>Unter dem Motto \u201eNatur mit dem Profi\u201c geh\u00f6ren unvergessliche Landschaftsf\u00fchrungen und \u201eGeo und Genuss-Wanderungen\u201c der derzeit 45 Geopark-Ranger ebenso zum Angebot wie\u00a0 familiengerechte\u00a0 Natur- und Umweltthemen &#8211; ideale Voraussetzungen f\u00fcr Entspannung und Inspiration.<\/p>\n<p>Die 20 Eingangstore, Informationszentren und umweltp\u00e4dagogischen Stationen des Geo-Naturparks halten dar\u00fcber hinaus zahlreiche Tipps und Anregungen bereit. Und wer die Landschaft auf eigene Faust entdecken will, kann \u00fcber 6000 km markierte Wanderwege,\u00a0 mehr als 30 Erlebnispfade sowie zahlreiche Geopunkte und besonders ausgezeichnete Geotope \u00a0entdecken.<\/p>\n<p>N\u00e4here Infos zum abwechslungsreichen Programm bieten die Zeitschrift \u201eGeo-Naturpark aktuell\u201c mit mehr als 500 Veranstaltungstipps sowie die Homepage mit ihrem online-Veranstaltungskalender.<\/p>\n<div id=\"attachment_9837\" style=\"width: 510px\" class=\"wp-caption alignnone\"><a href=\"https:\/\/www.naturparkmagazin.de\/vdn\/wp-content\/uploads\/sites\/3\/mg-2968-dxo-rawb.jpg\"><img aria-describedby=\"caption-attachment-9837\" decoding=\"async\" loading=\"lazy\" class=\"size-full wp-image-9837\" src=\"https:\/\/www.naturparkmagazin.de\/vdn\/wp-content\/uploads\/sites\/3\/mg-2968-dxo-rawb.jpg\" alt=\"Auwiesen (Biedensand) \u00a9 VDN\/Hartmut Eckstein\" width=\"500\" height=\"300\" srcset=\"https:\/\/www.naturparkmagazin.de\/vdn\/wp-content\/uploads\/sites\/3\/mg-2968-dxo-rawb.jpg 500w, https:\/\/www.naturparkmagazin.de\/vdn\/wp-content\/uploads\/sites\/3\/mg-2968-dxo-rawb-300x180.jpg 300w, https:\/\/www.naturparkmagazin.de\/vdn\/wp-content\/uploads\/sites\/3\/mg-2968-dxo-rawb-200x120.jpg 200w\" sizes=\"(max-width: 500px) 100vw, 500px\" \/><\/a><p id=\"caption-attachment-9837\" class=\"wp-caption-text\">Auwiesen (Biedensand) \u00a9 VDN\/Hartmut Eckstein<\/p><\/div>\n<p>&nbsp;<\/p>\n<p><strong>Tiefe Einblicke in 500 Millionen Jahre faszinierende Erdgeschichte zwischen Granit und Sandstein <\/strong><\/p>\n<p>Die vielf\u00e4ltige Landschaft des Geo-Naturparks\u00a0 ist ein Abbild des geologischen Untergrundes. Auf das weite, flachr\u00e4umige Tal des Rheins folgen die sanften Kuppen des Kristallinen Odenwaldes. Im Buntsandstein-Odenwald hingegen dominieren\u00a0 ausgedehnte Hochfl\u00e4chen, die von tiefen T\u00e4lern durchzogen sind. Die \u00f6stlich anschlie\u00dfende Muschelkalk-Landschaft zeichnet sich durch typische Karsterscheinungen (H\u00f6hlen und Dolinen) aus.<\/p>\n<p>Diese Landschaft wurde im Verlauf der Erdgeschichte mehrfach umgestaltet. So entstand der\u00a0 Kristalline Odenwald (Vorderer Odenwald), der aus Tiefengesteinen (z.B. Granit, Gabbro) und Schiefern aufgebaut ist, im Erdaltertum bei der Kollision zweier Urkontinente vor etwa 340 bis 320 Millionen Jahren. Die Sand- und Tonsteine des Buntsandstein-Odenwaldes (Hinterer Odenwald), zu dem auch der Miltenberger Raum z\u00e4hlt, wurden im Erdmittelalter, vor etwa 245 Millionen Jahren,\u00a0 in Fl\u00fcssen und Seen abgelagert.<\/p>\n<p>Die Absenkung des Oberrheingrabens, der mit\u00a0 Kiesen, Sanden und Tonen gef\u00fcllt ist, begann vor etwa 50 Millionen Jahren, seither ist der Graben etwa 4000 m abgesunken. Ihr heutiges Bild erhielt unsere Landschaft durch die formenden Prozesse der Verwitterung, Abtragung und Ablagerung erst in geologisch relativ junger Zeit &#8211; w\u00e4hrend der Eiszeiten (etwa 2,5 Millionen bis 10.000 Jahre vor heute).<\/p>\n<p>Die Vielfalt der Gesteine, aber auch die geologischen Vorg\u00e4nge, die unsere Region formten, finden sich im Motto des Geo-Naturparks wieder: Zwischen Granit und Sandstein \u2013 Kontinente in Bewegung\u201c. So stellt die Geo-Naturpark-Region ein einzigartiges Fenster in die Erdgeschichte dar, das Einblick gibt in die Vorg\u00e4nge, die unseren Planeten formen.<\/p>\n<p>Gehen Sie mit uns auf eine faszinierende Entdeckungsreise durch die Jahrmillionen \u2013 entweder auf eigene Faust\u00a0 oder mit den Geopark-Rangern und Geopark-vor-Ort-Teams.<\/p>\n<div id=\"attachment_9918\" style=\"width: 510px\" class=\"wp-caption alignnone\"><a href=\"https:\/\/www.naturparkmagazin.de\/vdn\/wp-content\/uploads\/sites\/3\/Tromm-25b.jpg\"><img aria-describedby=\"caption-attachment-9918\" decoding=\"async\" loading=\"lazy\" class=\"size-full wp-image-9918\" src=\"https:\/\/www.naturparkmagazin.de\/vdn\/wp-content\/uploads\/sites\/3\/Tromm-25b.jpg\" alt=\"Tromm \u00a9 Geo- Naturpark Bergstra\u00dfe-Odenwald\" width=\"500\" height=\"300\" srcset=\"https:\/\/www.naturparkmagazin.de\/vdn\/wp-content\/uploads\/sites\/3\/Tromm-25b.jpg 500w, https:\/\/www.naturparkmagazin.de\/vdn\/wp-content\/uploads\/sites\/3\/Tromm-25b-300x180.jpg 300w, https:\/\/www.naturparkmagazin.de\/vdn\/wp-content\/uploads\/sites\/3\/Tromm-25b-200x120.jpg 200w\" sizes=\"(max-width: 500px) 100vw, 500px\" \/><\/a><p id=\"caption-attachment-9918\" class=\"wp-caption-text\">Tromm \u00a9 Geo- Naturpark Bergstra\u00dfe-Odenwald<\/p><\/div>\n<p><strong>Regional verankert <\/strong><\/p>\n<p>Der Geo-Naturpark arbeitet mit vielen Partnern zusammen. Neben den UNESCO Welterbest\u00e4tten Lorsch und Grube Messel, dem Felsenmeer im Lautertal, der Tropfsteinh\u00f6hle in Buchen-Eberstadt oder den malerischen T\u00e4lern von Main und Neckar laden die Highlights der mehr als 100 Mitgliedskommunen und 7 Landkreise dazu ein, die Region immer wieder neu zu entdecken. Tourismus, Landwirtschaft und Gastronomie legen dabei besonderen Wert auf die regionale Identit\u00e4t, die sich in K\u00fcche und Keller wieder findet und die Besucher willkommen hei\u00dft.<\/p>\n<p>Diese werden von den touristischen Partnern\u00a0 mit attraktiven Angeboten zum Natur- und Landschaftserleben empfangen \u2013 individuell auf die W\u00fcnsche jedes Gastes zugeschnitten. Von der Wanderung auf dem Heppenheimer Erlebnispfad Wein und Stein mit Weinprobe und kundiger F\u00fchrung \u00fcber Entdeckertouren im uralten Felsenland rund um das gro\u00dfe Felsenmeer bis hin zu den Urpferdchen in der Grube Messel reicht das vielseitige Angebot \u2013 Geheimtipps, besondere Begegnungen und regionale K\u00f6stlichkeiten inklusive.<\/p>\n<p>&nbsp;<\/p>\n<p><strong>International vernetzt<\/strong><\/p>\n<p>Als eine von weltweit 127 Regionen ist der Geo-Naturpark Mitglied im \u201eInternational Geoscience &amp; Geoparks Programme\u201c der UNESCO \u2013 h\u00f6chste Auszeichnung f\u00fcr eine einzigartige Landschaft und deren vielseitige touristische Erschlie\u00dfung f\u00fcr Natur- und Landschaftserleben.<\/p>\n<p>&nbsp;<\/p>\n<p><strong>Mehr Entdeckungen und Informationen: <\/strong><\/p>\n<p>Geo-Naturpark Bergstra\u00dfe-Odenwald (UNESCO Global Geopark)<\/p>\n<p>Nibelungenstra\u00dfe 41, 64653 Lorsch<\/p>\n<p>Tel.: 06251-707990, Mail: <a href=\"mailto:info@geo-naturpark.de\">info@geo-naturpark.de<\/a><\/p>\n<p>Homepage: <a href=\"http:\/\/www.geo-naturpark.de\">www.geo-naturpark.de<\/a><\/p>\n<p>&nbsp;<\/p>\n","protected":false},"excerpt":{"rendered":"<p>Bereits seit mehr als 15 Jahren bietet der Geo-Naturpark Bergstra\u00dfe-Odenwald auf hohem Niveau au\u00dfergew\u00f6hnliche Einblicke in unsere Erdgeschichte, Natur und Kultur. Hierzu hat er eine Vielzahl von Angeboten zur Umweltbildung und zur nachhaltigen Entwicklung der Region geschaffen. Das Besondere daran ist \u2013 die Umsetzung aller Vorhaben geschieht zusammen mit den Menschen vor Ort, die ihre Kompetenzen einbringen k\u00f6nnen und so gemeinsam eine regionale Identit\u00e4t schaffen. Das Erfolgsrezept dabei hei\u00dft: Kontinuit\u00e4t, Kooperation, Kreativit\u00e4t und gemeinsame Weiterentwicklung der vielf\u00e4ltigen Potenziale.<\/p>\n","protected":false},"author":73,"featured_media":9834,"comment_status":"open","ping_status":"open","sticky":false,"template":"","format":"standard","meta":{"_links_to":"","_links_to_target":""},"categories":[15],"tags":[],"yoast_head":"<!-- This site is optimized with the Yoast SEO plugin v19.10 - https:\/\/yoast.com\/wordpress\/plugins\/seo\/ -->\n<title>Geo-Naturpark Bergstra\u00dfe-Odenwald<\/title>\n<meta name=\"description\" content=\"Bereits seit mehr als 15 Jahren bietet der Geo-Naturpark Bergstra\u00dfe-Odenwald auf hohem Niveau au\u00dfergew\u00f6hnliche Einblicke in unsere Erdgeschichte, Natur und Kultur. Hierzu hat er eine Vielzahl von Angeboten zur Umweltbildung und zur nachhaltigen Entwicklung der Region geschaffen. Das Besondere daran ist \u2013 die Umsetzung aller Vorhaben geschieht zusammen mit den Menschen vor Ort, die ihre Kompetenzen einbringen k\u00f6nnen und so gemeinsam eine regionale Identit\u00e4t schaffen. Das Erfolgsrezept dabei hei\u00dft: Kontinuit\u00e4t, Kooperation, Kreativit\u00e4t und gemeinsame Weiterentwicklung der vielf\u00e4ltigen Potenziale.\" \/>\n<meta name=\"robots\" content=\"index, follow, max-snippet:-1, max-image-preview:large, max-video-preview:-1\" \/>\n<link rel=\"canonical\" href=\"https:\/\/www.naturparkmagazin.de\/vdn\/geo-naturpark-bergstrasse-odenwald\/\" \/>\n<meta property=\"og:locale\" content=\"de_DE\" \/>\n<meta property=\"og:type\" content=\"article\" \/>\n<meta property=\"og:title\" content=\"Geo-Naturpark Bergstra\u00dfe-Odenwald\" \/>\n<meta property=\"og:description\" content=\"Bereits seit mehr als 15 Jahren bietet der Geo-Naturpark Bergstra\u00dfe-Odenwald auf hohem Niveau au\u00dfergew\u00f6hnliche Einblicke in unsere Erdgeschichte, Natur und Kultur. Hierzu hat er eine Vielzahl von Angeboten zur Umweltbildung und zur nachhaltigen Entwicklung der Region geschaffen. Das Besondere daran ist \u2013 die Umsetzung aller Vorhaben geschieht zusammen mit den Menschen vor Ort, die ihre Kompetenzen einbringen k\u00f6nnen und so gemeinsam eine regionale Identit\u00e4t schaffen. Das Erfolgsrezept dabei hei\u00dft: Kontinuit\u00e4t, Kooperation, Kreativit\u00e4t und gemeinsame Weiterentwicklung der vielf\u00e4ltigen Potenziale.\" \/>\n<meta property=\"og:url\" content=\"https:\/\/www.naturparkmagazin.de\/vdn\/geo-naturpark-bergstrasse-odenwald\/\" \/>\n<meta property=\"og:site_name\" content=\"Verband Deutscher Naturparke\" \/>\n<meta property=\"article:published_time\" content=\"2018-03-11T18:30:04+00:00\" \/>\n<meta property=\"article:modified_time\" content=\"2018-03-27T10:13:18+00:00\" \/>\n<meta property=\"og:image\" content=\"https:\/\/www.naturparkmagazin.de\/vdn\/wp-content\/uploads\/sites\/3\/mg-3637bf.jpg\" \/>\n\t<meta property=\"og:image:width\" content=\"200\" \/>\n\t<meta property=\"og:image:height\" content=\"200\" \/>\n\t<meta property=\"og:image:type\" content=\"image\/jpeg\" \/>\n<meta name=\"author\" content=\"manuelamerz\" \/>\n<meta name=\"twitter:label1\" content=\"Verfasst von\" \/>\n\t<meta name=\"twitter:data1\" content=\"manuelamerz\" \/>\n\t<meta name=\"twitter:label2\" content=\"Gesch\u00e4tzte Lesezeit\" \/>\n\t<meta name=\"twitter:data2\" content=\"6\u00a0Minuten\" \/>\n<script type=\"application\/ld+json\" class=\"yoast-schema-graph\">{\"@context\":\"https:\/\/schema.org\",\"@graph\":[{\"@type\":\"WebPage\",\"@id\":\"https:\/\/www.naturparkmagazin.de\/vdn\/geo-naturpark-bergstrasse-odenwald\/\",\"url\":\"https:\/\/www.naturparkmagazin.de\/vdn\/geo-naturpark-bergstrasse-odenwald\/\",\"name\":\"Geo-Naturpark Bergstra\u00dfe-Odenwald\",\"isPartOf\":{\"@id\":\"https:\/\/www.naturparkmagazin.de\/vdn\/#website\"},\"datePublished\":\"2018-03-11T18:30:04+00:00\",\"dateModified\":\"2018-03-27T10:13:18+00:00\",\"author\":{\"@id\":\"https:\/\/www.naturparkmagazin.de\/vdn\/#\/schema\/person\/3cff9b8773ed55f0189255fa9adfd57c\"},\"description\":\"Bereits seit mehr als 15 Jahren bietet der Geo-Naturpark Bergstra\u00dfe-Odenwald auf hohem Niveau au\u00dfergew\u00f6hnliche Einblicke in unsere Erdgeschichte, Natur und Kultur. Hierzu hat er eine Vielzahl von Angeboten zur Umweltbildung und zur nachhaltigen Entwicklung der Region geschaffen. Das Besondere daran ist \u2013 die Umsetzung aller Vorhaben geschieht zusammen mit den Menschen vor Ort, die ihre Kompetenzen einbringen k\u00f6nnen und so gemeinsam eine regionale Identit\u00e4t schaffen. Das Erfolgsrezept dabei hei\u00dft: Kontinuit\u00e4t, Kooperation, Kreativit\u00e4t und gemeinsame Weiterentwicklung der vielf\u00e4ltigen Potenziale.\",\"breadcrumb\":{\"@id\":\"https:\/\/www.naturparkmagazin.de\/vdn\/geo-naturpark-bergstrasse-odenwald\/#breadcrumb\"},\"inLanguage\":\"de\",\"potentialAction\":[{\"@type\":\"ReadAction\",\"target\":[\"https:\/\/www.naturparkmagazin.de\/vdn\/geo-naturpark-bergstrasse-odenwald\/\"]}]},{\"@type\":\"BreadcrumbList\",\"@id\":\"https:\/\/www.naturparkmagazin.de\/vdn\/geo-naturpark-bergstrasse-odenwald\/#breadcrumb\",\"itemListElement\":[{\"@type\":\"ListItem\",\"position\":1,\"name\":\"Home\",\"item\":\"https:\/\/www.naturparkmagazin.de\/vdn\/\"},{\"@type\":\"ListItem\",\"position\":2,\"name\":\"Geo-Naturpark Bergstra\u00dfe-Odenwald\"}]},{\"@type\":\"WebSite\",\"@id\":\"https:\/\/www.naturparkmagazin.de\/vdn\/#website\",\"url\":\"https:\/\/www.naturparkmagazin.de\/vdn\/\",\"name\":\"Verband Deutscher Naturparke\",\"description\":\"Eine weitere Naturparkmagazin.de Netzwerk Seite\",\"potentialAction\":[{\"@type\":\"SearchAction\",\"target\":{\"@type\":\"EntryPoint\",\"urlTemplate\":\"https:\/\/www.naturparkmagazin.de\/vdn\/?s={search_term_string}\"},\"query-input\":\"required name=search_term_string\"}],\"inLanguage\":\"de\"},{\"@type\":\"Person\",\"@id\":\"https:\/\/www.naturparkmagazin.de\/vdn\/#\/schema\/person\/3cff9b8773ed55f0189255fa9adfd57c\",\"name\":\"manuelamerz\",\"url\":\"https:\/\/www.naturparkmagazin.de\/vdn\/author\/manuelamerz\/\"}]}<\/script>\n<!-- \/ Yoast SEO plugin. -->","yoast_head_json":{"title":"Geo-Naturpark Bergstra\u00dfe-Odenwald","description":"Bereits seit mehr als 15 Jahren bietet der Geo-Naturpark Bergstra\u00dfe-Odenwald auf hohem Niveau au\u00dfergew\u00f6hnliche Einblicke in unsere Erdgeschichte, Natur und Kultur. Hierzu hat er eine Vielzahl von Angeboten zur Umweltbildung und zur nachhaltigen Entwicklung der Region geschaffen. Das Besondere daran ist \u2013 die Umsetzung aller Vorhaben geschieht zusammen mit den Menschen vor Ort, die ihre Kompetenzen einbringen k\u00f6nnen und so gemeinsam eine regionale Identit\u00e4t schaffen. Das Erfolgsrezept dabei hei\u00dft: Kontinuit\u00e4t, Kooperation, Kreativit\u00e4t und gemeinsame Weiterentwicklung der vielf\u00e4ltigen Potenziale.","robots":{"index":"index","follow":"follow","max-snippet":"max-snippet:-1","max-image-preview":"max-image-preview:large","max-video-preview":"max-video-preview:-1"},"canonical":"https:\/\/www.naturparkmagazin.de\/vdn\/geo-naturpark-bergstrasse-odenwald\/","og_locale":"de_DE","og_type":"article","og_title":"Geo-Naturpark Bergstra\u00dfe-Odenwald","og_description":"Bereits seit mehr als 15 Jahren bietet der Geo-Naturpark Bergstra\u00dfe-Odenwald auf hohem Niveau au\u00dfergew\u00f6hnliche Einblicke in unsere Erdgeschichte, Natur und Kultur. Hierzu hat er eine Vielzahl von Angeboten zur Umweltbildung und zur nachhaltigen Entwicklung der Region geschaffen. Das Besondere daran ist \u2013 die Umsetzung aller Vorhaben geschieht zusammen mit den Menschen vor Ort, die ihre Kompetenzen einbringen k\u00f6nnen und so gemeinsam eine regionale Identit\u00e4t schaffen. Das Erfolgsrezept dabei hei\u00dft: Kontinuit\u00e4t, Kooperation, Kreativit\u00e4t und gemeinsame Weiterentwicklung der vielf\u00e4ltigen Potenziale.","og_url":"https:\/\/www.naturparkmagazin.de\/vdn\/geo-naturpark-bergstrasse-odenwald\/","og_site_name":"Verband Deutscher Naturparke","article_published_time":"2018-03-11T18:30:04+00:00","article_modified_time":"2018-03-27T10:13:18+00:00","og_image":[{"width":200,"height":200,"url":"https:\/\/www.naturparkmagazin.de\/vdn\/wp-content\/uploads\/sites\/3\/mg-3637bf.jpg","type":"image\/jpeg"}],"author":"manuelamerz","twitter_misc":{"Verfasst von":"manuelamerz","Gesch\u00e4tzte Lesezeit":"6\u00a0Minuten"},"schema":{"@context":"https:\/\/schema.org","@graph":[{"@type":"WebPage","@id":"https:\/\/www.naturparkmagazin.de\/vdn\/geo-naturpark-bergstrasse-odenwald\/","url":"https:\/\/www.naturparkmagazin.de\/vdn\/geo-naturpark-bergstrasse-odenwald\/","name":"Geo-Naturpark Bergstra\u00dfe-Odenwald","isPartOf":{"@id":"https:\/\/www.naturparkmagazin.de\/vdn\/#website"},"datePublished":"2018-03-11T18:30:04+00:00","dateModified":"2018-03-27T10:13:18+00:00","author":{"@id":"https:\/\/www.naturparkmagazin.de\/vdn\/#\/schema\/person\/3cff9b8773ed55f0189255fa9adfd57c"},"description":"Bereits seit mehr als 15 Jahren bietet der Geo-Naturpark Bergstra\u00dfe-Odenwald auf hohem Niveau au\u00dfergew\u00f6hnliche Einblicke in unsere Erdgeschichte, Natur und Kultur. Hierzu hat er eine Vielzahl von Angeboten zur Umweltbildung und zur nachhaltigen Entwicklung der Region geschaffen. Das Besondere daran ist \u2013 die Umsetzung aller Vorhaben geschieht zusammen mit den Menschen vor Ort, die ihre Kompetenzen einbringen k\u00f6nnen und so gemeinsam eine regionale Identit\u00e4t schaffen. Das Erfolgsrezept dabei hei\u00dft: Kontinuit\u00e4t, Kooperation, Kreativit\u00e4t und gemeinsame Weiterentwicklung der vielf\u00e4ltigen Potenziale.","breadcrumb":{"@id":"https:\/\/www.naturparkmagazin.de\/vdn\/geo-naturpark-bergstrasse-odenwald\/#breadcrumb"},"inLanguage":"de","potentialAction":[{"@type":"ReadAction","target":["https:\/\/www.naturparkmagazin.de\/vdn\/geo-naturpark-bergstrasse-odenwald\/"]}]},{"@type":"BreadcrumbList","@id":"https:\/\/www.naturparkmagazin.de\/vdn\/geo-naturpark-bergstrasse-odenwald\/#breadcrumb","itemListElement":[{"@type":"ListItem","position":1,"name":"Home","item":"https:\/\/www.naturparkmagazin.de\/vdn\/"},{"@type":"ListItem","position":2,"name":"Geo-Naturpark Bergstra\u00dfe-Odenwald"}]},{"@type":"WebSite","@id":"https:\/\/www.naturparkmagazin.de\/vdn\/#website","url":"https:\/\/www.naturparkmagazin.de\/vdn\/","name":"Verband Deutscher Naturparke","description":"Eine weitere Naturparkmagazin.de Netzwerk Seite","potentialAction":[{"@type":"SearchAction","target":{"@type":"EntryPoint","urlTemplate":"https:\/\/www.naturparkmagazin.de\/vdn\/?s={search_term_string}"},"query-input":"required name=search_term_string"}],"inLanguage":"de"},{"@type":"Person","@id":"https:\/\/www.naturparkmagazin.de\/vdn\/#\/schema\/person\/3cff9b8773ed55f0189255fa9adfd57c","name":"manuelamerz","url":"https:\/\/www.naturparkmagazin.de\/vdn\/author\/manuelamerz\/"}]}},"_links":{"self":[{"href":"https:\/\/www.naturparkmagazin.de\/vdn\/wp-json\/wp\/v2\/posts\/9832"}],"collection":[{"href":"https:\/\/www.naturparkmagazin.de\/vdn\/wp-json\/wp\/v2\/posts"}],"about":[{"href":"https:\/\/www.naturparkmagazin.de\/vdn\/wp-json\/wp\/v2\/types\/post"}],"author":[{"embeddable":true,"href":"https:\/\/www.naturparkmagazin.de\/vdn\/wp-json\/wp\/v2\/users\/73"}],"replies":[{"embeddable":true,"href":"https:\/\/www.naturparkmagazin.de\/vdn\/wp-json\/wp\/v2\/comments?post=9832"}],"version-history":[{"count":6,"href":"https:\/\/www.naturparkmagazin.de\/vdn\/wp-json\/wp\/v2\/posts\/9832\/revisions"}],"predecessor-version":[{"id":9929,"href":"https:\/\/www.naturparkmagazin.de\/vdn\/wp-json\/wp\/v2\/posts\/9832\/revisions\/9929"}],"wp:featuredmedia":[{"embeddable":true,"href":"https:\/\/www.naturparkmagazin.de\/vdn\/wp-json\/wp\/v2\/media\/9834"}],"wp:attachment":[{"href":"https:\/\/www.naturparkmagazin.de\/vdn\/wp-json\/wp\/v2\/media?parent=9832"}],"wp:term":[{"taxonomy":"category","embeddable":true,"href":"https:\/\/www.naturparkmagazin.de\/vdn\/wp-json\/wp\/v2\/categories?post=9832"},{"taxonomy":"post_tag","embeddable":true,"href":"https:\/\/www.naturparkmagazin.de\/vdn\/wp-json\/wp\/v2\/tags?post=9832"}],"curies":[{"name":"wp","href":"https:\/\/api.w.org\/{rel}","templated":true}]}}