{"id":9843,"date":"2018-03-11T19:30:18","date_gmt":"2018-03-11T18:30:18","guid":{"rendered":"http:\/\/www.naturparkmagazin.de\/vdn\/?p=9843"},"modified":"2018-03-27T13:53:45","modified_gmt":"2018-03-27T11:53:45","slug":"natuerlich-sozial-natur-erleben-fuer-alle","status":"publish","type":"post","link":"https:\/\/www.naturparkmagazin.de\/vdn\/natuerlich-sozial-natur-erleben-fuer-alle\/","title":{"rendered":"Nat\u00fcrlich sozial \u2013 Natur erleben f\u00fcr alle"},"content":{"rendered":"<div id=\"attachment_9845\" style=\"width: 510px\" class=\"wp-caption aligncenter\"><a href=\"https:\/\/www.naturparkmagazin.de\/vdn\/wp-content\/uploads\/sites\/3\/IMG_3874b.jpg\"><img aria-describedby=\"caption-attachment-9845\" decoding=\"async\" loading=\"lazy\" class=\"size-full wp-image-9845\" src=\"https:\/\/www.naturparkmagazin.de\/vdn\/wp-content\/uploads\/sites\/3\/IMG_3874b.jpg\" alt=\"\u00a9 Naturpark Rheinland\" width=\"500\" height=\"300\" srcset=\"https:\/\/www.naturparkmagazin.de\/vdn\/wp-content\/uploads\/sites\/3\/IMG_3874b.jpg 500w, https:\/\/www.naturparkmagazin.de\/vdn\/wp-content\/uploads\/sites\/3\/IMG_3874b-300x180.jpg 300w, https:\/\/www.naturparkmagazin.de\/vdn\/wp-content\/uploads\/sites\/3\/IMG_3874b-200x120.jpg 200w\" sizes=\"(max-width: 500px) 100vw, 500px\" \/><\/a><p id=\"caption-attachment-9845\" class=\"wp-caption-text\">\u00a9 Naturpark Rheinland<\/p><\/div>\n<p>Studien des Bundesumweltministeriums und des Bundesamtes f\u00fcr Naturschutz haben deutlich gemacht, dass die Arbeit und die Angebote im Bereich Naturschutz Menschen aus sozial schwachen Schichten und Menschen mit Migrationshintergrund h\u00e4ufig nicht erreichen. Dies trifft auch auf gefl\u00fcchtete Menschen zu.<\/p>\n<div id=\"attachment_9846\" style=\"width: 510px\" class=\"wp-caption aligncenter\"><a href=\"https:\/\/www.naturparkmagazin.de\/vdn\/wp-content\/uploads\/sites\/3\/Freiwillige-Helfer-mit-Dammbachs-B\u00fcrgermeister-Roland-Bauer-\u00a9-Christian-Salomonb.jpg\"><img aria-describedby=\"caption-attachment-9846\" decoding=\"async\" loading=\"lazy\" class=\"size-full wp-image-9846\" src=\"https:\/\/www.naturparkmagazin.de\/vdn\/wp-content\/uploads\/sites\/3\/Freiwillige-Helfer-mit-Dammbachs-B\u00fcrgermeister-Roland-Bauer-\u00a9-Christian-Salomonb.jpg\" alt=\"Freiwillige Helfer mit Dammbachs  B\u00fcrgermeister Roland Bauer \u00a9 Christian Salomon\" width=\"500\" height=\"300\" srcset=\"https:\/\/www.naturparkmagazin.de\/vdn\/wp-content\/uploads\/sites\/3\/Freiwillige-Helfer-mit-Dammbachs-B\u00fcrgermeister-Roland-Bauer-\u00a9-Christian-Salomonb.jpg 500w, https:\/\/www.naturparkmagazin.de\/vdn\/wp-content\/uploads\/sites\/3\/Freiwillige-Helfer-mit-Dammbachs-B\u00fcrgermeister-Roland-Bauer-\u00a9-Christian-Salomonb-300x180.jpg 300w, https:\/\/www.naturparkmagazin.de\/vdn\/wp-content\/uploads\/sites\/3\/Freiwillige-Helfer-mit-Dammbachs-B\u00fcrgermeister-Roland-Bauer-\u00a9-Christian-Salomonb-200x120.jpg 200w\" sizes=\"(max-width: 500px) 100vw, 500px\" \/><\/a><p id=\"caption-attachment-9846\" class=\"wp-caption-text\">Freiwillige Helfer mit Dammbachs B\u00fcrgermeister Roland Bauer \u00a9 Christian Salomon<\/p><\/div>\n<p>Daher m\u00f6chte der VDN mit dem Projekt \u201eNatur erleben verbindet\u201c den sozialpolitischen Ansatz der Naturparke aus ihrer Gr\u00fcndungszeit in den 1950er Jahren auf die heutige Zeit \u00fcbertragen und anregen, dass Naturparke verst\u00e4rkt Angebote f\u00fcr Naturerleben und Erholung schaffen, die allen Menschen offenstehen. Damit leisten die Naturparke einen Beitrag f\u00fcr den Zusammenhalt der Gesellschaft und f\u00fcr eine soziale Inklusion. Soziale Inklusion beschreibt die Grundidee, allen Menschen, unabh\u00e4ngig von ethnischer und sozialer Herkunft, Geschlecht oder Alter, Kultur, Religionszugeh\u00f6rigkeit, Lebensweise und Beeintr\u00e4chtigungen, die M\u00f6glichkeit zu er\u00f6ffnen, vollst\u00e4ndig und gleichberechtigt an allen gesellschaftlichen Bereichen teilzuhaben und mitzuwirken.<\/p>\n<div id=\"attachment_9921\" style=\"width: 510px\" class=\"wp-caption aligncenter\"><a href=\"https:\/\/www.naturparkmagazin.de\/vdn\/wp-content\/uploads\/sites\/3\/Manuel_Andrack_07_Druck_Copyright-2008-2018-Manuel-Andrack_beitrag.jpg\"><img aria-describedby=\"caption-attachment-9921\" decoding=\"async\" loading=\"lazy\" class=\"size-full wp-image-9921\" src=\"https:\/\/www.naturparkmagazin.de\/vdn\/wp-content\/uploads\/sites\/3\/Manuel_Andrack_07_Druck_Copyright-2008-2018-Manuel-Andrack_beitrag.jpg\" alt=\"Copyright: 2008-2018 Manuel Andrack\" width=\"500\" height=\"500\" srcset=\"https:\/\/www.naturparkmagazin.de\/vdn\/wp-content\/uploads\/sites\/3\/Manuel_Andrack_07_Druck_Copyright-2008-2018-Manuel-Andrack_beitrag.jpg 500w, https:\/\/www.naturparkmagazin.de\/vdn\/wp-content\/uploads\/sites\/3\/Manuel_Andrack_07_Druck_Copyright-2008-2018-Manuel-Andrack_beitrag-300x300.jpg 300w, https:\/\/www.naturparkmagazin.de\/vdn\/wp-content\/uploads\/sites\/3\/Manuel_Andrack_07_Druck_Copyright-2008-2018-Manuel-Andrack_beitrag-200x200.jpg 200w, https:\/\/www.naturparkmagazin.de\/vdn\/wp-content\/uploads\/sites\/3\/Manuel_Andrack_07_Druck_Copyright-2008-2018-Manuel-Andrack_beitrag-30x30.jpg 30w\" sizes=\"(max-width: 500px) 100vw, 500px\" \/><\/a><p id=\"caption-attachment-9921\" class=\"wp-caption-text\">Copyright: 2008-2018 Manuel Andrack<\/p><\/div>\n<p>Prominenter Schirmherr des Projektes ist Manuel Andrack, Autor Moderator und Wanderpapst, der schon 2016 bei einer Freundschaftswanderung im Naturpark Bergisches Land dabei war und die Integration von Migranten unter dem Motto &#8222;Wandern dient (auch) der Verst\u00e4ndigung&#8220; unterst\u00fctzte. \u201eDie Naturparke in Deutschland\u201c, so Andrack, \u201espiegeln die ph\u00e4nomenale Vielseitigkeit der Landschaftsbilder in unserer Heimat wider und verbinden die Menschen mit der sie umgebenden Natur. Sie sind daher nicht nur Heimat, weil man sich dort, wo man aufgewachsen ist, geborgen und heimisch f\u00fchlt, sondern weil man auch durch das Erleben der Natur \u2013 wie Buchenw\u00e4lder und Heidelandschaften oder dunkle Tannen und sattgr\u00fcne Wiesen \u2013 einen Zugang zu (neuer) Heimat finden kann.\u201c<\/p>\n<p>&nbsp;<\/p>\n<div id=\"attachment_9847\" style=\"width: 510px\" class=\"wp-caption aligncenter\"><a href=\"https:\/\/www.naturparkmagazin.de\/vdn\/wp-content\/uploads\/sites\/3\/Arbeit-an-der-Nonnenh\u00f6he-\u00a9-Christian-Salomonb.jpg\"><img aria-describedby=\"caption-attachment-9847\" decoding=\"async\" loading=\"lazy\" class=\"size-full wp-image-9847\" src=\"https:\/\/www.naturparkmagazin.de\/vdn\/wp-content\/uploads\/sites\/3\/Arbeit-an-der-Nonnenh\u00f6he-\u00a9-Christian-Salomonb.jpg\" alt=\"Arbeit an der Nonnenh\u00f6he \u00a9 Christian Salomon\" width=\"500\" height=\"300\" srcset=\"https:\/\/www.naturparkmagazin.de\/vdn\/wp-content\/uploads\/sites\/3\/Arbeit-an-der-Nonnenh\u00f6he-\u00a9-Christian-Salomonb.jpg 500w, https:\/\/www.naturparkmagazin.de\/vdn\/wp-content\/uploads\/sites\/3\/Arbeit-an-der-Nonnenh\u00f6he-\u00a9-Christian-Salomonb-300x180.jpg 300w, https:\/\/www.naturparkmagazin.de\/vdn\/wp-content\/uploads\/sites\/3\/Arbeit-an-der-Nonnenh\u00f6he-\u00a9-Christian-Salomonb-200x120.jpg 200w\" sizes=\"(max-width: 500px) 100vw, 500px\" \/><\/a><p id=\"caption-attachment-9847\" class=\"wp-caption-text\">Arbeit an der Nonnenh\u00f6he \u00a9 Christian Salomon<\/p><\/div>\n<p>In den kommenden Jahren ist es das Ziel, dass viele Naturparke diese Idee aufgreifen und entsprechende Erlebnis- oder Mitmachangebote durchf\u00fchren, die sich auch an die Zielgruppen sozial benachteiligter Menschen, Menschen mit Migrationshintergrund und gefl\u00fcchteter Menschen wenden.<\/p>\n<p>&nbsp;<\/p>\n<p>&nbsp;<\/p>\n","protected":false},"excerpt":{"rendered":"<p>Mit den Erlebnisangeboten des VDN-Projektes \u201eNatur erleben verbindet\u201c leisten Naturparke einen Beitrag f\u00fcr soziale Inklusion. Schirmherr ist Autor, Moderator und Wanderpapst Manuel Andrack.<\/p>\n","protected":false},"author":73,"featured_media":9922,"comment_status":"open","ping_status":"open","sticky":false,"template":"","format":"standard","meta":{"_links_to":"","_links_to_target":""},"categories":[51],"tags":[],"yoast_head":"<!-- This site is optimized with the Yoast SEO plugin v19.10 - https:\/\/yoast.com\/wordpress\/plugins\/seo\/ -->\n<title>Nat\u00fcrlich sozial \u2013 Natur erleben f\u00fcr alle<\/title>\n<meta name=\"description\" content=\"Mit den Erlebnisangeboten des VDN-Projektes \u201eNatur erleben verbindet\u201c leisten Naturparke einen Beitrag f\u00fcr soziale Inklusion. Schirmherr ist Autor, Moderator und Wanderpapst Manuel Andrack.\" \/>\n<meta name=\"robots\" content=\"index, follow, max-snippet:-1, max-image-preview:large, max-video-preview:-1\" \/>\n<link rel=\"canonical\" href=\"https:\/\/www.naturparkmagazin.de\/vdn\/natuerlich-sozial-natur-erleben-fuer-alle\/\" \/>\n<meta property=\"og:locale\" content=\"de_DE\" \/>\n<meta property=\"og:type\" content=\"article\" \/>\n<meta property=\"og:title\" content=\"Nat\u00fcrlich sozial \u2013 Natur erleben f\u00fcr alle\" \/>\n<meta property=\"og:description\" content=\"Mit den Erlebnisangeboten des VDN-Projektes \u201eNatur erleben verbindet\u201c leisten Naturparke einen Beitrag f\u00fcr soziale Inklusion. Schirmherr ist Autor, Moderator und Wanderpapst Manuel Andrack.\" \/>\n<meta property=\"og:url\" content=\"https:\/\/www.naturparkmagazin.de\/vdn\/natuerlich-sozial-natur-erleben-fuer-alle\/\" \/>\n<meta property=\"og:site_name\" content=\"Verband Deutscher Naturparke\" \/>\n<meta property=\"article:published_time\" content=\"2018-03-11T18:30:18+00:00\" \/>\n<meta property=\"article:modified_time\" content=\"2018-03-27T11:53:45+00:00\" \/>\n<meta property=\"og:image\" content=\"https:\/\/www.naturparkmagazin.de\/vdn\/wp-content\/uploads\/sites\/3\/Manuel_Andrack_07_Druck_Copyright-2008-2018-Manuel-Andrack_beitragsbild.jpg\" \/>\n\t<meta property=\"og:image:width\" content=\"200\" \/>\n\t<meta property=\"og:image:height\" content=\"200\" \/>\n\t<meta property=\"og:image:type\" content=\"image\/jpeg\" \/>\n<meta name=\"author\" content=\"manuelamerz\" \/>\n<meta name=\"twitter:label1\" content=\"Verfasst von\" \/>\n\t<meta name=\"twitter:data1\" content=\"manuelamerz\" \/>\n\t<meta name=\"twitter:label2\" content=\"Gesch\u00e4tzte Lesezeit\" \/>\n\t<meta name=\"twitter:data2\" content=\"2\u00a0Minuten\" \/>\n<script type=\"application\/ld+json\" class=\"yoast-schema-graph\">{\"@context\":\"https:\/\/schema.org\",\"@graph\":[{\"@type\":\"WebPage\",\"@id\":\"https:\/\/www.naturparkmagazin.de\/vdn\/natuerlich-sozial-natur-erleben-fuer-alle\/\",\"url\":\"https:\/\/www.naturparkmagazin.de\/vdn\/natuerlich-sozial-natur-erleben-fuer-alle\/\",\"name\":\"Nat\u00fcrlich sozial \u2013 Natur erleben f\u00fcr alle\",\"isPartOf\":{\"@id\":\"https:\/\/www.naturparkmagazin.de\/vdn\/#website\"},\"datePublished\":\"2018-03-11T18:30:18+00:00\",\"dateModified\":\"2018-03-27T11:53:45+00:00\",\"author\":{\"@id\":\"https:\/\/www.naturparkmagazin.de\/vdn\/#\/schema\/person\/3cff9b8773ed55f0189255fa9adfd57c\"},\"description\":\"Mit den Erlebnisangeboten des VDN-Projektes \u201eNatur erleben verbindet\u201c leisten Naturparke einen Beitrag f\u00fcr soziale Inklusion. Schirmherr ist Autor, Moderator und Wanderpapst Manuel Andrack.\",\"breadcrumb\":{\"@id\":\"https:\/\/www.naturparkmagazin.de\/vdn\/natuerlich-sozial-natur-erleben-fuer-alle\/#breadcrumb\"},\"inLanguage\":\"de\",\"potentialAction\":[{\"@type\":\"ReadAction\",\"target\":[\"https:\/\/www.naturparkmagazin.de\/vdn\/natuerlich-sozial-natur-erleben-fuer-alle\/\"]}]},{\"@type\":\"BreadcrumbList\",\"@id\":\"https:\/\/www.naturparkmagazin.de\/vdn\/natuerlich-sozial-natur-erleben-fuer-alle\/#breadcrumb\",\"itemListElement\":[{\"@type\":\"ListItem\",\"position\":1,\"name\":\"Home\",\"item\":\"https:\/\/www.naturparkmagazin.de\/vdn\/\"},{\"@type\":\"ListItem\",\"position\":2,\"name\":\"Nat\u00fcrlich sozial \u2013 Natur erleben f\u00fcr alle\"}]},{\"@type\":\"WebSite\",\"@id\":\"https:\/\/www.naturparkmagazin.de\/vdn\/#website\",\"url\":\"https:\/\/www.naturparkmagazin.de\/vdn\/\",\"name\":\"Verband Deutscher Naturparke\",\"description\":\"Eine weitere Naturparkmagazin.de Netzwerk Seite\",\"potentialAction\":[{\"@type\":\"SearchAction\",\"target\":{\"@type\":\"EntryPoint\",\"urlTemplate\":\"https:\/\/www.naturparkmagazin.de\/vdn\/?s={search_term_string}\"},\"query-input\":\"required name=search_term_string\"}],\"inLanguage\":\"de\"},{\"@type\":\"Person\",\"@id\":\"https:\/\/www.naturparkmagazin.de\/vdn\/#\/schema\/person\/3cff9b8773ed55f0189255fa9adfd57c\",\"name\":\"manuelamerz\",\"url\":\"https:\/\/www.naturparkmagazin.de\/vdn\/author\/manuelamerz\/\"}]}<\/script>\n<!-- \/ Yoast SEO plugin. -->","yoast_head_json":{"title":"Nat\u00fcrlich sozial \u2013 Natur erleben f\u00fcr alle","description":"Mit den Erlebnisangeboten des VDN-Projektes \u201eNatur erleben verbindet\u201c leisten Naturparke einen Beitrag f\u00fcr soziale Inklusion. Schirmherr ist Autor, Moderator und Wanderpapst Manuel Andrack.","robots":{"index":"index","follow":"follow","max-snippet":"max-snippet:-1","max-image-preview":"max-image-preview:large","max-video-preview":"max-video-preview:-1"},"canonical":"https:\/\/www.naturparkmagazin.de\/vdn\/natuerlich-sozial-natur-erleben-fuer-alle\/","og_locale":"de_DE","og_type":"article","og_title":"Nat\u00fcrlich sozial \u2013 Natur erleben f\u00fcr alle","og_description":"Mit den Erlebnisangeboten des VDN-Projektes \u201eNatur erleben verbindet\u201c leisten Naturparke einen Beitrag f\u00fcr soziale Inklusion. Schirmherr ist Autor, Moderator und Wanderpapst Manuel Andrack.","og_url":"https:\/\/www.naturparkmagazin.de\/vdn\/natuerlich-sozial-natur-erleben-fuer-alle\/","og_site_name":"Verband Deutscher Naturparke","article_published_time":"2018-03-11T18:30:18+00:00","article_modified_time":"2018-03-27T11:53:45+00:00","og_image":[{"width":200,"height":200,"url":"https:\/\/www.naturparkmagazin.de\/vdn\/wp-content\/uploads\/sites\/3\/Manuel_Andrack_07_Druck_Copyright-2008-2018-Manuel-Andrack_beitragsbild.jpg","type":"image\/jpeg"}],"author":"manuelamerz","twitter_misc":{"Verfasst von":"manuelamerz","Gesch\u00e4tzte Lesezeit":"2\u00a0Minuten"},"schema":{"@context":"https:\/\/schema.org","@graph":[{"@type":"WebPage","@id":"https:\/\/www.naturparkmagazin.de\/vdn\/natuerlich-sozial-natur-erleben-fuer-alle\/","url":"https:\/\/www.naturparkmagazin.de\/vdn\/natuerlich-sozial-natur-erleben-fuer-alle\/","name":"Nat\u00fcrlich sozial \u2013 Natur erleben f\u00fcr alle","isPartOf":{"@id":"https:\/\/www.naturparkmagazin.de\/vdn\/#website"},"datePublished":"2018-03-11T18:30:18+00:00","dateModified":"2018-03-27T11:53:45+00:00","author":{"@id":"https:\/\/www.naturparkmagazin.de\/vdn\/#\/schema\/person\/3cff9b8773ed55f0189255fa9adfd57c"},"description":"Mit den Erlebnisangeboten des VDN-Projektes \u201eNatur erleben verbindet\u201c leisten Naturparke einen Beitrag f\u00fcr soziale Inklusion. Schirmherr ist Autor, Moderator und Wanderpapst Manuel Andrack.","breadcrumb":{"@id":"https:\/\/www.naturparkmagazin.de\/vdn\/natuerlich-sozial-natur-erleben-fuer-alle\/#breadcrumb"},"inLanguage":"de","potentialAction":[{"@type":"ReadAction","target":["https:\/\/www.naturparkmagazin.de\/vdn\/natuerlich-sozial-natur-erleben-fuer-alle\/"]}]},{"@type":"BreadcrumbList","@id":"https:\/\/www.naturparkmagazin.de\/vdn\/natuerlich-sozial-natur-erleben-fuer-alle\/#breadcrumb","itemListElement":[{"@type":"ListItem","position":1,"name":"Home","item":"https:\/\/www.naturparkmagazin.de\/vdn\/"},{"@type":"ListItem","position":2,"name":"Nat\u00fcrlich sozial \u2013 Natur erleben f\u00fcr alle"}]},{"@type":"WebSite","@id":"https:\/\/www.naturparkmagazin.de\/vdn\/#website","url":"https:\/\/www.naturparkmagazin.de\/vdn\/","name":"Verband Deutscher Naturparke","description":"Eine weitere Naturparkmagazin.de Netzwerk Seite","potentialAction":[{"@type":"SearchAction","target":{"@type":"EntryPoint","urlTemplate":"https:\/\/www.naturparkmagazin.de\/vdn\/?s={search_term_string}"},"query-input":"required name=search_term_string"}],"inLanguage":"de"},{"@type":"Person","@id":"https:\/\/www.naturparkmagazin.de\/vdn\/#\/schema\/person\/3cff9b8773ed55f0189255fa9adfd57c","name":"manuelamerz","url":"https:\/\/www.naturparkmagazin.de\/vdn\/author\/manuelamerz\/"}]}},"_links":{"self":[{"href":"https:\/\/www.naturparkmagazin.de\/vdn\/wp-json\/wp\/v2\/posts\/9843"}],"collection":[{"href":"https:\/\/www.naturparkmagazin.de\/vdn\/wp-json\/wp\/v2\/posts"}],"about":[{"href":"https:\/\/www.naturparkmagazin.de\/vdn\/wp-json\/wp\/v2\/types\/post"}],"author":[{"embeddable":true,"href":"https:\/\/www.naturparkmagazin.de\/vdn\/wp-json\/wp\/v2\/users\/73"}],"replies":[{"embeddable":true,"href":"https:\/\/www.naturparkmagazin.de\/vdn\/wp-json\/wp\/v2\/comments?post=9843"}],"version-history":[{"count":7,"href":"https:\/\/www.naturparkmagazin.de\/vdn\/wp-json\/wp\/v2\/posts\/9843\/revisions"}],"predecessor-version":[{"id":9925,"href":"https:\/\/www.naturparkmagazin.de\/vdn\/wp-json\/wp\/v2\/posts\/9843\/revisions\/9925"}],"wp:featuredmedia":[{"embeddable":true,"href":"https:\/\/www.naturparkmagazin.de\/vdn\/wp-json\/wp\/v2\/media\/9922"}],"wp:attachment":[{"href":"https:\/\/www.naturparkmagazin.de\/vdn\/wp-json\/wp\/v2\/media?parent=9843"}],"wp:term":[{"taxonomy":"category","embeddable":true,"href":"https:\/\/www.naturparkmagazin.de\/vdn\/wp-json\/wp\/v2\/categories?post=9843"},{"taxonomy":"post_tag","embeddable":true,"href":"https:\/\/www.naturparkmagazin.de\/vdn\/wp-json\/wp\/v2\/tags?post=9843"}],"curies":[{"name":"wp","href":"https:\/\/api.w.org\/{rel}","templated":true}]}}