{"id":9853,"date":"2018-03-14T20:30:50","date_gmt":"2018-03-14T19:30:50","guid":{"rendered":"http:\/\/www.naturparkmagazin.de\/vdn\/?p=9853"},"modified":"2018-03-21T13:00:03","modified_gmt":"2018-03-21T12:00:03","slug":"im-zeichen-der-biene-umweltaktionstage-2018","status":"publish","type":"post","link":"https:\/\/www.naturparkmagazin.de\/vdn\/im-zeichen-der-biene-umweltaktionstage-2018\/","title":{"rendered":"\u201eIm Zeichen der Biene\u201c \u2013 Umweltaktionstage 2018"},"content":{"rendered":"<p>&nbsp;<\/p>\n<div id=\"attachment_9906\" style=\"width: 510px\" class=\"wp-caption aligncenter\"><a href=\"https:\/\/www.naturparkmagazin.de\/vdn\/wp-content\/uploads\/sites\/3\/IMG_2363_beitrag.jpg\"><img aria-describedby=\"caption-attachment-9906\" decoding=\"async\" loading=\"lazy\" class=\"size-full wp-image-9906\" src=\"https:\/\/www.naturparkmagazin.de\/vdn\/wp-content\/uploads\/sites\/3\/IMG_2363_beitrag.jpg\" alt=\"Copyright: Naturpark Saar-Hunsr\u00fcck\/V. Sch\u00e4fer\" width=\"500\" height=\"300\" srcset=\"https:\/\/www.naturparkmagazin.de\/vdn\/wp-content\/uploads\/sites\/3\/IMG_2363_beitrag.jpg 500w, https:\/\/www.naturparkmagazin.de\/vdn\/wp-content\/uploads\/sites\/3\/IMG_2363_beitrag-300x180.jpg 300w, https:\/\/www.naturparkmagazin.de\/vdn\/wp-content\/uploads\/sites\/3\/IMG_2363_beitrag-200x120.jpg 200w\" sizes=\"(max-width: 500px) 100vw, 500px\" \/><\/a><p id=\"caption-attachment-9906\" class=\"wp-caption-text\">Copyright: Naturpark Saar-Hunsr\u00fcck\/V. Sch\u00e4fer<\/p><\/div>\n<p>Das Thema Bienen ist f\u00fcr viele interessant. Gleichzeitig wissen nur wenige Menschen, was genau in einem Bienenstaat vor sich geht oder welche besonders wichtigen Aufgaben Bienen in einem funktionierenden \u00d6kosystem haben. Mit den \u201eUmweltaktionstagen\u201c hat das Unternehmen Kaufland 2018 ein neues Umweltp\u00e4dagogik-Programm gestartet, das Kindern und Jugendlichen in diesem Jahr alles rund um das Thema \u201eBienen\u201c auf spielerische Weise nahebringen m\u00f6chte.<\/p>\n<p>Der Start der \u201eUmweltaktionstage 2018\u201c fand am 19. M\u00e4rz im Naturpark Saar-Hunsr\u00fcck statt. In der Naturpark-Kita St. Albanus in Schillingen konnten rund 54 Kinder im Alter von drei bis sechs Jahren die spannende Welt der Bienen entdecken und erfahren. So startete der Tag f\u00fcr die Heimatdetektive mit einer leckeren Honigverkostung und fesselnden Informationen rund um den Weg des Honigs von der Bl\u00fcte bis ins Honigglas. Im Laufe des Tages konnten auch schon die Kleinsten aktiv werden und ihrer Kreativit\u00e4t bei der Herstellung von eigenen Kerzen aus Bienenwachs bis hin zum Bau einer Wildbienen-Nisthilfe freien Lauf lassen.<\/p>\n<p>Die \u201eUmweltaktionstage\u201c finden j\u00e4hrlich zu einem neuen Thema statt, bei dem Kinder und Jugendliche in Schulen und Kinderg\u00e4rten Interessantes \u00fcber die heimischen Tiere und Pflanzen h\u00f6ren und erfahren, wie jeder einen Beitrag zum Schutz von Natur und Umwelt leisten kann. Die \u201eUmweltaktionstage\u201c finden im Rahmen der Initiative \u201eWir f\u00fcr die Heimat\u201c von April bis Oktober an \u00fcber 80 Standorten statt und sind Teil des breit angelegten Umweltengagements von Kaufland. Mit der Initiative \u201eWir f\u00fcr die Heimat\u201c b\u00fcndeln das Unternehmen Kaufland und der Verband Deutscher Naturparke e.V. (VDN) ihr gemeinsames Engagement f\u00fcr die Naturparke in Deutschland.<\/p>\n<p><a href=\"https:\/\/www.naturparke.de\/fileadmin\/files\/public\/Service\/Pressemitteilungen_pdf\/PM_03-2018-01_Saisonauftakt_Umweltaktionstage_2018_Entwurf_neu.pdf\" target=\"_blank\">&gt;&gt; Hier k\u00f6nnen Sie die Pressemitteilung anschauen<\/a><\/p>\n<p>&nbsp;<\/p>\n<p>&nbsp;<\/p>\n","protected":false},"excerpt":{"rendered":"<p>Am 19. M\u00e4rz wurde in einer Naturpark-Kita im Naturpark Saar-Hunsr\u00fcck der Startschuss f\u00fcr die \u201eUmweltaktionstage\u201c gegeben, bei denen sich in diesem Jahr alles rund um das Thema \u201eBienen\u201c drehen wird. <\/p>\n","protected":false},"author":73,"featured_media":9905,"comment_status":"open","ping_status":"open","sticky":false,"template":"","format":"standard","meta":{"_links_to":"","_links_to_target":""},"categories":[7],"tags":[],"yoast_head":"<!-- This site is optimized with the Yoast SEO plugin v19.10 - https:\/\/yoast.com\/wordpress\/plugins\/seo\/ -->\n<title>\u201eIm Zeichen der Biene\u201c \u2013 Umweltaktionstage 2018<\/title>\n<meta name=\"description\" content=\"Am 19. M\u00e4rz wurde in einer Naturpark-Kita im Naturpark Saar-Hunsr\u00fcck der Startschuss f\u00fcr die \u201eUmweltaktionstage\u201c gegeben, bei denen sich in diesem Jahr alles rund um das Thema \u201eBienen\u201c drehen wird.\" \/>\n<meta name=\"robots\" content=\"index, follow, max-snippet:-1, max-image-preview:large, max-video-preview:-1\" \/>\n<link rel=\"canonical\" href=\"https:\/\/www.naturparkmagazin.de\/vdn\/im-zeichen-der-biene-umweltaktionstage-2018\/\" \/>\n<meta property=\"og:locale\" content=\"de_DE\" \/>\n<meta property=\"og:type\" content=\"article\" \/>\n<meta property=\"og:title\" content=\"\u201eIm Zeichen der Biene\u201c \u2013 Umweltaktionstage 2018\" \/>\n<meta property=\"og:description\" content=\"Am 19. M\u00e4rz wurde in einer Naturpark-Kita im Naturpark Saar-Hunsr\u00fcck der Startschuss f\u00fcr die \u201eUmweltaktionstage\u201c gegeben, bei denen sich in diesem Jahr alles rund um das Thema \u201eBienen\u201c drehen wird.\" \/>\n<meta property=\"og:url\" content=\"https:\/\/www.naturparkmagazin.de\/vdn\/im-zeichen-der-biene-umweltaktionstage-2018\/\" \/>\n<meta property=\"og:site_name\" content=\"Verband Deutscher Naturparke\" \/>\n<meta property=\"article:published_time\" content=\"2018-03-14T19:30:50+00:00\" \/>\n<meta property=\"article:modified_time\" content=\"2018-03-21T12:00:03+00:00\" \/>\n<meta property=\"og:image\" content=\"https:\/\/www.naturparkmagazin.de\/vdn\/wp-content\/uploads\/sites\/3\/IMG_2363_beitragsbild.jpg\" \/>\n\t<meta property=\"og:image:width\" content=\"200\" \/>\n\t<meta property=\"og:image:height\" content=\"200\" \/>\n\t<meta property=\"og:image:type\" content=\"image\/jpeg\" \/>\n<meta name=\"author\" content=\"manuelamerz\" \/>\n<meta name=\"twitter:label1\" content=\"Verfasst von\" \/>\n\t<meta name=\"twitter:data1\" content=\"manuelamerz\" \/>\n\t<meta name=\"twitter:label2\" content=\"Gesch\u00e4tzte Lesezeit\" \/>\n\t<meta name=\"twitter:data2\" content=\"1\u00a0Minute\" \/>\n<script type=\"application\/ld+json\" class=\"yoast-schema-graph\">{\"@context\":\"https:\/\/schema.org\",\"@graph\":[{\"@type\":\"WebPage\",\"@id\":\"https:\/\/www.naturparkmagazin.de\/vdn\/im-zeichen-der-biene-umweltaktionstage-2018\/\",\"url\":\"https:\/\/www.naturparkmagazin.de\/vdn\/im-zeichen-der-biene-umweltaktionstage-2018\/\",\"name\":\"\u201eIm Zeichen der Biene\u201c \u2013 Umweltaktionstage 2018\",\"isPartOf\":{\"@id\":\"https:\/\/www.naturparkmagazin.de\/vdn\/#website\"},\"datePublished\":\"2018-03-14T19:30:50+00:00\",\"dateModified\":\"2018-03-21T12:00:03+00:00\",\"author\":{\"@id\":\"https:\/\/www.naturparkmagazin.de\/vdn\/#\/schema\/person\/3cff9b8773ed55f0189255fa9adfd57c\"},\"description\":\"Am 19. M\u00e4rz wurde in einer Naturpark-Kita im Naturpark Saar-Hunsr\u00fcck der Startschuss f\u00fcr die \u201eUmweltaktionstage\u201c gegeben, bei denen sich in diesem Jahr alles rund um das Thema \u201eBienen\u201c drehen wird.\",\"breadcrumb\":{\"@id\":\"https:\/\/www.naturparkmagazin.de\/vdn\/im-zeichen-der-biene-umweltaktionstage-2018\/#breadcrumb\"},\"inLanguage\":\"de\",\"potentialAction\":[{\"@type\":\"ReadAction\",\"target\":[\"https:\/\/www.naturparkmagazin.de\/vdn\/im-zeichen-der-biene-umweltaktionstage-2018\/\"]}]},{\"@type\":\"BreadcrumbList\",\"@id\":\"https:\/\/www.naturparkmagazin.de\/vdn\/im-zeichen-der-biene-umweltaktionstage-2018\/#breadcrumb\",\"itemListElement\":[{\"@type\":\"ListItem\",\"position\":1,\"name\":\"Home\",\"item\":\"https:\/\/www.naturparkmagazin.de\/vdn\/\"},{\"@type\":\"ListItem\",\"position\":2,\"name\":\"\u201eIm Zeichen der Biene\u201c \u2013 Umweltaktionstage 2018\"}]},{\"@type\":\"WebSite\",\"@id\":\"https:\/\/www.naturparkmagazin.de\/vdn\/#website\",\"url\":\"https:\/\/www.naturparkmagazin.de\/vdn\/\",\"name\":\"Verband Deutscher Naturparke\",\"description\":\"Eine weitere Naturparkmagazin.de Netzwerk Seite\",\"potentialAction\":[{\"@type\":\"SearchAction\",\"target\":{\"@type\":\"EntryPoint\",\"urlTemplate\":\"https:\/\/www.naturparkmagazin.de\/vdn\/?s={search_term_string}\"},\"query-input\":\"required name=search_term_string\"}],\"inLanguage\":\"de\"},{\"@type\":\"Person\",\"@id\":\"https:\/\/www.naturparkmagazin.de\/vdn\/#\/schema\/person\/3cff9b8773ed55f0189255fa9adfd57c\",\"name\":\"manuelamerz\",\"url\":\"https:\/\/www.naturparkmagazin.de\/vdn\/author\/manuelamerz\/\"}]}<\/script>\n<!-- \/ Yoast SEO plugin. -->","yoast_head_json":{"title":"\u201eIm Zeichen der Biene\u201c \u2013 Umweltaktionstage 2018","description":"Am 19. M\u00e4rz wurde in einer Naturpark-Kita im Naturpark Saar-Hunsr\u00fcck der Startschuss f\u00fcr die \u201eUmweltaktionstage\u201c gegeben, bei denen sich in diesem Jahr alles rund um das Thema \u201eBienen\u201c drehen wird.","robots":{"index":"index","follow":"follow","max-snippet":"max-snippet:-1","max-image-preview":"max-image-preview:large","max-video-preview":"max-video-preview:-1"},"canonical":"https:\/\/www.naturparkmagazin.de\/vdn\/im-zeichen-der-biene-umweltaktionstage-2018\/","og_locale":"de_DE","og_type":"article","og_title":"\u201eIm Zeichen der Biene\u201c \u2013 Umweltaktionstage 2018","og_description":"Am 19. M\u00e4rz wurde in einer Naturpark-Kita im Naturpark Saar-Hunsr\u00fcck der Startschuss f\u00fcr die \u201eUmweltaktionstage\u201c gegeben, bei denen sich in diesem Jahr alles rund um das Thema \u201eBienen\u201c drehen wird.","og_url":"https:\/\/www.naturparkmagazin.de\/vdn\/im-zeichen-der-biene-umweltaktionstage-2018\/","og_site_name":"Verband Deutscher Naturparke","article_published_time":"2018-03-14T19:30:50+00:00","article_modified_time":"2018-03-21T12:00:03+00:00","og_image":[{"width":200,"height":200,"url":"https:\/\/www.naturparkmagazin.de\/vdn\/wp-content\/uploads\/sites\/3\/IMG_2363_beitragsbild.jpg","type":"image\/jpeg"}],"author":"manuelamerz","twitter_misc":{"Verfasst von":"manuelamerz","Gesch\u00e4tzte Lesezeit":"1\u00a0Minute"},"schema":{"@context":"https:\/\/schema.org","@graph":[{"@type":"WebPage","@id":"https:\/\/www.naturparkmagazin.de\/vdn\/im-zeichen-der-biene-umweltaktionstage-2018\/","url":"https:\/\/www.naturparkmagazin.de\/vdn\/im-zeichen-der-biene-umweltaktionstage-2018\/","name":"\u201eIm Zeichen der Biene\u201c \u2013 Umweltaktionstage 2018","isPartOf":{"@id":"https:\/\/www.naturparkmagazin.de\/vdn\/#website"},"datePublished":"2018-03-14T19:30:50+00:00","dateModified":"2018-03-21T12:00:03+00:00","author":{"@id":"https:\/\/www.naturparkmagazin.de\/vdn\/#\/schema\/person\/3cff9b8773ed55f0189255fa9adfd57c"},"description":"Am 19. M\u00e4rz wurde in einer Naturpark-Kita im Naturpark Saar-Hunsr\u00fcck der Startschuss f\u00fcr die \u201eUmweltaktionstage\u201c gegeben, bei denen sich in diesem Jahr alles rund um das Thema \u201eBienen\u201c drehen wird.","breadcrumb":{"@id":"https:\/\/www.naturparkmagazin.de\/vdn\/im-zeichen-der-biene-umweltaktionstage-2018\/#breadcrumb"},"inLanguage":"de","potentialAction":[{"@type":"ReadAction","target":["https:\/\/www.naturparkmagazin.de\/vdn\/im-zeichen-der-biene-umweltaktionstage-2018\/"]}]},{"@type":"BreadcrumbList","@id":"https:\/\/www.naturparkmagazin.de\/vdn\/im-zeichen-der-biene-umweltaktionstage-2018\/#breadcrumb","itemListElement":[{"@type":"ListItem","position":1,"name":"Home","item":"https:\/\/www.naturparkmagazin.de\/vdn\/"},{"@type":"ListItem","position":2,"name":"\u201eIm Zeichen der Biene\u201c \u2013 Umweltaktionstage 2018"}]},{"@type":"WebSite","@id":"https:\/\/www.naturparkmagazin.de\/vdn\/#website","url":"https:\/\/www.naturparkmagazin.de\/vdn\/","name":"Verband Deutscher Naturparke","description":"Eine weitere Naturparkmagazin.de Netzwerk Seite","potentialAction":[{"@type":"SearchAction","target":{"@type":"EntryPoint","urlTemplate":"https:\/\/www.naturparkmagazin.de\/vdn\/?s={search_term_string}"},"query-input":"required name=search_term_string"}],"inLanguage":"de"},{"@type":"Person","@id":"https:\/\/www.naturparkmagazin.de\/vdn\/#\/schema\/person\/3cff9b8773ed55f0189255fa9adfd57c","name":"manuelamerz","url":"https:\/\/www.naturparkmagazin.de\/vdn\/author\/manuelamerz\/"}]}},"_links":{"self":[{"href":"https:\/\/www.naturparkmagazin.de\/vdn\/wp-json\/wp\/v2\/posts\/9853"}],"collection":[{"href":"https:\/\/www.naturparkmagazin.de\/vdn\/wp-json\/wp\/v2\/posts"}],"about":[{"href":"https:\/\/www.naturparkmagazin.de\/vdn\/wp-json\/wp\/v2\/types\/post"}],"author":[{"embeddable":true,"href":"https:\/\/www.naturparkmagazin.de\/vdn\/wp-json\/wp\/v2\/users\/73"}],"replies":[{"embeddable":true,"href":"https:\/\/www.naturparkmagazin.de\/vdn\/wp-json\/wp\/v2\/comments?post=9853"}],"version-history":[{"count":4,"href":"https:\/\/www.naturparkmagazin.de\/vdn\/wp-json\/wp\/v2\/posts\/9853\/revisions"}],"predecessor-version":[{"id":9907,"href":"https:\/\/www.naturparkmagazin.de\/vdn\/wp-json\/wp\/v2\/posts\/9853\/revisions\/9907"}],"wp:featuredmedia":[{"embeddable":true,"href":"https:\/\/www.naturparkmagazin.de\/vdn\/wp-json\/wp\/v2\/media\/9905"}],"wp:attachment":[{"href":"https:\/\/www.naturparkmagazin.de\/vdn\/wp-json\/wp\/v2\/media?parent=9853"}],"wp:term":[{"taxonomy":"category","embeddable":true,"href":"https:\/\/www.naturparkmagazin.de\/vdn\/wp-json\/wp\/v2\/categories?post=9853"},{"taxonomy":"post_tag","embeddable":true,"href":"https:\/\/www.naturparkmagazin.de\/vdn\/wp-json\/wp\/v2\/tags?post=9853"}],"curies":[{"name":"wp","href":"https:\/\/api.w.org\/{rel}","templated":true}]}}