{"id":9858,"date":"2018-03-14T19:24:47","date_gmt":"2018-03-14T18:24:47","guid":{"rendered":"http:\/\/www.naturparkmagazin.de\/vdn\/?p=9858"},"modified":"2018-03-19T14:38:12","modified_gmt":"2018-03-19T13:38:12","slug":"zukunftswerkstaetten-naturparkentwicklung-bis-2030","status":"publish","type":"post","link":"https:\/\/www.naturparkmagazin.de\/vdn\/zukunftswerkstaetten-naturparkentwicklung-bis-2030\/","title":{"rendered":"\u201eZukunftswerkst\u00e4tten\u201c \u2013 Naturparkentwicklung bis 2030"},"content":{"rendered":"<div id=\"attachment_9860\" style=\"width: 510px\" class=\"wp-caption alignnone\"><a href=\"https:\/\/www.naturparkmagazin.de\/vdn\/wp-content\/uploads\/sites\/3\/DSC_0125b.jpg\"><img aria-describedby=\"caption-attachment-9860\" decoding=\"async\" loading=\"lazy\" class=\"size-full wp-image-9860\" src=\"https:\/\/www.naturparkmagazin.de\/vdn\/wp-content\/uploads\/sites\/3\/DSC_0125b.jpg\" alt=\"\u00a9 VDN\" width=\"500\" height=\"300\" srcset=\"https:\/\/www.naturparkmagazin.de\/vdn\/wp-content\/uploads\/sites\/3\/DSC_0125b.jpg 500w, https:\/\/www.naturparkmagazin.de\/vdn\/wp-content\/uploads\/sites\/3\/DSC_0125b-300x180.jpg 300w, https:\/\/www.naturparkmagazin.de\/vdn\/wp-content\/uploads\/sites\/3\/DSC_0125b-200x120.jpg 200w\" sizes=\"(max-width: 500px) 100vw, 500px\" \/><\/a><p id=\"caption-attachment-9860\" class=\"wp-caption-text\">\u00a9 VDN<\/p><\/div>\n<p>Auf den Zukunftswerkst\u00e4tten in Berlin und Frankfurt diskutierte der VDN gemeinsam mit den Naturparken zentrale Fragen f\u00fcr die k\u00fcnftige Ausrichtung der Naturparkarbeit und die Naturparkentwicklung bis zum Jahr 2030.<\/p>\n<p>Das zentrale Dokument \u201eAufgaben und Ziele\u201c, das die Strategie der Naturparkentwicklung f\u00fcr jeweils zehn Jahre festh\u00e4lt, wird im September 2018 fortgeschrieben. Die Zukunftswerkst\u00e4tten boten den Teilnehmern aus ca. 40 Naturparken die M\u00f6glichkeit, sich \u00fcber die zuk\u00fcnftige Entwicklung auszutauschen und ihre Positionen in das neue Strategiepapier einzubringen.<\/p>\n<p>&nbsp;<\/p>\n","protected":false},"excerpt":{"rendered":"<p>Im Februar 2018 trafen sich Naturparke aus ganz Deutschland, um auf den \u201eZukunftswerkst\u00e4tten\u201c \u00fcber die Zukunftsperspektiven der Naturparke in Deutschland zu diskutieren.<\/p>\n","protected":false},"author":73,"featured_media":9859,"comment_status":"open","ping_status":"open","sticky":false,"template":"","format":"standard","meta":{"_links_to":"","_links_to_target":""},"categories":[7],"tags":[],"yoast_head":"<!-- This site is optimized with the Yoast SEO plugin v19.10 - https:\/\/yoast.com\/wordpress\/plugins\/seo\/ -->\n<title>\u201eZukunftswerkst\u00e4tten\u201c \u2013 Naturparkentwicklung bis 2030<\/title>\n<meta name=\"description\" content=\"Im Februar 2018 trafen sich Naturparke aus ganz Deutschland, um auf den \u201eZukunftswerkst\u00e4tten\u201c \u00fcber die Zukunftsperspektiven der Naturparke in Deutschland zu diskutieren.\" \/>\n<meta name=\"robots\" content=\"index, follow, max-snippet:-1, max-image-preview:large, max-video-preview:-1\" \/>\n<link rel=\"canonical\" href=\"https:\/\/www.naturparkmagazin.de\/vdn\/zukunftswerkstaetten-naturparkentwicklung-bis-2030\/\" \/>\n<meta property=\"og:locale\" content=\"de_DE\" \/>\n<meta property=\"og:type\" content=\"article\" \/>\n<meta property=\"og:title\" content=\"\u201eZukunftswerkst\u00e4tten\u201c \u2013 Naturparkentwicklung bis 2030\" \/>\n<meta property=\"og:description\" content=\"Im Februar 2018 trafen sich Naturparke aus ganz Deutschland, um auf den \u201eZukunftswerkst\u00e4tten\u201c \u00fcber die Zukunftsperspektiven der Naturparke in Deutschland zu diskutieren.\" \/>\n<meta property=\"og:url\" content=\"https:\/\/www.naturparkmagazin.de\/vdn\/zukunftswerkstaetten-naturparkentwicklung-bis-2030\/\" \/>\n<meta property=\"og:site_name\" content=\"Verband Deutscher Naturparke\" \/>\n<meta property=\"article:published_time\" content=\"2018-03-14T18:24:47+00:00\" \/>\n<meta property=\"article:modified_time\" content=\"2018-03-19T13:38:12+00:00\" \/>\n<meta property=\"og:image\" content=\"https:\/\/www.naturparkmagazin.de\/vdn\/wp-content\/uploads\/sites\/3\/180223_VDN_Frankfurt_2030-k20bf.jpg\" \/>\n\t<meta property=\"og:image:width\" content=\"200\" \/>\n\t<meta property=\"og:image:height\" content=\"200\" \/>\n\t<meta property=\"og:image:type\" content=\"image\/jpeg\" \/>\n<meta name=\"author\" content=\"manuelamerz\" \/>\n<meta name=\"twitter:label1\" content=\"Verfasst von\" \/>\n\t<meta name=\"twitter:data1\" content=\"manuelamerz\" \/>\n<script type=\"application\/ld+json\" class=\"yoast-schema-graph\">{\"@context\":\"https:\/\/schema.org\",\"@graph\":[{\"@type\":\"WebPage\",\"@id\":\"https:\/\/www.naturparkmagazin.de\/vdn\/zukunftswerkstaetten-naturparkentwicklung-bis-2030\/\",\"url\":\"https:\/\/www.naturparkmagazin.de\/vdn\/zukunftswerkstaetten-naturparkentwicklung-bis-2030\/\",\"name\":\"\u201eZukunftswerkst\u00e4tten\u201c \u2013 Naturparkentwicklung bis 2030\",\"isPartOf\":{\"@id\":\"https:\/\/www.naturparkmagazin.de\/vdn\/#website\"},\"datePublished\":\"2018-03-14T18:24:47+00:00\",\"dateModified\":\"2018-03-19T13:38:12+00:00\",\"author\":{\"@id\":\"https:\/\/www.naturparkmagazin.de\/vdn\/#\/schema\/person\/3cff9b8773ed55f0189255fa9adfd57c\"},\"description\":\"Im Februar 2018 trafen sich Naturparke aus ganz Deutschland, um auf den \u201eZukunftswerkst\u00e4tten\u201c \u00fcber die Zukunftsperspektiven der Naturparke in Deutschland zu diskutieren.\",\"breadcrumb\":{\"@id\":\"https:\/\/www.naturparkmagazin.de\/vdn\/zukunftswerkstaetten-naturparkentwicklung-bis-2030\/#breadcrumb\"},\"inLanguage\":\"de\",\"potentialAction\":[{\"@type\":\"ReadAction\",\"target\":[\"https:\/\/www.naturparkmagazin.de\/vdn\/zukunftswerkstaetten-naturparkentwicklung-bis-2030\/\"]}]},{\"@type\":\"BreadcrumbList\",\"@id\":\"https:\/\/www.naturparkmagazin.de\/vdn\/zukunftswerkstaetten-naturparkentwicklung-bis-2030\/#breadcrumb\",\"itemListElement\":[{\"@type\":\"ListItem\",\"position\":1,\"name\":\"Home\",\"item\":\"https:\/\/www.naturparkmagazin.de\/vdn\/\"},{\"@type\":\"ListItem\",\"position\":2,\"name\":\"\u201eZukunftswerkst\u00e4tten\u201c \u2013 Naturparkentwicklung bis 2030\"}]},{\"@type\":\"WebSite\",\"@id\":\"https:\/\/www.naturparkmagazin.de\/vdn\/#website\",\"url\":\"https:\/\/www.naturparkmagazin.de\/vdn\/\",\"name\":\"Verband Deutscher Naturparke\",\"description\":\"Eine weitere Naturparkmagazin.de Netzwerk Seite\",\"potentialAction\":[{\"@type\":\"SearchAction\",\"target\":{\"@type\":\"EntryPoint\",\"urlTemplate\":\"https:\/\/www.naturparkmagazin.de\/vdn\/?s={search_term_string}\"},\"query-input\":\"required name=search_term_string\"}],\"inLanguage\":\"de\"},{\"@type\":\"Person\",\"@id\":\"https:\/\/www.naturparkmagazin.de\/vdn\/#\/schema\/person\/3cff9b8773ed55f0189255fa9adfd57c\",\"name\":\"manuelamerz\",\"url\":\"https:\/\/www.naturparkmagazin.de\/vdn\/author\/manuelamerz\/\"}]}<\/script>\n<!-- \/ Yoast SEO plugin. -->","yoast_head_json":{"title":"\u201eZukunftswerkst\u00e4tten\u201c \u2013 Naturparkentwicklung bis 2030","description":"Im Februar 2018 trafen sich Naturparke aus ganz Deutschland, um auf den \u201eZukunftswerkst\u00e4tten\u201c \u00fcber die Zukunftsperspektiven der Naturparke in Deutschland zu diskutieren.","robots":{"index":"index","follow":"follow","max-snippet":"max-snippet:-1","max-image-preview":"max-image-preview:large","max-video-preview":"max-video-preview:-1"},"canonical":"https:\/\/www.naturparkmagazin.de\/vdn\/zukunftswerkstaetten-naturparkentwicklung-bis-2030\/","og_locale":"de_DE","og_type":"article","og_title":"\u201eZukunftswerkst\u00e4tten\u201c \u2013 Naturparkentwicklung bis 2030","og_description":"Im Februar 2018 trafen sich Naturparke aus ganz Deutschland, um auf den \u201eZukunftswerkst\u00e4tten\u201c \u00fcber die Zukunftsperspektiven der Naturparke in Deutschland zu diskutieren.","og_url":"https:\/\/www.naturparkmagazin.de\/vdn\/zukunftswerkstaetten-naturparkentwicklung-bis-2030\/","og_site_name":"Verband Deutscher Naturparke","article_published_time":"2018-03-14T18:24:47+00:00","article_modified_time":"2018-03-19T13:38:12+00:00","og_image":[{"width":200,"height":200,"url":"https:\/\/www.naturparkmagazin.de\/vdn\/wp-content\/uploads\/sites\/3\/180223_VDN_Frankfurt_2030-k20bf.jpg","type":"image\/jpeg"}],"author":"manuelamerz","twitter_misc":{"Verfasst von":"manuelamerz"},"schema":{"@context":"https:\/\/schema.org","@graph":[{"@type":"WebPage","@id":"https:\/\/www.naturparkmagazin.de\/vdn\/zukunftswerkstaetten-naturparkentwicklung-bis-2030\/","url":"https:\/\/www.naturparkmagazin.de\/vdn\/zukunftswerkstaetten-naturparkentwicklung-bis-2030\/","name":"\u201eZukunftswerkst\u00e4tten\u201c \u2013 Naturparkentwicklung bis 2030","isPartOf":{"@id":"https:\/\/www.naturparkmagazin.de\/vdn\/#website"},"datePublished":"2018-03-14T18:24:47+00:00","dateModified":"2018-03-19T13:38:12+00:00","author":{"@id":"https:\/\/www.naturparkmagazin.de\/vdn\/#\/schema\/person\/3cff9b8773ed55f0189255fa9adfd57c"},"description":"Im Februar 2018 trafen sich Naturparke aus ganz Deutschland, um auf den \u201eZukunftswerkst\u00e4tten\u201c \u00fcber die Zukunftsperspektiven der Naturparke in Deutschland zu diskutieren.","breadcrumb":{"@id":"https:\/\/www.naturparkmagazin.de\/vdn\/zukunftswerkstaetten-naturparkentwicklung-bis-2030\/#breadcrumb"},"inLanguage":"de","potentialAction":[{"@type":"ReadAction","target":["https:\/\/www.naturparkmagazin.de\/vdn\/zukunftswerkstaetten-naturparkentwicklung-bis-2030\/"]}]},{"@type":"BreadcrumbList","@id":"https:\/\/www.naturparkmagazin.de\/vdn\/zukunftswerkstaetten-naturparkentwicklung-bis-2030\/#breadcrumb","itemListElement":[{"@type":"ListItem","position":1,"name":"Home","item":"https:\/\/www.naturparkmagazin.de\/vdn\/"},{"@type":"ListItem","position":2,"name":"\u201eZukunftswerkst\u00e4tten\u201c \u2013 Naturparkentwicklung bis 2030"}]},{"@type":"WebSite","@id":"https:\/\/www.naturparkmagazin.de\/vdn\/#website","url":"https:\/\/www.naturparkmagazin.de\/vdn\/","name":"Verband Deutscher Naturparke","description":"Eine weitere Naturparkmagazin.de Netzwerk Seite","potentialAction":[{"@type":"SearchAction","target":{"@type":"EntryPoint","urlTemplate":"https:\/\/www.naturparkmagazin.de\/vdn\/?s={search_term_string}"},"query-input":"required name=search_term_string"}],"inLanguage":"de"},{"@type":"Person","@id":"https:\/\/www.naturparkmagazin.de\/vdn\/#\/schema\/person\/3cff9b8773ed55f0189255fa9adfd57c","name":"manuelamerz","url":"https:\/\/www.naturparkmagazin.de\/vdn\/author\/manuelamerz\/"}]}},"_links":{"self":[{"href":"https:\/\/www.naturparkmagazin.de\/vdn\/wp-json\/wp\/v2\/posts\/9858"}],"collection":[{"href":"https:\/\/www.naturparkmagazin.de\/vdn\/wp-json\/wp\/v2\/posts"}],"about":[{"href":"https:\/\/www.naturparkmagazin.de\/vdn\/wp-json\/wp\/v2\/types\/post"}],"author":[{"embeddable":true,"href":"https:\/\/www.naturparkmagazin.de\/vdn\/wp-json\/wp\/v2\/users\/73"}],"replies":[{"embeddable":true,"href":"https:\/\/www.naturparkmagazin.de\/vdn\/wp-json\/wp\/v2\/comments?post=9858"}],"version-history":[{"count":3,"href":"https:\/\/www.naturparkmagazin.de\/vdn\/wp-json\/wp\/v2\/posts\/9858\/revisions"}],"predecessor-version":[{"id":9880,"href":"https:\/\/www.naturparkmagazin.de\/vdn\/wp-json\/wp\/v2\/posts\/9858\/revisions\/9880"}],"wp:featuredmedia":[{"embeddable":true,"href":"https:\/\/www.naturparkmagazin.de\/vdn\/wp-json\/wp\/v2\/media\/9859"}],"wp:attachment":[{"href":"https:\/\/www.naturparkmagazin.de\/vdn\/wp-json\/wp\/v2\/media?parent=9858"}],"wp:term":[{"taxonomy":"category","embeddable":true,"href":"https:\/\/www.naturparkmagazin.de\/vdn\/wp-json\/wp\/v2\/categories?post=9858"},{"taxonomy":"post_tag","embeddable":true,"href":"https:\/\/www.naturparkmagazin.de\/vdn\/wp-json\/wp\/v2\/tags?post=9858"}],"curies":[{"name":"wp","href":"https:\/\/api.w.org\/{rel}","templated":true}]}}