{"id":9867,"date":"2018-03-11T19:30:38","date_gmt":"2018-03-11T18:30:38","guid":{"rendered":"http:\/\/www.naturparkmagazin.de\/vdn\/?p=9867"},"modified":"2018-03-14T15:08:26","modified_gmt":"2018-03-14T14:08:26","slug":"prof-dr-joachim-felix-leonhard-staatssekretaer-a-d","status":"publish","type":"post","link":"https:\/\/www.naturparkmagazin.de\/vdn\/prof-dr-joachim-felix-leonhard-staatssekretaer-a-d\/","title":{"rendered":"Prof. Dr. Joachim-Felix Leonhard Staatssekret\u00e4r a.D."},"content":{"rendered":"<div id=\"attachment_9870\" style=\"width: 510px\" class=\"wp-caption alignnone\"><a href=\"https:\/\/www.naturparkmagazin.de\/vdn\/wp-content\/uploads\/sites\/3\/marburgelisabethIMG_2333bf1.jpg\"><img aria-describedby=\"caption-attachment-9870\" decoding=\"async\" loading=\"lazy\" class=\"size-full wp-image-9870\" src=\"https:\/\/www.naturparkmagazin.de\/vdn\/wp-content\/uploads\/sites\/3\/marburgelisabethIMG_2333bf1.jpg\" alt=\"\u00a9 Prof. Dr. Joachim-Felix Leonhard\" width=\"500\" height=\"300\" srcset=\"https:\/\/www.naturparkmagazin.de\/vdn\/wp-content\/uploads\/sites\/3\/marburgelisabethIMG_2333bf1.jpg 500w, https:\/\/www.naturparkmagazin.de\/vdn\/wp-content\/uploads\/sites\/3\/marburgelisabethIMG_2333bf1-300x180.jpg 300w, https:\/\/www.naturparkmagazin.de\/vdn\/wp-content\/uploads\/sites\/3\/marburgelisabethIMG_2333bf1-200x120.jpg 200w\" sizes=\"(max-width: 500px) 100vw, 500px\" \/><\/a><p id=\"caption-attachment-9870\" class=\"wp-caption-text\">\u00a9 Prof. Dr. Joachim-Felix Leonhard<\/p><\/div>\n<p>\u201eIm eher rauen und d\u00fcnn besiedelten UNESCO-Geo-Naturpark Vulkaneifel bin ich geboren und habe einen Teil meiner Kindheit dort verbracht und lebe, wohne und arbeite nun schon lange im UNESCO-Geo-Naturpark Bergstra\u00dfe-Odenwald und damit in einer von den sanften H\u00fcgelketten des Odenwaldes und der flachen Rheinebene gekennzeichneten Umgebung. In einer Gegend, die durch die kaum sichtbare und doch merkliche Linie der Bergstra\u00dfe verbunden und von den beiden anderen Nord-S\u00fcd-Linien des Mains und des Rheins im Osten und Westen eingerahmt wird: eine Landschaft, die sich zwischen den beiden Metropolregionen Rhein-Main und Rhein-Neckar ausbreitet, in denen viele Menschen wohnen und arbeiten und in der sich Natur und Kultur zu besonderer Faszination verbinden. Das Klima ist mild und l\u00e4sst fr\u00fch im Jahr die Bl\u00fcten entfalten und an den H\u00e4ngen der Bergstra\u00dfe einen guten Wein gedeihen. Ein Naturpark, in dem sich Menschen gerne aufhalten und leben.\u201c<\/p>\n<p><strong>\nMein Lieblingsort im Naturpark: Kloster Lorsch<\/strong><\/p>\n<p>\u201eEs gibt viele, aber miteinander nicht vergleichbare sch\u00f6ne Pl\u00e4tze in dieser von H\u00fcgeln und Bergen, H\u00e4ngen und Ebene und zwischen Main, Neckar und Rhein gelegenen Landschaft, von wo aus man in die Natur hineinsehen und \u2013h\u00f6ren kann, aber ein Platz ist mir der liebste: weil von hier die gesamte Bergkette der Bergstra\u00dfe und des dahinter beginnenden Odenwaldes von der Burg Frankenstein und vom Melibokus, dem h\u00f6chsten Berg, an der n\u00f6rdlichen Bergstra\u00dfe bis zu den Weinheimer Burgen und ihren wundervoll in den Blick ragenden Silhouetten zu sehen ist. Gern gehe ich auf den der \u00f6stlichen Klostermauer nahen erh\u00f6hten Punkt, da, wo sich fr\u00fcher die Apsis der alten Klosterkirche befand. Hier kann ich schauen, die Zeit ruhen lassen und die Bergkette anschauen, immer wieder neu.\u201c<\/p>\n<p>&nbsp;<\/p>\n<p><strong>Kurzbiographie<\/strong><\/p>\n<p>Prof. Dr. Joachim-Felix Leonhard, Staatssekret\u00e4r a.D., wurde 1946 in J\u00fcnkerath in der Eifel geboren und hat an den Universit\u00e4ten Frankfurt am Main und Heidelberg Geschichte, Klassische Philologie, Historische Hilfswissenschaften und Philosophie studiert. Nach seiner Promotion im Jahre 1976 und einer anschlie\u00dfenden Ausbildung zum wissenschaftlichen Bibliothekar war er an den Universit\u00e4tsbibliotheken Bamberg, Passau, Heidelberg sowie bei der Deutschen Forschungsgemeinschaft t\u00e4tig, bevor er von 1987 bis 1991 als Direktor der Universit\u00e4tsbibliothek T\u00fcbingen wirkte. Von 1991 bis 2001 war er Vorstand und Direktor der Stiftung Deutsches Rundfunkarchiv Frankfurt am Main &#8211; Potsdam-Babelsberg und hat als Treuh\u00e4nder der Neuen L\u00e4nder und Berlin die Archive von H\u00f6rfunk und Fernsehen der ehemaligen DDR betreut und das Rundfunkarchiv Ost gegr\u00fcndet. Von 2001 bis 2003 fungierte er als Generalsekret\u00e4r des Goethe-Instituts mit Sitz in M\u00fcnchen, von 2003 bis 2007 als Parteiloser Staatssekret\u00e4r im Hessischen Ministerium f\u00fcr Wissenschaft und Kunst in Wiesbaden und von 2006 bis 2011 Pr\u00e4sident der von Behring-R\u00f6ntgen-Stiftung mit Sitz in Marburg.<\/p>\n<p>Leonhard lehrte als Honorarprofessor Neuere und Neueste Geschichte an der Humboldt-Universit\u00e4t zu Berlin, wurde u.a. mit der Ehrenb\u00fcrgerw\u00fcrde der italienischen Hafenstadt Ancona, dem Verdienstkreuz I. Klasse des Verdienstordens der Bundesrepublik Deutschland, der Puschkin-Medaille der Russischen F\u00f6deration, der Friedrich-Behn-Medaille der UNESCO-Welterbestadt Lorsch\/Bergstra\u00dfe und dem Hessischen Verdienstorden ausgezeichnet. Er war und\u00a0 ist Mitglied in zahlreichen nationalen und internationalen Gremien, darunter Vorsitzender des Forums Deutscher UNESCO-Global Geoparks.<\/p>\n","protected":false},"excerpt":{"rendered":"<p>ist Naturpark-Botschafter des Geo-Naturparks Bergstra\u00dfe-Odenwald und kennt viele, aber miteinander nicht vergleichbare sch\u00f6ne Pl\u00e4tze in dieser von H\u00fcgeln und Bergen, H\u00e4ngen und Ebenen zwischen Main, Neckar und Rhein gelegenen Landschaft, von wo aus man in die Natur hineinsehen und \u2013h\u00f6ren kann.<\/p>\n","protected":false},"author":73,"featured_media":9869,"comment_status":"open","ping_status":"open","sticky":false,"template":"","format":"standard","meta":{"_links_to":"","_links_to_target":""},"categories":[8],"tags":[],"yoast_head":"<!-- This site is optimized with the Yoast SEO plugin v19.10 - https:\/\/yoast.com\/wordpress\/plugins\/seo\/ -->\n<title>Prof. Dr. Joachim-Felix Leonhard Staatssekret\u00e4r a.D.<\/title>\n<meta name=\"description\" content=\"ist Naturpark-Botschafter des Geo-Naturparks Bergstra\u00dfe-Odenwald und kennt viele, aber miteinander nicht vergleichbare sch\u00f6ne Pl\u00e4tze in dieser von H\u00fcgeln und Bergen, H\u00e4ngen und Ebenen zwischen Main, Neckar und Rhein gelegenen Landschaft, von wo aus man in die Natur hineinsehen und \u2013h\u00f6ren kann.\" \/>\n<meta name=\"robots\" content=\"index, follow, max-snippet:-1, max-image-preview:large, max-video-preview:-1\" \/>\n<link rel=\"canonical\" href=\"https:\/\/www.naturparkmagazin.de\/vdn\/prof-dr-joachim-felix-leonhard-staatssekretaer-a-d\/\" \/>\n<meta property=\"og:locale\" content=\"de_DE\" \/>\n<meta property=\"og:type\" content=\"article\" \/>\n<meta property=\"og:title\" content=\"Prof. Dr. Joachim-Felix Leonhard Staatssekret\u00e4r a.D.\" \/>\n<meta property=\"og:description\" content=\"ist Naturpark-Botschafter des Geo-Naturparks Bergstra\u00dfe-Odenwald und kennt viele, aber miteinander nicht vergleichbare sch\u00f6ne Pl\u00e4tze in dieser von H\u00fcgeln und Bergen, H\u00e4ngen und Ebenen zwischen Main, Neckar und Rhein gelegenen Landschaft, von wo aus man in die Natur hineinsehen und \u2013h\u00f6ren kann.\" \/>\n<meta property=\"og:url\" content=\"https:\/\/www.naturparkmagazin.de\/vdn\/prof-dr-joachim-felix-leonhard-staatssekretaer-a-d\/\" \/>\n<meta property=\"og:site_name\" content=\"Verband Deutscher Naturparke\" \/>\n<meta property=\"article:published_time\" content=\"2018-03-11T18:30:38+00:00\" \/>\n<meta property=\"article:modified_time\" content=\"2018-03-14T14:08:26+00:00\" \/>\n<meta property=\"og:image\" content=\"https:\/\/www.naturparkmagazin.de\/vdn\/wp-content\/uploads\/sites\/3\/marburgelisabethIMG_2333bfo.jpg\" \/>\n\t<meta property=\"og:image:width\" content=\"200\" \/>\n\t<meta property=\"og:image:height\" content=\"200\" \/>\n\t<meta property=\"og:image:type\" content=\"image\/jpeg\" \/>\n<meta name=\"author\" content=\"manuelamerz\" \/>\n<meta name=\"twitter:label1\" content=\"Verfasst von\" \/>\n\t<meta name=\"twitter:data1\" content=\"manuelamerz\" \/>\n\t<meta name=\"twitter:label2\" content=\"Gesch\u00e4tzte Lesezeit\" \/>\n\t<meta name=\"twitter:data2\" content=\"3\u00a0Minuten\" \/>\n<script type=\"application\/ld+json\" class=\"yoast-schema-graph\">{\"@context\":\"https:\/\/schema.org\",\"@graph\":[{\"@type\":\"WebPage\",\"@id\":\"https:\/\/www.naturparkmagazin.de\/vdn\/prof-dr-joachim-felix-leonhard-staatssekretaer-a-d\/\",\"url\":\"https:\/\/www.naturparkmagazin.de\/vdn\/prof-dr-joachim-felix-leonhard-staatssekretaer-a-d\/\",\"name\":\"Prof. Dr. Joachim-Felix Leonhard Staatssekret\u00e4r a.D.\",\"isPartOf\":{\"@id\":\"https:\/\/www.naturparkmagazin.de\/vdn\/#website\"},\"datePublished\":\"2018-03-11T18:30:38+00:00\",\"dateModified\":\"2018-03-14T14:08:26+00:00\",\"author\":{\"@id\":\"https:\/\/www.naturparkmagazin.de\/vdn\/#\/schema\/person\/3cff9b8773ed55f0189255fa9adfd57c\"},\"description\":\"ist Naturpark-Botschafter des Geo-Naturparks Bergstra\u00dfe-Odenwald und kennt viele, aber miteinander nicht vergleichbare sch\u00f6ne Pl\u00e4tze in dieser von H\u00fcgeln und Bergen, H\u00e4ngen und Ebenen zwischen Main, Neckar und Rhein gelegenen Landschaft, von wo aus man in die Natur hineinsehen und \u2013h\u00f6ren kann.\",\"breadcrumb\":{\"@id\":\"https:\/\/www.naturparkmagazin.de\/vdn\/prof-dr-joachim-felix-leonhard-staatssekretaer-a-d\/#breadcrumb\"},\"inLanguage\":\"de\",\"potentialAction\":[{\"@type\":\"ReadAction\",\"target\":[\"https:\/\/www.naturparkmagazin.de\/vdn\/prof-dr-joachim-felix-leonhard-staatssekretaer-a-d\/\"]}]},{\"@type\":\"BreadcrumbList\",\"@id\":\"https:\/\/www.naturparkmagazin.de\/vdn\/prof-dr-joachim-felix-leonhard-staatssekretaer-a-d\/#breadcrumb\",\"itemListElement\":[{\"@type\":\"ListItem\",\"position\":1,\"name\":\"Home\",\"item\":\"https:\/\/www.naturparkmagazin.de\/vdn\/\"},{\"@type\":\"ListItem\",\"position\":2,\"name\":\"Prof. Dr. Joachim-Felix Leonhard Staatssekret\u00e4r a.D.\"}]},{\"@type\":\"WebSite\",\"@id\":\"https:\/\/www.naturparkmagazin.de\/vdn\/#website\",\"url\":\"https:\/\/www.naturparkmagazin.de\/vdn\/\",\"name\":\"Verband Deutscher Naturparke\",\"description\":\"Eine weitere Naturparkmagazin.de Netzwerk Seite\",\"potentialAction\":[{\"@type\":\"SearchAction\",\"target\":{\"@type\":\"EntryPoint\",\"urlTemplate\":\"https:\/\/www.naturparkmagazin.de\/vdn\/?s={search_term_string}\"},\"query-input\":\"required name=search_term_string\"}],\"inLanguage\":\"de\"},{\"@type\":\"Person\",\"@id\":\"https:\/\/www.naturparkmagazin.de\/vdn\/#\/schema\/person\/3cff9b8773ed55f0189255fa9adfd57c\",\"name\":\"manuelamerz\",\"url\":\"https:\/\/www.naturparkmagazin.de\/vdn\/author\/manuelamerz\/\"}]}<\/script>\n<!-- \/ Yoast SEO plugin. -->","yoast_head_json":{"title":"Prof. Dr. Joachim-Felix Leonhard Staatssekret\u00e4r a.D.","description":"ist Naturpark-Botschafter des Geo-Naturparks Bergstra\u00dfe-Odenwald und kennt viele, aber miteinander nicht vergleichbare sch\u00f6ne Pl\u00e4tze in dieser von H\u00fcgeln und Bergen, H\u00e4ngen und Ebenen zwischen Main, Neckar und Rhein gelegenen Landschaft, von wo aus man in die Natur hineinsehen und \u2013h\u00f6ren kann.","robots":{"index":"index","follow":"follow","max-snippet":"max-snippet:-1","max-image-preview":"max-image-preview:large","max-video-preview":"max-video-preview:-1"},"canonical":"https:\/\/www.naturparkmagazin.de\/vdn\/prof-dr-joachim-felix-leonhard-staatssekretaer-a-d\/","og_locale":"de_DE","og_type":"article","og_title":"Prof. Dr. Joachim-Felix Leonhard Staatssekret\u00e4r a.D.","og_description":"ist Naturpark-Botschafter des Geo-Naturparks Bergstra\u00dfe-Odenwald und kennt viele, aber miteinander nicht vergleichbare sch\u00f6ne Pl\u00e4tze in dieser von H\u00fcgeln und Bergen, H\u00e4ngen und Ebenen zwischen Main, Neckar und Rhein gelegenen Landschaft, von wo aus man in die Natur hineinsehen und \u2013h\u00f6ren kann.","og_url":"https:\/\/www.naturparkmagazin.de\/vdn\/prof-dr-joachim-felix-leonhard-staatssekretaer-a-d\/","og_site_name":"Verband Deutscher Naturparke","article_published_time":"2018-03-11T18:30:38+00:00","article_modified_time":"2018-03-14T14:08:26+00:00","og_image":[{"width":200,"height":200,"url":"https:\/\/www.naturparkmagazin.de\/vdn\/wp-content\/uploads\/sites\/3\/marburgelisabethIMG_2333bfo.jpg","type":"image\/jpeg"}],"author":"manuelamerz","twitter_misc":{"Verfasst von":"manuelamerz","Gesch\u00e4tzte Lesezeit":"3\u00a0Minuten"},"schema":{"@context":"https:\/\/schema.org","@graph":[{"@type":"WebPage","@id":"https:\/\/www.naturparkmagazin.de\/vdn\/prof-dr-joachim-felix-leonhard-staatssekretaer-a-d\/","url":"https:\/\/www.naturparkmagazin.de\/vdn\/prof-dr-joachim-felix-leonhard-staatssekretaer-a-d\/","name":"Prof. Dr. Joachim-Felix Leonhard Staatssekret\u00e4r a.D.","isPartOf":{"@id":"https:\/\/www.naturparkmagazin.de\/vdn\/#website"},"datePublished":"2018-03-11T18:30:38+00:00","dateModified":"2018-03-14T14:08:26+00:00","author":{"@id":"https:\/\/www.naturparkmagazin.de\/vdn\/#\/schema\/person\/3cff9b8773ed55f0189255fa9adfd57c"},"description":"ist Naturpark-Botschafter des Geo-Naturparks Bergstra\u00dfe-Odenwald und kennt viele, aber miteinander nicht vergleichbare sch\u00f6ne Pl\u00e4tze in dieser von H\u00fcgeln und Bergen, H\u00e4ngen und Ebenen zwischen Main, Neckar und Rhein gelegenen Landschaft, von wo aus man in die Natur hineinsehen und \u2013h\u00f6ren kann.","breadcrumb":{"@id":"https:\/\/www.naturparkmagazin.de\/vdn\/prof-dr-joachim-felix-leonhard-staatssekretaer-a-d\/#breadcrumb"},"inLanguage":"de","potentialAction":[{"@type":"ReadAction","target":["https:\/\/www.naturparkmagazin.de\/vdn\/prof-dr-joachim-felix-leonhard-staatssekretaer-a-d\/"]}]},{"@type":"BreadcrumbList","@id":"https:\/\/www.naturparkmagazin.de\/vdn\/prof-dr-joachim-felix-leonhard-staatssekretaer-a-d\/#breadcrumb","itemListElement":[{"@type":"ListItem","position":1,"name":"Home","item":"https:\/\/www.naturparkmagazin.de\/vdn\/"},{"@type":"ListItem","position":2,"name":"Prof. Dr. Joachim-Felix Leonhard Staatssekret\u00e4r a.D."}]},{"@type":"WebSite","@id":"https:\/\/www.naturparkmagazin.de\/vdn\/#website","url":"https:\/\/www.naturparkmagazin.de\/vdn\/","name":"Verband Deutscher Naturparke","description":"Eine weitere Naturparkmagazin.de Netzwerk Seite","potentialAction":[{"@type":"SearchAction","target":{"@type":"EntryPoint","urlTemplate":"https:\/\/www.naturparkmagazin.de\/vdn\/?s={search_term_string}"},"query-input":"required name=search_term_string"}],"inLanguage":"de"},{"@type":"Person","@id":"https:\/\/www.naturparkmagazin.de\/vdn\/#\/schema\/person\/3cff9b8773ed55f0189255fa9adfd57c","name":"manuelamerz","url":"https:\/\/www.naturparkmagazin.de\/vdn\/author\/manuelamerz\/"}]}},"_links":{"self":[{"href":"https:\/\/www.naturparkmagazin.de\/vdn\/wp-json\/wp\/v2\/posts\/9867"}],"collection":[{"href":"https:\/\/www.naturparkmagazin.de\/vdn\/wp-json\/wp\/v2\/posts"}],"about":[{"href":"https:\/\/www.naturparkmagazin.de\/vdn\/wp-json\/wp\/v2\/types\/post"}],"author":[{"embeddable":true,"href":"https:\/\/www.naturparkmagazin.de\/vdn\/wp-json\/wp\/v2\/users\/73"}],"replies":[{"embeddable":true,"href":"https:\/\/www.naturparkmagazin.de\/vdn\/wp-json\/wp\/v2\/comments?post=9867"}],"version-history":[{"count":7,"href":"https:\/\/www.naturparkmagazin.de\/vdn\/wp-json\/wp\/v2\/posts\/9867\/revisions"}],"predecessor-version":[{"id":9889,"href":"https:\/\/www.naturparkmagazin.de\/vdn\/wp-json\/wp\/v2\/posts\/9867\/revisions\/9889"}],"wp:featuredmedia":[{"embeddable":true,"href":"https:\/\/www.naturparkmagazin.de\/vdn\/wp-json\/wp\/v2\/media\/9869"}],"wp:attachment":[{"href":"https:\/\/www.naturparkmagazin.de\/vdn\/wp-json\/wp\/v2\/media?parent=9867"}],"wp:term":[{"taxonomy":"category","embeddable":true,"href":"https:\/\/www.naturparkmagazin.de\/vdn\/wp-json\/wp\/v2\/categories?post=9867"},{"taxonomy":"post_tag","embeddable":true,"href":"https:\/\/www.naturparkmagazin.de\/vdn\/wp-json\/wp\/v2\/tags?post=9867"}],"curies":[{"name":"wp","href":"https:\/\/api.w.org\/{rel}","templated":true}]}}