{"id":9892,"date":"2018-03-14T11:36:57","date_gmt":"2018-03-14T10:36:57","guid":{"rendered":"http:\/\/www.naturparkmagazin.de\/vdn\/?p=9892"},"modified":"2018-03-27T16:10:18","modified_gmt":"2018-03-27T14:10:18","slug":"odenwaelder-lamm-mditerrane","status":"publish","type":"post","link":"https:\/\/www.naturparkmagazin.de\/vdn\/odenwaelder-lamm-mditerrane\/","title":{"rendered":"Odenw\u00e4lder \u201eLamm M\u00e9diterran\u00e9e\u201c"},"content":{"rendered":"<div id=\"attachment_9930\" style=\"width: 510px\" class=\"wp-caption aligncenter\"><a href=\"https:\/\/www.naturparkmagazin.de\/vdn\/wp-content\/uploads\/sites\/3\/lamm-mediterrannee_beitrag.jpg\"><img aria-describedby=\"caption-attachment-9930\" decoding=\"async\" loading=\"lazy\" class=\"size-full wp-image-9930\" src=\"https:\/\/www.naturparkmagazin.de\/vdn\/wp-content\/uploads\/sites\/3\/lamm-mediterrannee_beitrag.jpg\" alt=\"Copyright: Geo-Naturpark Bergstra\u00dfe-Odenwald\/Jutta Weber\" width=\"500\" height=\"300\" srcset=\"https:\/\/www.naturparkmagazin.de\/vdn\/wp-content\/uploads\/sites\/3\/lamm-mediterrannee_beitrag.jpg 500w, https:\/\/www.naturparkmagazin.de\/vdn\/wp-content\/uploads\/sites\/3\/lamm-mediterrannee_beitrag-300x180.jpg 300w, https:\/\/www.naturparkmagazin.de\/vdn\/wp-content\/uploads\/sites\/3\/lamm-mediterrannee_beitrag-200x120.jpg 200w\" sizes=\"(max-width: 500px) 100vw, 500px\" \/><\/a><p id=\"caption-attachment-9930\" class=\"wp-caption-text\">Copyright: Geo-Naturpark Bergstra\u00dfe-Odenwald\/Jutta Weber<\/p><\/div>\n<p><span style=\"color: #993366;\"><strong>Odenw\u00e4lder \u201eLamm M\u00e9diterran\u00e9e\u201c<\/strong><\/span><\/p>\n<p><span style=\"color: #993366;\"><span style=\"color: #993366;\"><em>Zutaten:<\/em><\/span>\n4 Lammlachse (Filetstreifen) von ca. 150 g\nOliven\u00f6l, Knoblauch, Rosmarin, Salz und Pfeffer f\u00fcr eine Marinade, in der die Lammlachse 1 Tag ziehen sollen\n3 Romatomaten\n4 Fr\u00fchlingszwiebeln\n3 Knoblauchzehen\n3 EL gehackter Basilikum\n3 EL gehackte glatte Petersilie\n2 Kr\u00e4uterzickli<\/span><\/p>\n<p>&nbsp;<\/p>\n<p><span style=\"text-decoration: underline;\"><span style=\"color: #993366;\"><em>Zubereitung:<\/em><\/span><\/span><\/p>\n<p><span style=\"color: #993366;\">Marinierte Lammlachse in Oliven\u00f6l von beiden Seiten ca. 3 min. anbraten, herausnehmen und in einer feuerfesten Form in den vorgeheizten Backofen stellen.\nIm Fond die in W\u00fcrfel geschnittenen Tomaten zusammen mit den Fr\u00fchlingszwiebeln und den gehackten Knoblauchzehen etwa 5 min. and\u00fcnsten. Mit Salz, Pfeffer, einem halben Teel\u00f6ffel Zucker und mediterranen Trockenkr\u00e4utern w\u00fcrzen. Basilikum und Petersilie unterziehen.\nLammlachse aus dem Ofen nehmen und die Tomatenmasse darauf verteilen. Den in Scheiben geschnittenen Kr\u00e4uterzickli zum \u00dcberbacken auflegen.<\/span><\/p>\n<p><span style=\"color: #993366;\">Im Ofen bei 200 \u00b0C \u00fcberbacken.<\/span><\/p>\n<p><span style=\"color: #993366;\">Vor dem Anrichten mit frischen Basilikumbl\u00e4ttern dekorieren.<\/span>\n<span style=\"color: #993366;\">Dazu passt sowohl Reis als auch Ciabattabrot sowie Feldsalat.<\/span><\/p>\n<p><span style=\"color: #993366;\">Weinbegleitung: Sp\u00e4tburgunder von den Bergstr\u00e4\u00dfer Winzern oder der Odenw\u00e4lder Weininsel.<\/span><\/p>\n<p><span style=\"color: #993366;\">\u00a0<\/span><\/p>\n","protected":false},"excerpt":{"rendered":"<p>Ein Lammgericht zu Ostern hat Tradition. Die mediteran zubereiteten Lammlachse aus dem Geo-Naturpark Bergstra\u00dfe-Odenwald passen da wunderbar. Der Sp\u00e4tburgunder der Bergstr\u00e4\u00dfer Winzer oder der Odenw\u00e4lder Weininsel sind dazu die auserlesene Weinbegleitung und perfekt aufeinander abgestimmt.<\/p>\n","protected":false},"author":51,"featured_media":9932,"comment_status":"open","ping_status":"open","sticky":false,"template":"","format":"standard","meta":{"_links_to":"","_links_to_target":""},"categories":[14],"tags":[],"yoast_head":"<!-- This site is optimized with the Yoast SEO plugin v19.10 - https:\/\/yoast.com\/wordpress\/plugins\/seo\/ -->\n<title>Odenw\u00e4lder \u201eLamm M\u00e9diterran\u00e9e\u201c<\/title>\n<meta name=\"description\" content=\"Ein Lammgericht zu Ostern hat Tradition. Die mediteran zubereiteten Lammlachse aus dem Geo-Naturpark Bergstra\u00dfe-Odenwald passen da wunderbar. Der Sp\u00e4tburgunder der Bergstr\u00e4\u00dfer Winzer oder der Odenw\u00e4lder Weininsel sind dazu die auserlesene Weinbegleitung und perfekt aufeinander abgestimmt.\" \/>\n<meta name=\"robots\" content=\"index, follow, max-snippet:-1, max-image-preview:large, max-video-preview:-1\" \/>\n<link rel=\"canonical\" href=\"https:\/\/www.naturparkmagazin.de\/vdn\/odenwaelder-lamm-mditerrane\/\" \/>\n<meta property=\"og:locale\" content=\"de_DE\" \/>\n<meta property=\"og:type\" content=\"article\" \/>\n<meta property=\"og:title\" content=\"Odenw\u00e4lder \u201eLamm M\u00e9diterran\u00e9e\u201c\" \/>\n<meta property=\"og:description\" content=\"Ein Lammgericht zu Ostern hat Tradition. Die mediteran zubereiteten Lammlachse aus dem Geo-Naturpark Bergstra\u00dfe-Odenwald passen da wunderbar. Der Sp\u00e4tburgunder der Bergstr\u00e4\u00dfer Winzer oder der Odenw\u00e4lder Weininsel sind dazu die auserlesene Weinbegleitung und perfekt aufeinander abgestimmt.\" \/>\n<meta property=\"og:url\" content=\"https:\/\/www.naturparkmagazin.de\/vdn\/odenwaelder-lamm-mditerrane\/\" \/>\n<meta property=\"og:site_name\" content=\"Verband Deutscher Naturparke\" \/>\n<meta property=\"article:published_time\" content=\"2018-03-14T10:36:57+00:00\" \/>\n<meta property=\"article:modified_time\" content=\"2018-03-27T14:10:18+00:00\" \/>\n<meta property=\"og:image\" content=\"https:\/\/www.naturparkmagazin.de\/vdn\/wp-content\/uploads\/sites\/3\/lamm-mediterrannee_beitragsbild.jpg\" \/>\n\t<meta property=\"og:image:width\" content=\"200\" \/>\n\t<meta property=\"og:image:height\" content=\"200\" \/>\n\t<meta property=\"og:image:type\" content=\"image\/jpeg\" \/>\n<meta name=\"author\" content=\"beatrixlosem\" \/>\n<meta name=\"twitter:label1\" content=\"Verfasst von\" \/>\n\t<meta name=\"twitter:data1\" content=\"beatrixlosem\" \/>\n\t<meta name=\"twitter:label2\" content=\"Gesch\u00e4tzte Lesezeit\" \/>\n\t<meta name=\"twitter:data2\" content=\"1\u00a0Minute\" \/>\n<script type=\"application\/ld+json\" class=\"yoast-schema-graph\">{\"@context\":\"https:\/\/schema.org\",\"@graph\":[{\"@type\":\"WebPage\",\"@id\":\"https:\/\/www.naturparkmagazin.de\/vdn\/odenwaelder-lamm-mditerrane\/\",\"url\":\"https:\/\/www.naturparkmagazin.de\/vdn\/odenwaelder-lamm-mditerrane\/\",\"name\":\"Odenw\u00e4lder \u201eLamm M\u00e9diterran\u00e9e\u201c\",\"isPartOf\":{\"@id\":\"https:\/\/www.naturparkmagazin.de\/vdn\/#website\"},\"datePublished\":\"2018-03-14T10:36:57+00:00\",\"dateModified\":\"2018-03-27T14:10:18+00:00\",\"author\":{\"@id\":\"https:\/\/www.naturparkmagazin.de\/vdn\/#\/schema\/person\/d71357578c318b6db03be60b1f60396b\"},\"description\":\"Ein Lammgericht zu Ostern hat Tradition. Die mediteran zubereiteten Lammlachse aus dem Geo-Naturpark Bergstra\u00dfe-Odenwald passen da wunderbar. Der Sp\u00e4tburgunder der Bergstr\u00e4\u00dfer Winzer oder der Odenw\u00e4lder Weininsel sind dazu die auserlesene Weinbegleitung und perfekt aufeinander abgestimmt.\",\"breadcrumb\":{\"@id\":\"https:\/\/www.naturparkmagazin.de\/vdn\/odenwaelder-lamm-mditerrane\/#breadcrumb\"},\"inLanguage\":\"de\",\"potentialAction\":[{\"@type\":\"ReadAction\",\"target\":[\"https:\/\/www.naturparkmagazin.de\/vdn\/odenwaelder-lamm-mditerrane\/\"]}]},{\"@type\":\"BreadcrumbList\",\"@id\":\"https:\/\/www.naturparkmagazin.de\/vdn\/odenwaelder-lamm-mditerrane\/#breadcrumb\",\"itemListElement\":[{\"@type\":\"ListItem\",\"position\":1,\"name\":\"Home\",\"item\":\"https:\/\/www.naturparkmagazin.de\/vdn\/\"},{\"@type\":\"ListItem\",\"position\":2,\"name\":\"Odenw\u00e4lder \u201eLamm M\u00e9diterran\u00e9e\u201c\"}]},{\"@type\":\"WebSite\",\"@id\":\"https:\/\/www.naturparkmagazin.de\/vdn\/#website\",\"url\":\"https:\/\/www.naturparkmagazin.de\/vdn\/\",\"name\":\"Verband Deutscher Naturparke\",\"description\":\"Eine weitere Naturparkmagazin.de Netzwerk Seite\",\"potentialAction\":[{\"@type\":\"SearchAction\",\"target\":{\"@type\":\"EntryPoint\",\"urlTemplate\":\"https:\/\/www.naturparkmagazin.de\/vdn\/?s={search_term_string}\"},\"query-input\":\"required name=search_term_string\"}],\"inLanguage\":\"de\"},{\"@type\":\"Person\",\"@id\":\"https:\/\/www.naturparkmagazin.de\/vdn\/#\/schema\/person\/d71357578c318b6db03be60b1f60396b\",\"name\":\"beatrixlosem\",\"url\":\"https:\/\/www.naturparkmagazin.de\/vdn\/author\/beatrixlosem\/\"}]}<\/script>\n<!-- \/ Yoast SEO plugin. -->","yoast_head_json":{"title":"Odenw\u00e4lder \u201eLamm M\u00e9diterran\u00e9e\u201c","description":"Ein Lammgericht zu Ostern hat Tradition. Die mediteran zubereiteten Lammlachse aus dem Geo-Naturpark Bergstra\u00dfe-Odenwald passen da wunderbar. Der Sp\u00e4tburgunder der Bergstr\u00e4\u00dfer Winzer oder der Odenw\u00e4lder Weininsel sind dazu die auserlesene Weinbegleitung und perfekt aufeinander abgestimmt.","robots":{"index":"index","follow":"follow","max-snippet":"max-snippet:-1","max-image-preview":"max-image-preview:large","max-video-preview":"max-video-preview:-1"},"canonical":"https:\/\/www.naturparkmagazin.de\/vdn\/odenwaelder-lamm-mditerrane\/","og_locale":"de_DE","og_type":"article","og_title":"Odenw\u00e4lder \u201eLamm M\u00e9diterran\u00e9e\u201c","og_description":"Ein Lammgericht zu Ostern hat Tradition. Die mediteran zubereiteten Lammlachse aus dem Geo-Naturpark Bergstra\u00dfe-Odenwald passen da wunderbar. Der Sp\u00e4tburgunder der Bergstr\u00e4\u00dfer Winzer oder der Odenw\u00e4lder Weininsel sind dazu die auserlesene Weinbegleitung und perfekt aufeinander abgestimmt.","og_url":"https:\/\/www.naturparkmagazin.de\/vdn\/odenwaelder-lamm-mditerrane\/","og_site_name":"Verband Deutscher Naturparke","article_published_time":"2018-03-14T10:36:57+00:00","article_modified_time":"2018-03-27T14:10:18+00:00","og_image":[{"width":200,"height":200,"url":"https:\/\/www.naturparkmagazin.de\/vdn\/wp-content\/uploads\/sites\/3\/lamm-mediterrannee_beitragsbild.jpg","type":"image\/jpeg"}],"author":"beatrixlosem","twitter_misc":{"Verfasst von":"beatrixlosem","Gesch\u00e4tzte Lesezeit":"1\u00a0Minute"},"schema":{"@context":"https:\/\/schema.org","@graph":[{"@type":"WebPage","@id":"https:\/\/www.naturparkmagazin.de\/vdn\/odenwaelder-lamm-mditerrane\/","url":"https:\/\/www.naturparkmagazin.de\/vdn\/odenwaelder-lamm-mditerrane\/","name":"Odenw\u00e4lder \u201eLamm M\u00e9diterran\u00e9e\u201c","isPartOf":{"@id":"https:\/\/www.naturparkmagazin.de\/vdn\/#website"},"datePublished":"2018-03-14T10:36:57+00:00","dateModified":"2018-03-27T14:10:18+00:00","author":{"@id":"https:\/\/www.naturparkmagazin.de\/vdn\/#\/schema\/person\/d71357578c318b6db03be60b1f60396b"},"description":"Ein Lammgericht zu Ostern hat Tradition. Die mediteran zubereiteten Lammlachse aus dem Geo-Naturpark Bergstra\u00dfe-Odenwald passen da wunderbar. Der Sp\u00e4tburgunder der Bergstr\u00e4\u00dfer Winzer oder der Odenw\u00e4lder Weininsel sind dazu die auserlesene Weinbegleitung und perfekt aufeinander abgestimmt.","breadcrumb":{"@id":"https:\/\/www.naturparkmagazin.de\/vdn\/odenwaelder-lamm-mditerrane\/#breadcrumb"},"inLanguage":"de","potentialAction":[{"@type":"ReadAction","target":["https:\/\/www.naturparkmagazin.de\/vdn\/odenwaelder-lamm-mditerrane\/"]}]},{"@type":"BreadcrumbList","@id":"https:\/\/www.naturparkmagazin.de\/vdn\/odenwaelder-lamm-mditerrane\/#breadcrumb","itemListElement":[{"@type":"ListItem","position":1,"name":"Home","item":"https:\/\/www.naturparkmagazin.de\/vdn\/"},{"@type":"ListItem","position":2,"name":"Odenw\u00e4lder \u201eLamm M\u00e9diterran\u00e9e\u201c"}]},{"@type":"WebSite","@id":"https:\/\/www.naturparkmagazin.de\/vdn\/#website","url":"https:\/\/www.naturparkmagazin.de\/vdn\/","name":"Verband Deutscher Naturparke","description":"Eine weitere Naturparkmagazin.de Netzwerk Seite","potentialAction":[{"@type":"SearchAction","target":{"@type":"EntryPoint","urlTemplate":"https:\/\/www.naturparkmagazin.de\/vdn\/?s={search_term_string}"},"query-input":"required name=search_term_string"}],"inLanguage":"de"},{"@type":"Person","@id":"https:\/\/www.naturparkmagazin.de\/vdn\/#\/schema\/person\/d71357578c318b6db03be60b1f60396b","name":"beatrixlosem","url":"https:\/\/www.naturparkmagazin.de\/vdn\/author\/beatrixlosem\/"}]}},"_links":{"self":[{"href":"https:\/\/www.naturparkmagazin.de\/vdn\/wp-json\/wp\/v2\/posts\/9892"}],"collection":[{"href":"https:\/\/www.naturparkmagazin.de\/vdn\/wp-json\/wp\/v2\/posts"}],"about":[{"href":"https:\/\/www.naturparkmagazin.de\/vdn\/wp-json\/wp\/v2\/types\/post"}],"author":[{"embeddable":true,"href":"https:\/\/www.naturparkmagazin.de\/vdn\/wp-json\/wp\/v2\/users\/51"}],"replies":[{"embeddable":true,"href":"https:\/\/www.naturparkmagazin.de\/vdn\/wp-json\/wp\/v2\/comments?post=9892"}],"version-history":[{"count":4,"href":"https:\/\/www.naturparkmagazin.de\/vdn\/wp-json\/wp\/v2\/posts\/9892\/revisions"}],"predecessor-version":[{"id":9933,"href":"https:\/\/www.naturparkmagazin.de\/vdn\/wp-json\/wp\/v2\/posts\/9892\/revisions\/9933"}],"wp:featuredmedia":[{"embeddable":true,"href":"https:\/\/www.naturparkmagazin.de\/vdn\/wp-json\/wp\/v2\/media\/9932"}],"wp:attachment":[{"href":"https:\/\/www.naturparkmagazin.de\/vdn\/wp-json\/wp\/v2\/media?parent=9892"}],"wp:term":[{"taxonomy":"category","embeddable":true,"href":"https:\/\/www.naturparkmagazin.de\/vdn\/wp-json\/wp\/v2\/categories?post=9892"},{"taxonomy":"post_tag","embeddable":true,"href":"https:\/\/www.naturparkmagazin.de\/vdn\/wp-json\/wp\/v2\/tags?post=9892"}],"curies":[{"name":"wp","href":"https:\/\/api.w.org\/{rel}","templated":true}]}}