{"id":9971,"date":"2018-04-16T10:16:53","date_gmt":"2018-04-16T08:16:53","guid":{"rendered":"http:\/\/www.naturparkmagazin.de\/vdn\/?p=9971"},"modified":"2018-04-25T11:36:28","modified_gmt":"2018-04-25T09:36:28","slug":"natur-erleben-kaufland-ermoeglicht-deutschlandweit-klassenfahrten-in-naturparke","status":"publish","type":"post","link":"https:\/\/www.naturparkmagazin.de\/vdn\/natur-erleben-kaufland-ermoeglicht-deutschlandweit-klassenfahrten-in-naturparke\/","title":{"rendered":"\u201eNatur erleben\u201c \u2013 Kaufland erm\u00f6glicht deutschlandweit Klassenfahrten in Naturparke"},"content":{"rendered":"<div id=\"attachment_9975\" style=\"width: 510px\" class=\"wp-caption alignnone\"><a href=\"https:\/\/www.naturparkmagazin.de\/vdn\/wp-content\/uploads\/sites\/3\/IMG_0153b.jpg\"><img aria-describedby=\"caption-attachment-9975\" decoding=\"async\" loading=\"lazy\" class=\"size-full wp-image-9975\" src=\"https:\/\/www.naturparkmagazin.de\/vdn\/wp-content\/uploads\/sites\/3\/IMG_0153b.jpg\" alt=\"\u00a9 J\u00f6rg Liesen\" width=\"500\" height=\"300\" srcset=\"https:\/\/www.naturparkmagazin.de\/vdn\/wp-content\/uploads\/sites\/3\/IMG_0153b.jpg 500w, https:\/\/www.naturparkmagazin.de\/vdn\/wp-content\/uploads\/sites\/3\/IMG_0153b-300x180.jpg 300w, https:\/\/www.naturparkmagazin.de\/vdn\/wp-content\/uploads\/sites\/3\/IMG_0153b-200x120.jpg 200w\" sizes=\"(max-width: 500px) 100vw, 500px\" \/><\/a><p id=\"caption-attachment-9975\" class=\"wp-caption-text\">\u00a9 J\u00f6rg Liesen<\/p><\/div>\n<p>Am 10. und 11. April 2018 begab sich eine sechste Klasse der Heinrich-Heine-Realschule Plus auf eine Klassenfahrt in den Naturpark Rhein-Westerwald. Sie war damit die erste von mindestens 50 Schulklassen, die an dem Projekt teilnehmen. M\u00f6glich werden die Klassenfahrten durch eine Kooperation des Verbandes Deutscher Naturparke (VDN) mit dem Unternehmen Kaufland, das die Naturentdecker-Touren der Schulklassen finanziert.<\/p>\n<p>Kaufland feiert in diesem Jahr sein 50-j\u00e4hriges Jubil\u00e4um und hat zu diesem Anlass das Projekt \u201eNaturentdecker-Klassenfahrten\u201c initiiert. \u201eUnser Ziel ist es, Kindern Naturerlebnisse zu vermitteln und sie f\u00fcr eine gesunde Ern\u00e4hrung und Lebensweise sowie f\u00fcr die Wertsch\u00e4tzung von regionalen Lebensmitteln zu sensibilisieren\u201c, sagt Lavinia Kochanski, CSR-Verantwortliche bei Kaufland. W\u00e4hrend einer Aktionswoche im Februar spendete das Unternehmen f\u00fcr jedes verkaufte regionale Produkt zehn Cent. Der Spendenerl\u00f6s von 250.000 Euro erm\u00f6glicht mindestens 50 Schulklassen ab April dieses Jahres eine zweit\u00e4gige Klassenfahrt in einen der \u00fcber 100 Naturparke in Deutschland. Der erste der hierf\u00fcr ausgew\u00e4hlten Naturparke ist der Naturpark Rhein-Westerwald.<\/p>\n<div id=\"attachment_9976\" style=\"width: 310px\" class=\"wp-caption alignnone\"><a href=\"https:\/\/www.naturparkmagazin.de\/vdn\/wp-content\/uploads\/sites\/3\/IMG_0098b.jpg\"><img aria-describedby=\"caption-attachment-9976\" decoding=\"async\" loading=\"lazy\" class=\"size-full wp-image-9976\" src=\"https:\/\/www.naturparkmagazin.de\/vdn\/wp-content\/uploads\/sites\/3\/IMG_0098b.jpg\" alt=\"\u00a9 J\u00f6rg Liesen\" width=\"300\" height=\"500\" srcset=\"https:\/\/www.naturparkmagazin.de\/vdn\/wp-content\/uploads\/sites\/3\/IMG_0098b.jpg 300w, https:\/\/www.naturparkmagazin.de\/vdn\/wp-content\/uploads\/sites\/3\/IMG_0098b-200x333.jpg 200w\" sizes=\"(max-width: 300px) 100vw, 300px\" \/><\/a><p id=\"caption-attachment-9976\" class=\"wp-caption-text\">\u00a9 J\u00f6rg Liesen<\/p><\/div>\n<p>Die \u201eKlassenfahrten in Naturparke\u201c finden im Rahmen der Initiative \u201eWir f\u00fcr die Heimat\u201c statt und sind Teil des breit angelegten Umweltengagements von Kaufland. Mit der Initiative \u201eWir f\u00fcr die Heimat\u201c b\u00fcndeln das Unternehmen Kaufland und der Verband Deutscher Naturparke e.V. (VDN) ihr gemeinsames Engagement f\u00fcr die Naturparke in Deutschland.<\/p>\n<p>&nbsp;<\/p>\n<p>&nbsp;<\/p>\n","protected":false},"excerpt":{"rendered":"<p>Eine sechste Klasse der Heinrich-Heine-Realschule Plus ging am 10. April auf Klassenfahrt in den Naturpark Rhein-Westerwald. Sie war die erste von mindestens 50 Schulklassen, die am Projekt teilnehmen. <\/p>\n","protected":false},"author":73,"featured_media":9973,"comment_status":"open","ping_status":"open","sticky":false,"template":"","format":"standard","meta":{"_links_to":"","_links_to_target":""},"categories":[7],"tags":[522,1130,231,1129,638,1132,41,1131],"yoast_head":"<!-- This site is optimized with the Yoast SEO plugin v19.10 - https:\/\/yoast.com\/wordpress\/plugins\/seo\/ -->\n<title>\u201eNatur erleben\u201c \u2013 Kaufland erm\u00f6glicht deutschlandweit Klassenfahrten in Naturparke<\/title>\n<meta name=\"description\" content=\"Eine sechste Klasse der Heinrich-Heine-Realschule Plus ging am 10. April auf Klassenfahrt in den Naturpark Rhein-Westerwald. Sie war die erste von mindestens 50 Schulklassen, die am Projekt teilnehmen.\" \/>\n<meta name=\"robots\" content=\"index, follow, max-snippet:-1, max-image-preview:large, max-video-preview:-1\" \/>\n<link rel=\"canonical\" href=\"https:\/\/www.naturparkmagazin.de\/vdn\/natur-erleben-kaufland-ermoeglicht-deutschlandweit-klassenfahrten-in-naturparke\/\" \/>\n<meta property=\"og:locale\" content=\"de_DE\" \/>\n<meta property=\"og:type\" content=\"article\" \/>\n<meta property=\"og:title\" content=\"\u201eNatur erleben\u201c \u2013 Kaufland erm\u00f6glicht deutschlandweit Klassenfahrten in Naturparke\" \/>\n<meta property=\"og:description\" content=\"Eine sechste Klasse der Heinrich-Heine-Realschule Plus ging am 10. April auf Klassenfahrt in den Naturpark Rhein-Westerwald. Sie war die erste von mindestens 50 Schulklassen, die am Projekt teilnehmen.\" \/>\n<meta property=\"og:url\" content=\"https:\/\/www.naturparkmagazin.de\/vdn\/natur-erleben-kaufland-ermoeglicht-deutschlandweit-klassenfahrten-in-naturparke\/\" \/>\n<meta property=\"og:site_name\" content=\"Verband Deutscher Naturparke\" \/>\n<meta property=\"article:published_time\" content=\"2018-04-16T08:16:53+00:00\" \/>\n<meta property=\"article:modified_time\" content=\"2018-04-25T09:36:28+00:00\" \/>\n<meta property=\"og:image\" content=\"https:\/\/www.naturparkmagazin.de\/vdn\/wp-content\/uploads\/sites\/3\/IMG_0153bf.jpg\" \/>\n\t<meta property=\"og:image:width\" content=\"200\" \/>\n\t<meta property=\"og:image:height\" content=\"200\" \/>\n\t<meta property=\"og:image:type\" content=\"image\/jpeg\" \/>\n<meta name=\"author\" content=\"manuelamerz\" \/>\n<meta name=\"twitter:label1\" content=\"Verfasst von\" \/>\n\t<meta name=\"twitter:data1\" content=\"manuelamerz\" \/>\n\t<meta name=\"twitter:label2\" content=\"Gesch\u00e4tzte Lesezeit\" \/>\n\t<meta name=\"twitter:data2\" content=\"1\u00a0Minute\" \/>\n<script type=\"application\/ld+json\" class=\"yoast-schema-graph\">{\"@context\":\"https:\/\/schema.org\",\"@graph\":[{\"@type\":\"WebPage\",\"@id\":\"https:\/\/www.naturparkmagazin.de\/vdn\/natur-erleben-kaufland-ermoeglicht-deutschlandweit-klassenfahrten-in-naturparke\/\",\"url\":\"https:\/\/www.naturparkmagazin.de\/vdn\/natur-erleben-kaufland-ermoeglicht-deutschlandweit-klassenfahrten-in-naturparke\/\",\"name\":\"\u201eNatur erleben\u201c \u2013 Kaufland erm\u00f6glicht deutschlandweit Klassenfahrten in Naturparke\",\"isPartOf\":{\"@id\":\"https:\/\/www.naturparkmagazin.de\/vdn\/#website\"},\"datePublished\":\"2018-04-16T08:16:53+00:00\",\"dateModified\":\"2018-04-25T09:36:28+00:00\",\"author\":{\"@id\":\"https:\/\/www.naturparkmagazin.de\/vdn\/#\/schema\/person\/3cff9b8773ed55f0189255fa9adfd57c\"},\"description\":\"Eine sechste Klasse der Heinrich-Heine-Realschule Plus ging am 10. April auf Klassenfahrt in den Naturpark Rhein-Westerwald. Sie war die erste von mindestens 50 Schulklassen, die am Projekt teilnehmen.\",\"breadcrumb\":{\"@id\":\"https:\/\/www.naturparkmagazin.de\/vdn\/natur-erleben-kaufland-ermoeglicht-deutschlandweit-klassenfahrten-in-naturparke\/#breadcrumb\"},\"inLanguage\":\"de\",\"potentialAction\":[{\"@type\":\"ReadAction\",\"target\":[\"https:\/\/www.naturparkmagazin.de\/vdn\/natur-erleben-kaufland-ermoeglicht-deutschlandweit-klassenfahrten-in-naturparke\/\"]}]},{\"@type\":\"BreadcrumbList\",\"@id\":\"https:\/\/www.naturparkmagazin.de\/vdn\/natur-erleben-kaufland-ermoeglicht-deutschlandweit-klassenfahrten-in-naturparke\/#breadcrumb\",\"itemListElement\":[{\"@type\":\"ListItem\",\"position\":1,\"name\":\"Home\",\"item\":\"https:\/\/www.naturparkmagazin.de\/vdn\/\"},{\"@type\":\"ListItem\",\"position\":2,\"name\":\"\u201eNatur erleben\u201c \u2013 Kaufland erm\u00f6glicht deutschlandweit Klassenfahrten in Naturparke\"}]},{\"@type\":\"WebSite\",\"@id\":\"https:\/\/www.naturparkmagazin.de\/vdn\/#website\",\"url\":\"https:\/\/www.naturparkmagazin.de\/vdn\/\",\"name\":\"Verband Deutscher Naturparke\",\"description\":\"Eine weitere Naturparkmagazin.de Netzwerk Seite\",\"potentialAction\":[{\"@type\":\"SearchAction\",\"target\":{\"@type\":\"EntryPoint\",\"urlTemplate\":\"https:\/\/www.naturparkmagazin.de\/vdn\/?s={search_term_string}\"},\"query-input\":\"required name=search_term_string\"}],\"inLanguage\":\"de\"},{\"@type\":\"Person\",\"@id\":\"https:\/\/www.naturparkmagazin.de\/vdn\/#\/schema\/person\/3cff9b8773ed55f0189255fa9adfd57c\",\"name\":\"manuelamerz\",\"url\":\"https:\/\/www.naturparkmagazin.de\/vdn\/author\/manuelamerz\/\"}]}<\/script>\n<!-- \/ Yoast SEO plugin. -->","yoast_head_json":{"title":"\u201eNatur erleben\u201c \u2013 Kaufland erm\u00f6glicht deutschlandweit Klassenfahrten in Naturparke","description":"Eine sechste Klasse der Heinrich-Heine-Realschule Plus ging am 10. April auf Klassenfahrt in den Naturpark Rhein-Westerwald. Sie war die erste von mindestens 50 Schulklassen, die am Projekt teilnehmen.","robots":{"index":"index","follow":"follow","max-snippet":"max-snippet:-1","max-image-preview":"max-image-preview:large","max-video-preview":"max-video-preview:-1"},"canonical":"https:\/\/www.naturparkmagazin.de\/vdn\/natur-erleben-kaufland-ermoeglicht-deutschlandweit-klassenfahrten-in-naturparke\/","og_locale":"de_DE","og_type":"article","og_title":"\u201eNatur erleben\u201c \u2013 Kaufland erm\u00f6glicht deutschlandweit Klassenfahrten in Naturparke","og_description":"Eine sechste Klasse der Heinrich-Heine-Realschule Plus ging am 10. April auf Klassenfahrt in den Naturpark Rhein-Westerwald. Sie war die erste von mindestens 50 Schulklassen, die am Projekt teilnehmen.","og_url":"https:\/\/www.naturparkmagazin.de\/vdn\/natur-erleben-kaufland-ermoeglicht-deutschlandweit-klassenfahrten-in-naturparke\/","og_site_name":"Verband Deutscher Naturparke","article_published_time":"2018-04-16T08:16:53+00:00","article_modified_time":"2018-04-25T09:36:28+00:00","og_image":[{"width":200,"height":200,"url":"https:\/\/www.naturparkmagazin.de\/vdn\/wp-content\/uploads\/sites\/3\/IMG_0153bf.jpg","type":"image\/jpeg"}],"author":"manuelamerz","twitter_misc":{"Verfasst von":"manuelamerz","Gesch\u00e4tzte Lesezeit":"1\u00a0Minute"},"schema":{"@context":"https:\/\/schema.org","@graph":[{"@type":"WebPage","@id":"https:\/\/www.naturparkmagazin.de\/vdn\/natur-erleben-kaufland-ermoeglicht-deutschlandweit-klassenfahrten-in-naturparke\/","url":"https:\/\/www.naturparkmagazin.de\/vdn\/natur-erleben-kaufland-ermoeglicht-deutschlandweit-klassenfahrten-in-naturparke\/","name":"\u201eNatur erleben\u201c \u2013 Kaufland erm\u00f6glicht deutschlandweit Klassenfahrten in Naturparke","isPartOf":{"@id":"https:\/\/www.naturparkmagazin.de\/vdn\/#website"},"datePublished":"2018-04-16T08:16:53+00:00","dateModified":"2018-04-25T09:36:28+00:00","author":{"@id":"https:\/\/www.naturparkmagazin.de\/vdn\/#\/schema\/person\/3cff9b8773ed55f0189255fa9adfd57c"},"description":"Eine sechste Klasse der Heinrich-Heine-Realschule Plus ging am 10. April auf Klassenfahrt in den Naturpark Rhein-Westerwald. Sie war die erste von mindestens 50 Schulklassen, die am Projekt teilnehmen.","breadcrumb":{"@id":"https:\/\/www.naturparkmagazin.de\/vdn\/natur-erleben-kaufland-ermoeglicht-deutschlandweit-klassenfahrten-in-naturparke\/#breadcrumb"},"inLanguage":"de","potentialAction":[{"@type":"ReadAction","target":["https:\/\/www.naturparkmagazin.de\/vdn\/natur-erleben-kaufland-ermoeglicht-deutschlandweit-klassenfahrten-in-naturparke\/"]}]},{"@type":"BreadcrumbList","@id":"https:\/\/www.naturparkmagazin.de\/vdn\/natur-erleben-kaufland-ermoeglicht-deutschlandweit-klassenfahrten-in-naturparke\/#breadcrumb","itemListElement":[{"@type":"ListItem","position":1,"name":"Home","item":"https:\/\/www.naturparkmagazin.de\/vdn\/"},{"@type":"ListItem","position":2,"name":"\u201eNatur erleben\u201c \u2013 Kaufland erm\u00f6glicht deutschlandweit Klassenfahrten in Naturparke"}]},{"@type":"WebSite","@id":"https:\/\/www.naturparkmagazin.de\/vdn\/#website","url":"https:\/\/www.naturparkmagazin.de\/vdn\/","name":"Verband Deutscher Naturparke","description":"Eine weitere Naturparkmagazin.de Netzwerk Seite","potentialAction":[{"@type":"SearchAction","target":{"@type":"EntryPoint","urlTemplate":"https:\/\/www.naturparkmagazin.de\/vdn\/?s={search_term_string}"},"query-input":"required name=search_term_string"}],"inLanguage":"de"},{"@type":"Person","@id":"https:\/\/www.naturparkmagazin.de\/vdn\/#\/schema\/person\/3cff9b8773ed55f0189255fa9adfd57c","name":"manuelamerz","url":"https:\/\/www.naturparkmagazin.de\/vdn\/author\/manuelamerz\/"}]}},"_links":{"self":[{"href":"https:\/\/www.naturparkmagazin.de\/vdn\/wp-json\/wp\/v2\/posts\/9971"}],"collection":[{"href":"https:\/\/www.naturparkmagazin.de\/vdn\/wp-json\/wp\/v2\/posts"}],"about":[{"href":"https:\/\/www.naturparkmagazin.de\/vdn\/wp-json\/wp\/v2\/types\/post"}],"author":[{"embeddable":true,"href":"https:\/\/www.naturparkmagazin.de\/vdn\/wp-json\/wp\/v2\/users\/73"}],"replies":[{"embeddable":true,"href":"https:\/\/www.naturparkmagazin.de\/vdn\/wp-json\/wp\/v2\/comments?post=9971"}],"version-history":[{"count":3,"href":"https:\/\/www.naturparkmagazin.de\/vdn\/wp-json\/wp\/v2\/posts\/9971\/revisions"}],"predecessor-version":[{"id":9977,"href":"https:\/\/www.naturparkmagazin.de\/vdn\/wp-json\/wp\/v2\/posts\/9971\/revisions\/9977"}],"wp:featuredmedia":[{"embeddable":true,"href":"https:\/\/www.naturparkmagazin.de\/vdn\/wp-json\/wp\/v2\/media\/9973"}],"wp:attachment":[{"href":"https:\/\/www.naturparkmagazin.de\/vdn\/wp-json\/wp\/v2\/media?parent=9971"}],"wp:term":[{"taxonomy":"category","embeddable":true,"href":"https:\/\/www.naturparkmagazin.de\/vdn\/wp-json\/wp\/v2\/categories?post=9971"},{"taxonomy":"post_tag","embeddable":true,"href":"https:\/\/www.naturparkmagazin.de\/vdn\/wp-json\/wp\/v2\/tags?post=9971"}],"curies":[{"name":"wp","href":"https:\/\/api.w.org\/{rel}","templated":true}]}}