{"id":9978,"date":"2018-04-16T11:43:06","date_gmt":"2018-04-16T09:43:06","guid":{"rendered":"http:\/\/www.naturparkmagazin.de\/vdn\/?p=9978"},"modified":"2018-04-13T15:20:51","modified_gmt":"2018-04-13T13:20:51","slug":"wiesen-weiden-schutz-nutzung","status":"publish","type":"post","link":"https:\/\/www.naturparkmagazin.de\/vdn\/wiesen-weiden-schutz-nutzung\/","title":{"rendered":"Wiesen + Weiden, Schutz + Nutzung"},"content":{"rendered":"<div id=\"attachment_9981\" style=\"width: 510px\" class=\"wp-caption alignnone\"><a href=\"https:\/\/www.naturparkmagazin.de\/vdn\/wp-content\/uploads\/sites\/3\/Viehtrift_m_Tieren_u_Sch\u00e4fer_red_0218b.jpg\"><img aria-describedby=\"caption-attachment-9981\" decoding=\"async\" loading=\"lazy\" class=\"size-full wp-image-9981\" src=\"https:\/\/www.naturparkmagazin.de\/vdn\/wp-content\/uploads\/sites\/3\/Viehtrift_m_Tieren_u_Sch\u00e4fer_red_0218b.jpg\" alt=\"Viehtrift mit Tieren und Sch\u00e4fer \u00a9 Naturpark Solling-Vogler\" width=\"500\" height=\"300\" srcset=\"https:\/\/www.naturparkmagazin.de\/vdn\/wp-content\/uploads\/sites\/3\/Viehtrift_m_Tieren_u_Sch\u00e4fer_red_0218b.jpg 500w, https:\/\/www.naturparkmagazin.de\/vdn\/wp-content\/uploads\/sites\/3\/Viehtrift_m_Tieren_u_Sch\u00e4fer_red_0218b-300x180.jpg 300w, https:\/\/www.naturparkmagazin.de\/vdn\/wp-content\/uploads\/sites\/3\/Viehtrift_m_Tieren_u_Sch\u00e4fer_red_0218b-200x120.jpg 200w\" sizes=\"(max-width: 500px) 100vw, 500px\" \/><\/a><p id=\"caption-attachment-9981\" class=\"wp-caption-text\">Viehtrift mit Tieren und Sch\u00e4fer \u00a9 Naturpark Solling-Vogler<\/p><\/div>\n<p>Thema der Wanderung ist die Wiederbelebung wertvoller Fl\u00e4chen durch die Schafbeweidung der ehemaligen Hammeltrift auf dem R\u00fccken des Burgbergs. Die Fl\u00e4che dient dem Naturschutz, insbesondere dem Artenschutz vom Aussterben bedrohter Arten wie dem Scheckenfalter und dem Frauenschuh.<\/p>\n<p>Es wird eine Schafherde \u201ebei der Arbeit\u201c besucht und entsprechende Erl\u00e4uterungen gegeben. Leitung Erika Voss vom Naturpark Solling-Vogler. Festes Schuhwerk wird empfohlen.<\/p>\n<p><strong>Preise:<\/strong>\u00a0Erwachsene 4,00 \u20ac, Kinder 2,00 \u20ac<\/p>\n<p><strong>Infos und Anmeldung:\u00a0<\/strong>Naturpark Solling-Vogler, Tel. 05536 1313<\/p>\n<p>Ort: n\u00e4he Warbsen, wird 2 Wochen vor Termin genau bekannt gegeben, 10.00 Uhr<\/p>\n<div id=\"attachment_9983\" style=\"width: 510px\" class=\"wp-caption alignnone\"><a href=\"https:\/\/www.naturparkmagazin.de\/vdn\/wp-content\/uploads\/sites\/3\/IMGP5342_Scheckenfalter-an-Margarite_Hoppeb.jpg\"><img aria-describedby=\"caption-attachment-9983\" decoding=\"async\" loading=\"lazy\" class=\"size-full wp-image-9983\" src=\"https:\/\/www.naturparkmagazin.de\/vdn\/wp-content\/uploads\/sites\/3\/IMGP5342_Scheckenfalter-an-Margarite_Hoppeb.jpg\" alt=\"Scheckenfalter an Margarite \u00a9 Hoppe\" width=\"500\" height=\"300\" srcset=\"https:\/\/www.naturparkmagazin.de\/vdn\/wp-content\/uploads\/sites\/3\/IMGP5342_Scheckenfalter-an-Margarite_Hoppeb.jpg 500w, https:\/\/www.naturparkmagazin.de\/vdn\/wp-content\/uploads\/sites\/3\/IMGP5342_Scheckenfalter-an-Margarite_Hoppeb-300x180.jpg 300w, https:\/\/www.naturparkmagazin.de\/vdn\/wp-content\/uploads\/sites\/3\/IMGP5342_Scheckenfalter-an-Margarite_Hoppeb-200x120.jpg 200w\" sizes=\"(max-width: 500px) 100vw, 500px\" \/><\/a><p id=\"caption-attachment-9983\" class=\"wp-caption-text\">Scheckenfalter an Margarite \u00a9 Hoppe<\/p><\/div>\n<p>&nbsp;<\/p>\n","protected":false},"excerpt":{"rendered":"<p>Eine gef\u00fchrte Exkursion im Naturpark Solling-Vogler am 26. Mai mit dem Thema \u201aWiederbelebung durch Schafbeweidung\u2018 unter der Leitung von Erika Voss<\/p>\n","protected":false},"author":73,"featured_media":9980,"comment_status":"open","ping_status":"open","sticky":false,"template":"","format":"standard","meta":{"_links_to":"","_links_to_target":""},"categories":[617],"tags":[670,1134,1107,470,1133],"yoast_head":"<!-- This site is optimized with the Yoast SEO plugin v19.10 - https:\/\/yoast.com\/wordpress\/plugins\/seo\/ -->\n<title>Wiesen + Weiden, Schutz + Nutzung<\/title>\n<meta name=\"description\" content=\"Eine gef\u00fchrte Exkursion im Naturpark Solling-Vogler am 26. Mai mit dem Thema \u201aWiederbelebung durch Schafbeweidung\u2018 unter der Leitung von Erika Voss\" \/>\n<meta name=\"robots\" content=\"index, follow, max-snippet:-1, max-image-preview:large, max-video-preview:-1\" \/>\n<link rel=\"canonical\" href=\"https:\/\/www.naturparkmagazin.de\/vdn\/wiesen-weiden-schutz-nutzung\/\" \/>\n<meta property=\"og:locale\" content=\"de_DE\" \/>\n<meta property=\"og:type\" content=\"article\" \/>\n<meta property=\"og:title\" content=\"Wiesen + Weiden, Schutz + Nutzung\" \/>\n<meta property=\"og:description\" content=\"Eine gef\u00fchrte Exkursion im Naturpark Solling-Vogler am 26. Mai mit dem Thema \u201aWiederbelebung durch Schafbeweidung\u2018 unter der Leitung von Erika Voss\" \/>\n<meta property=\"og:url\" content=\"https:\/\/www.naturparkmagazin.de\/vdn\/wiesen-weiden-schutz-nutzung\/\" \/>\n<meta property=\"og:site_name\" content=\"Verband Deutscher Naturparke\" \/>\n<meta property=\"article:published_time\" content=\"2018-04-16T09:43:06+00:00\" \/>\n<meta property=\"article:modified_time\" content=\"2018-04-13T13:20:51+00:00\" \/>\n<meta property=\"og:image\" content=\"https:\/\/www.naturparkmagazin.de\/vdn\/wp-content\/uploads\/sites\/3\/Viehtrift_m_Tieren_u_Sch\u00e4fer_red_0218bf.jpg\" \/>\n\t<meta property=\"og:image:width\" content=\"200\" \/>\n\t<meta property=\"og:image:height\" content=\"200\" \/>\n\t<meta property=\"og:image:type\" content=\"image\/jpeg\" \/>\n<meta name=\"author\" content=\"manuelamerz\" \/>\n<meta name=\"twitter:label1\" content=\"Verfasst von\" \/>\n\t<meta name=\"twitter:data1\" content=\"manuelamerz\" \/>\n\t<meta name=\"twitter:label2\" content=\"Gesch\u00e4tzte Lesezeit\" \/>\n\t<meta name=\"twitter:data2\" content=\"1\u00a0Minute\" \/>\n<script type=\"application\/ld+json\" class=\"yoast-schema-graph\">{\"@context\":\"https:\/\/schema.org\",\"@graph\":[{\"@type\":\"WebPage\",\"@id\":\"https:\/\/www.naturparkmagazin.de\/vdn\/wiesen-weiden-schutz-nutzung\/\",\"url\":\"https:\/\/www.naturparkmagazin.de\/vdn\/wiesen-weiden-schutz-nutzung\/\",\"name\":\"Wiesen + Weiden, Schutz + Nutzung\",\"isPartOf\":{\"@id\":\"https:\/\/www.naturparkmagazin.de\/vdn\/#website\"},\"datePublished\":\"2018-04-16T09:43:06+00:00\",\"dateModified\":\"2018-04-13T13:20:51+00:00\",\"author\":{\"@id\":\"https:\/\/www.naturparkmagazin.de\/vdn\/#\/schema\/person\/3cff9b8773ed55f0189255fa9adfd57c\"},\"description\":\"Eine gef\u00fchrte Exkursion im Naturpark Solling-Vogler am 26. Mai mit dem Thema \u201aWiederbelebung durch Schafbeweidung\u2018 unter der Leitung von Erika Voss\",\"breadcrumb\":{\"@id\":\"https:\/\/www.naturparkmagazin.de\/vdn\/wiesen-weiden-schutz-nutzung\/#breadcrumb\"},\"inLanguage\":\"de\",\"potentialAction\":[{\"@type\":\"ReadAction\",\"target\":[\"https:\/\/www.naturparkmagazin.de\/vdn\/wiesen-weiden-schutz-nutzung\/\"]}]},{\"@type\":\"BreadcrumbList\",\"@id\":\"https:\/\/www.naturparkmagazin.de\/vdn\/wiesen-weiden-schutz-nutzung\/#breadcrumb\",\"itemListElement\":[{\"@type\":\"ListItem\",\"position\":1,\"name\":\"Home\",\"item\":\"https:\/\/www.naturparkmagazin.de\/vdn\/\"},{\"@type\":\"ListItem\",\"position\":2,\"name\":\"Wiesen + Weiden, Schutz + Nutzung\"}]},{\"@type\":\"WebSite\",\"@id\":\"https:\/\/www.naturparkmagazin.de\/vdn\/#website\",\"url\":\"https:\/\/www.naturparkmagazin.de\/vdn\/\",\"name\":\"Verband Deutscher Naturparke\",\"description\":\"Eine weitere Naturparkmagazin.de Netzwerk Seite\",\"potentialAction\":[{\"@type\":\"SearchAction\",\"target\":{\"@type\":\"EntryPoint\",\"urlTemplate\":\"https:\/\/www.naturparkmagazin.de\/vdn\/?s={search_term_string}\"},\"query-input\":\"required name=search_term_string\"}],\"inLanguage\":\"de\"},{\"@type\":\"Person\",\"@id\":\"https:\/\/www.naturparkmagazin.de\/vdn\/#\/schema\/person\/3cff9b8773ed55f0189255fa9adfd57c\",\"name\":\"manuelamerz\",\"url\":\"https:\/\/www.naturparkmagazin.de\/vdn\/author\/manuelamerz\/\"}]}<\/script>\n<!-- \/ Yoast SEO plugin. -->","yoast_head_json":{"title":"Wiesen + Weiden, Schutz + Nutzung","description":"Eine gef\u00fchrte Exkursion im Naturpark Solling-Vogler am 26. Mai mit dem Thema \u201aWiederbelebung durch Schafbeweidung\u2018 unter der Leitung von Erika Voss","robots":{"index":"index","follow":"follow","max-snippet":"max-snippet:-1","max-image-preview":"max-image-preview:large","max-video-preview":"max-video-preview:-1"},"canonical":"https:\/\/www.naturparkmagazin.de\/vdn\/wiesen-weiden-schutz-nutzung\/","og_locale":"de_DE","og_type":"article","og_title":"Wiesen + Weiden, Schutz + Nutzung","og_description":"Eine gef\u00fchrte Exkursion im Naturpark Solling-Vogler am 26. Mai mit dem Thema \u201aWiederbelebung durch Schafbeweidung\u2018 unter der Leitung von Erika Voss","og_url":"https:\/\/www.naturparkmagazin.de\/vdn\/wiesen-weiden-schutz-nutzung\/","og_site_name":"Verband Deutscher Naturparke","article_published_time":"2018-04-16T09:43:06+00:00","article_modified_time":"2018-04-13T13:20:51+00:00","og_image":[{"width":200,"height":200,"url":"https:\/\/www.naturparkmagazin.de\/vdn\/wp-content\/uploads\/sites\/3\/Viehtrift_m_Tieren_u_Sch\u00e4fer_red_0218bf.jpg","type":"image\/jpeg"}],"author":"manuelamerz","twitter_misc":{"Verfasst von":"manuelamerz","Gesch\u00e4tzte Lesezeit":"1\u00a0Minute"},"schema":{"@context":"https:\/\/schema.org","@graph":[{"@type":"WebPage","@id":"https:\/\/www.naturparkmagazin.de\/vdn\/wiesen-weiden-schutz-nutzung\/","url":"https:\/\/www.naturparkmagazin.de\/vdn\/wiesen-weiden-schutz-nutzung\/","name":"Wiesen + Weiden, Schutz + Nutzung","isPartOf":{"@id":"https:\/\/www.naturparkmagazin.de\/vdn\/#website"},"datePublished":"2018-04-16T09:43:06+00:00","dateModified":"2018-04-13T13:20:51+00:00","author":{"@id":"https:\/\/www.naturparkmagazin.de\/vdn\/#\/schema\/person\/3cff9b8773ed55f0189255fa9adfd57c"},"description":"Eine gef\u00fchrte Exkursion im Naturpark Solling-Vogler am 26. Mai mit dem Thema \u201aWiederbelebung durch Schafbeweidung\u2018 unter der Leitung von Erika Voss","breadcrumb":{"@id":"https:\/\/www.naturparkmagazin.de\/vdn\/wiesen-weiden-schutz-nutzung\/#breadcrumb"},"inLanguage":"de","potentialAction":[{"@type":"ReadAction","target":["https:\/\/www.naturparkmagazin.de\/vdn\/wiesen-weiden-schutz-nutzung\/"]}]},{"@type":"BreadcrumbList","@id":"https:\/\/www.naturparkmagazin.de\/vdn\/wiesen-weiden-schutz-nutzung\/#breadcrumb","itemListElement":[{"@type":"ListItem","position":1,"name":"Home","item":"https:\/\/www.naturparkmagazin.de\/vdn\/"},{"@type":"ListItem","position":2,"name":"Wiesen + Weiden, Schutz + Nutzung"}]},{"@type":"WebSite","@id":"https:\/\/www.naturparkmagazin.de\/vdn\/#website","url":"https:\/\/www.naturparkmagazin.de\/vdn\/","name":"Verband Deutscher Naturparke","description":"Eine weitere Naturparkmagazin.de Netzwerk Seite","potentialAction":[{"@type":"SearchAction","target":{"@type":"EntryPoint","urlTemplate":"https:\/\/www.naturparkmagazin.de\/vdn\/?s={search_term_string}"},"query-input":"required name=search_term_string"}],"inLanguage":"de"},{"@type":"Person","@id":"https:\/\/www.naturparkmagazin.de\/vdn\/#\/schema\/person\/3cff9b8773ed55f0189255fa9adfd57c","name":"manuelamerz","url":"https:\/\/www.naturparkmagazin.de\/vdn\/author\/manuelamerz\/"}]}},"_links":{"self":[{"href":"https:\/\/www.naturparkmagazin.de\/vdn\/wp-json\/wp\/v2\/posts\/9978"}],"collection":[{"href":"https:\/\/www.naturparkmagazin.de\/vdn\/wp-json\/wp\/v2\/posts"}],"about":[{"href":"https:\/\/www.naturparkmagazin.de\/vdn\/wp-json\/wp\/v2\/types\/post"}],"author":[{"embeddable":true,"href":"https:\/\/www.naturparkmagazin.de\/vdn\/wp-json\/wp\/v2\/users\/73"}],"replies":[{"embeddable":true,"href":"https:\/\/www.naturparkmagazin.de\/vdn\/wp-json\/wp\/v2\/comments?post=9978"}],"version-history":[{"count":3,"href":"https:\/\/www.naturparkmagazin.de\/vdn\/wp-json\/wp\/v2\/posts\/9978\/revisions"}],"predecessor-version":[{"id":9984,"href":"https:\/\/www.naturparkmagazin.de\/vdn\/wp-json\/wp\/v2\/posts\/9978\/revisions\/9984"}],"wp:featuredmedia":[{"embeddable":true,"href":"https:\/\/www.naturparkmagazin.de\/vdn\/wp-json\/wp\/v2\/media\/9980"}],"wp:attachment":[{"href":"https:\/\/www.naturparkmagazin.de\/vdn\/wp-json\/wp\/v2\/media?parent=9978"}],"wp:term":[{"taxonomy":"category","embeddable":true,"href":"https:\/\/www.naturparkmagazin.de\/vdn\/wp-json\/wp\/v2\/categories?post=9978"},{"taxonomy":"post_tag","embeddable":true,"href":"https:\/\/www.naturparkmagazin.de\/vdn\/wp-json\/wp\/v2\/tags?post=9978"}],"curies":[{"name":"wp","href":"https:\/\/api.w.org\/{rel}","templated":true}]}}